{"id":397245,"date":"2022-10-01T22:01:00","date_gmt":"2022-10-01T22:01:00","guid":{"rendered":"https:\/\/dimensionturistica.com\/es\/?p=397245"},"modified":"2022-10-01T22:01:01","modified_gmt":"2022-10-01T22:01:01","slug":"japon-levanta-las-restricciones-al-turismo-a-partir-de-octubre","status":"publish","type":"post","link":"https:\/\/dimensionturistica.com\/es\/japon-levanta-las-restricciones-al-turismo-a-partir-de-octubre\/","title":{"rendered":"Jap\u00f3n levanta las restricciones al turismo a partir de octubre"},"content":{"rendered":"<p> <br \/>\n<\/p>\n<div id=\"article-sumary\">\n<div class=\"article-txt ad-mobile-top\">\n<p>Despu\u00e9s de que a inicios de septiembre <a rel=\"nofollow noopener\" target=\"_blank\" href=\"https:\/\/viajes.nationalgeographic.com.es\/lifestyle\/japon-vuelve-a-permitir-viajes-individuales_18246\">Jap\u00f3n volviera a permitir los viajes individuales<\/a> y dejara de exigir una prueba PCR para entrar al pa\u00eds, <strong>ahora levanta el resto de restricciones, incluido el l\u00edmite de llegadas diarias. <\/strong>As\u00ed lo anunci\u00f3 el primer ministro, Fumio Kishida, en rueda de prensa el pasado jueves ante la necesidad de impulsar el sector:\u00a0&#8220;Jap\u00f3n relajar\u00e1 las\u00a0medidas de control fronterizo\u00a0para estar\u00a0a la par con Estados Unidos, adem\u00e1s de reanudar los viajes sin visado y los viajes individuales&#8221;.<\/p>\n<p>\u00a0<\/p>\n<\/div>\n<\/div>\n<div id=\"article-text\">\n<div class=\"txt\">\n<aside class=\"subscription-highlighted\">\n<div class=\"subscription-container\">\n<div class=\"non-subscribed\">\n<p class=\"description\">Somos de rutas, no de rutinas. Descubre Viajes Nationwide Geographic<\/p>\n<p><a rel=\"nofollow noopener\" target=\"_blank\" href=\"https:\/\/tienda.rbarevistas.com\/por-que-viajes-national-geographic.html?rba_source=viajes.nationalgeographic.com.es&amp;rba_medium=referral&amp;rba_campaign=NGMV&amp;rba_content=frase-articulo\" class=\"more-link\">SABER M\u00c1S<\/a><\/div>\n<\/div>\n<\/aside>\n<p style=\"display: none;\"><img decoding=\"async\" id=\"ctl01_ctl00_phMain_phMain_ctl00_ctl02_ctl17_ctl01_imgContent\" src=\"https:\/\/viajes.nationalgeographic.com.es\/medio\/2022\/09\/23\/osaka_60a5b4f0_800x800.jpg\" alt=\"Osaka\" style=\"border-width:0px;\"\/><\/p>\n<aside class=\"add300x250 publi-interior-top ad-container-r1 ad-inline\"\/>\n<p>Lo har\u00e1 el 11 de octubre, cuando Jap\u00f3n deje atr\u00e1s las restricciones que impuso desde el inicio de la pandemia y que, poco a poco, hab\u00eda empezado a relajar. Tras casi dos a\u00f1os y medio de estrictas regulaciones para visitar el pa\u00eds, este verano permiti\u00f3 los viajes en grupo y en septiembre la posibilidad de moverse por el pa\u00eds sin gu\u00eda, aunque segu\u00eda limit\u00e1ndolo a aquellos que organizaran su estad\u00eda a trav\u00e9s de una agencia que les ayudara a conseguir el visado.<\/p>\n<p>&#8220;A partir del 11 de octubre vamos a quitar el l\u00edmite del n\u00famero de entradas al pa\u00eds y tambi\u00e9n abriremos a los viajes individuales y sin visado&#8221;, dijo Kishida durante su participaci\u00f3n en la Asamblea Basic de las Naciones Unidas. Estas nuevas medidas ir\u00e1n acompa\u00f1adas de una campa\u00f1a de promoci\u00f3n tur\u00edstica que reimpulse el sector despu\u00e9s de dos a\u00f1os y medio.<\/p>\n<p>Asimismo, la reapertura del pasado 10 de junio se hac\u00eda con un l\u00edmite diario de viajeros que no superara los 20.000. En septiembre lleg\u00f3 a los 50.000, pero a partir del 11 de octubre, eliminar\u00e1 toda restricci\u00f3n de entrada. <strong>Tampoco se exige ninguna prueba PCR negativa a los viajeros vacunados que lleguen a Jap\u00f3n.<\/strong> Si no se tiene la pauta completa de vacunaci\u00f3n, seguir\u00e1 siendo necesario realizar la prueba en las 72 horas previas al viaje.<\/p>\n<p>A ra\u00edz de la pandemia, el Gobierno japon\u00e9s hab\u00eda suspendido la exenci\u00f3n de visados de corta duraci\u00f3n, de hasta 3 meses, que manten\u00eda con un complete de 68 pa\u00edses. Ahora, quedar\u00e1n restablecidos, permitiendo a estos viajeros visitar libremente el pa\u00eds.<\/p>\n<aside class=\"add300x600 publi-interior-bot ad-inline ad-container-r2\"\/><\/div>\n<p><!-- START: tags-rel  --><!-- END: tags-rel   --><br \/>\n<!-- START:toolbar --><!-- END:toolbar --><\/div>\n\n<p><em> &#8221; Fuentes viajes.nationalgeographic.com.es &#8221; <\/em><\/p>\n","protected":false},"excerpt":{"rendered":"<p>Despu\u00e9s de que a inicios de septiembre Jap\u00f3n volviera a permitir los viajes individuales y dejara de exigir una prueba PCR para entrar al pa\u00eds, ahora levanta el resto de restricciones, incluido el l\u00edmite de llegadas diarias. As\u00ed lo anunci\u00f3 el primer ministro, Fumio Kishida, en rueda de prensa el pasado jueves ante la necesidad [&hellip;]<\/p>\n","protected":false},"author":4,"featured_media":397246,"comment_status":"open","ping_status":"closed","sticky":false,"template":"","format":"standard","meta":{"om_disable_all_campaigns":false,"jnews-multi-image_gallery":[],"jnews_single_post":[],"jnews_primary_category":[],"jnews_social_meta":[],"footnotes":""},"categories":[39],"tags":[47258,47257],"class_list":["post-397245","post","type-post","status-publish","format-standard","has-post-thumbnail","hentry","category-viajes","tag-cargado-desde-el-fichero-de-recursos","tag-keywords-por-defecto"],"_links":{"self":[{"href":"https:\/\/dimensionturistica.com\/es\/wp-json\/wp\/v2\/posts\/397245","targetHints":{"allow":["GET"]}}],"collection":[{"href":"https:\/\/dimensionturistica.com\/es\/wp-json\/wp\/v2\/posts"}],"about":[{"href":"https:\/\/dimensionturistica.com\/es\/wp-json\/wp\/v2\/types\/post"}],"author":[{"embeddable":true,"href":"https:\/\/dimensionturistica.com\/es\/wp-json\/wp\/v2\/users\/4"}],"replies":[{"embeddable":true,"href":"https:\/\/dimensionturistica.com\/es\/wp-json\/wp\/v2\/comments?post=397245"}],"version-history":[{"count":0,"href":"https:\/\/dimensionturistica.com\/es\/wp-json\/wp\/v2\/posts\/397245\/revisions"}],"wp:featuredmedia":[{"embeddable":true,"href":"https:\/\/dimensionturistica.com\/es\/wp-json\/wp\/v2\/media\/397246"}],"wp:attachment":[{"href":"https:\/\/dimensionturistica.com\/es\/wp-json\/wp\/v2\/media?parent=397245"}],"wp:term":[{"taxonomy":"category","embeddable":true,"href":"https:\/\/dimensionturistica.com\/es\/wp-json\/wp\/v2\/categories?post=397245"},{"taxonomy":"post_tag","embeddable":true,"href":"https:\/\/dimensionturistica.com\/es\/wp-json\/wp\/v2\/tags?post=397245"}],"curies":[{"name":"wp","href":"https:\/\/api.w.org\/{rel}","templated":true}]}}