{"id":396923,"date":"2022-10-01T04:11:17","date_gmt":"2022-10-01T04:11:17","guid":{"rendered":"https:\/\/dimensionturistica.com\/es\/?p=396923"},"modified":"2022-10-01T04:11:17","modified_gmt":"2022-10-01T04:11:17","slug":"igualdad-sube-otro-20-el-precio-de-los-viajes-del-imserso-valenciano-al-quedar-desierta-la-licitacion","status":"publish","type":"post","link":"https:\/\/dimensionturistica.com\/es\/igualdad-sube-otro-20-el-precio-de-los-viajes-del-imserso-valenciano-al-quedar-desierta-la-licitacion\/","title":{"rendered":"Igualdad sube otro 20% el precio de los viajes del &#8216;Imserso valenciano&#8217; al quedar desierta la licitaci\u00f3n"},"content":{"rendered":"<p> <br \/>\n<\/p>\n<div>\n<p>VAL\u00c8NCIA. La Conselleria de Igualdad subir\u00e1 otro 20% el presupuesto de cada plaza del programa de vacaciones sociales para personas mayores tras quedar desierta la licitaci\u00f3n. As\u00ed lo apuntan desde el departamento de <strong>Aitana Mas<\/strong>, quienes explican que ya se subi\u00f3 un 20%, pero que la guerra de Ucrania ha terminado por disparar los costes.\u00a0<\/p>\n<p>El concurso, con un presupuesto de alrededor de 12 millones de euros, consta de dos modalidades. Por un lado, un programa que consiste en la estancia durante 8 d\u00edas en hoteles de la Comunitat Valenciana en r\u00e9gimen de pensi\u00f3n completa con programas de animaci\u00f3n. Tambi\u00e9n el traslado, ida y vuelta desde la capital de la provincia donde resida la persona beneficiaria. Para \u00e9ste, estaban previstas 18.000 plazas anuales.\u00a0<\/p>\n<p>La segunda modalidad, con una previsi\u00f3n de 2.000 plazas anuales, est\u00e1 centrada en las rutas &#8216;Viu la teua terreta&#8217;, de 3 d\u00edas (2 noches) e incluyen la estancia en hoteles, como m\u00ednimo de 3 estrellas, en r\u00e9gimen de media pensi\u00f3n. Tambi\u00e9n se incluyen los almuerzos en ruta y el transporte desde la capital de cada una de las provincias y durante los d\u00edas que dura la estancia para facilitar a las personas mayores el conocimiento y la aproximaci\u00f3n a su realidad cultural.<\/p>\n<h4>15.500 solicitudes para 2022-2023<\/h4>\n<p>Ahora, para poder adaptarse a los precios de mercado, marcados por la subida de costes en la estancia hotelera, han decidido mantener el presupuesto pero reducir el n\u00famero de plazas ofertadas. Para ello, en la anualidad de 2023, han pasado de 20.000 a 18.000, una cuesti\u00f3n que tendr\u00e1 que ser rectificada en los pliegos. Sin embargo, se\u00f1alan que no habr\u00e1 problema con la demanda, ya que las solicitudes para la campa\u00f1a 2022-2023 han sido de 15.500.\u00a0<\/p>\n<p><img decoding=\"async\" src=\"https:\/\/valenciaplaza.com\/public\/Image\/2022\/9\/Capturadepantalla2022-09-29alas17.57.13.png_forCrop.jpg\" class=\"fr-fic fr-dib\" alt=\"Aitana Mas. Foto KIKE TABERNER\"\/><\/p>\n<p>&#8220;Se cubren las solicitudes y se aumentan los precios con el mismo presupuesto, adem\u00e1s de no paralizar el proceso porque al ser un cambio de precio, el contrato no tiene que pasar todo el tr\u00e1mite&#8221;, explican. No obstante, el programa -que se reanudaba este oto\u00f1o tras dos a\u00f1os aplazado por la covid- sigue sin estar adjudicado, por lo que a priori, por el momento, no podr\u00e1 prestarse el servicio.<\/p>\n<h4>Un programa con convocatoria anual<\/h4>\n<p>El departamento de Igualdad y Pol\u00edticas Inclusivas convoca anualmente el programa para que las personas mayores disfruten de un periodo vacacional con la posibilidad de conocer diferentes rincones tur\u00edsticos de la Comunitat Valenciana, al mismo tiempo que se fomenta el intercambio social y cultural. \u00c9ste se puso en marcha en 2009 y recuerda a los conocidos viajes del Imserso.\u00a0<\/p>\n<p>Otro objetivo, al margen de favorecer la sociabilidad de los mayores, es favorecer la actividad tur\u00edstica durante todo el a\u00f1o y, por lo tanto, la creaci\u00f3n y mantenimiento del empleo en el sector durante la temporada baja. Sin embargo, los precios -como se apuntaba- no han generado ning\u00fan inter\u00e9s por el momento en las compa\u00f1\u00edas.\u00a0<\/p>\n<\/div>\n\n<p><em> &#8221; Fuentes valenciaplaza.com &#8221; <\/em><\/p>\n","protected":false},"excerpt":{"rendered":"<p>VAL\u00c8NCIA. La Conselleria de Igualdad subir\u00e1 otro 20% el presupuesto de cada plaza del programa de vacaciones sociales para personas mayores tras quedar desierta la licitaci\u00f3n. As\u00ed lo apuntan desde el departamento de Aitana Mas, quienes explican que ya se subi\u00f3 un 20%, pero que la guerra de Ucrania ha terminado por disparar los costes.\u00a0 [&hellip;]<\/p>\n","protected":false},"author":4,"featured_media":396924,"comment_status":"open","ping_status":"closed","sticky":false,"template":"","format":"standard","meta":{"om_disable_all_campaigns":false,"jnews-multi-image_gallery":[],"jnews_single_post":[],"jnews_primary_category":[],"jnews_social_meta":[],"footnotes":""},"categories":[39],"tags":[30384,54494,54493],"class_list":["post-396923","post","type-post","status-publish","format-standard","has-post-thumbnail","hentry","category-viajes","tag-igualdad","tag-imserso-valenciano","tag-licitacin"],"_links":{"self":[{"href":"https:\/\/dimensionturistica.com\/es\/wp-json\/wp\/v2\/posts\/396923","targetHints":{"allow":["GET"]}}],"collection":[{"href":"https:\/\/dimensionturistica.com\/es\/wp-json\/wp\/v2\/posts"}],"about":[{"href":"https:\/\/dimensionturistica.com\/es\/wp-json\/wp\/v2\/types\/post"}],"author":[{"embeddable":true,"href":"https:\/\/dimensionturistica.com\/es\/wp-json\/wp\/v2\/users\/4"}],"replies":[{"embeddable":true,"href":"https:\/\/dimensionturistica.com\/es\/wp-json\/wp\/v2\/comments?post=396923"}],"version-history":[{"count":0,"href":"https:\/\/dimensionturistica.com\/es\/wp-json\/wp\/v2\/posts\/396923\/revisions"}],"wp:featuredmedia":[{"embeddable":true,"href":"https:\/\/dimensionturistica.com\/es\/wp-json\/wp\/v2\/media\/396924"}],"wp:attachment":[{"href":"https:\/\/dimensionturistica.com\/es\/wp-json\/wp\/v2\/media?parent=396923"}],"wp:term":[{"taxonomy":"category","embeddable":true,"href":"https:\/\/dimensionturistica.com\/es\/wp-json\/wp\/v2\/categories?post=396923"},{"taxonomy":"post_tag","embeddable":true,"href":"https:\/\/dimensionturistica.com\/es\/wp-json\/wp\/v2\/tags?post=396923"}],"curies":[{"name":"wp","href":"https:\/\/api.w.org\/{rel}","templated":true}]}}