{"id":396871,"date":"2022-09-30T23:15:46","date_gmt":"2022-09-30T23:15:46","guid":{"rendered":"https:\/\/dimensionturistica.com\/es\/?p=396871"},"modified":"2022-09-30T23:15:46","modified_gmt":"2022-09-30T23:15:46","slug":"una-veintena-de-agencias-de-viaje-de-la-costa-del-sol-visitan-lucena-en-el-dia-mundial-del-turismo","status":"publish","type":"post","link":"https:\/\/dimensionturistica.com\/es\/una-veintena-de-agencias-de-viaje-de-la-costa-del-sol-visitan-lucena-en-el-dia-mundial-del-turismo\/","title":{"rendered":"Una veintena de agencias de viaje de la Costa del Sol visitan Lucena en el D\u00eda Mundial del Turismo"},"content":{"rendered":"<p> <br \/>\n<\/p>\n<div itemprop=\"articleBody\">\n<p><span style=\"font-size: 14pt;\"><img decoding=\"async\" src=\"https:\/\/www.lucenadigital.com\/images\/noticias\/diamundialturismolucena2022.jpg\" alt=\"dia mundial turismo lucena 2022\" width=\"380\" height=\"285\" style=\"margin: 10px; float: left;\"\/>Con un desayuno molinero en plena V\u00eda Verde del Aceite para una veintena de agencias de viaje de la Costa del Sol, el Ayuntamiento de Lucena ha iniciado a primera hora la programaci\u00f3n especial por el D\u00eda Mundial del Turismo, que arranca este martes y que se prolongar\u00e1 durante esta semana con diferentes experiencias tur\u00edsticas.<\/span><\/p>\n<p>A la visita de los agentes profesionales de viajes, que completan su jornada de trabajo conociendo de la mano de la mancomunidad de la Subb\u00e9tica las diferentes rutas de turismo patrimonial, de naturaleza y ocio activo que se ofertan en la comarca, ha seguido la inauguraci\u00f3n en la Biblioteca Municipal de la exposici\u00f3n \u2018El Camino Moz\u00e1rabe del Camino de Santiago a su paso por Lucena\u2019, una muestra dise\u00f1ada por la Diputaci\u00f3n de C\u00f3rdoba para visibilizar el itinerario por caminos del t\u00e9rmino municipal.<\/p>\n<p>En la apertura de esta exposici\u00f3n fotogr\u00e1fica, el alcalde lucentino, Juan P\u00e9rez, y la concejala de Turismo, Teresa Alonso, han remarcado la participaci\u00f3n de Lucena en este D\u00eda Mundial del Turismo bajo el lema \u2018Repensar el turismo\u2019, un objetivo que se traza el sector tur\u00edstico en una evoluci\u00f3n clara \u201chacia modelos tur\u00edsticos m\u00e1s sostenibles, donde se antepongan las personas y los criterios ambientales al resto de argumentos\u201d.<\/p>\n<p>Si bien la consigna elegida por la Organizaci\u00f3n Mundial del Turismo es una invitaci\u00f3n al sector, a nivel internacional, a la adaptaci\u00f3n de los desaf\u00edos del cambio clim\u00e1tico, \u201cen Lucena tenemos que apoyar este objetivo mundial con unas propuestas de actividades cercanas al territorio, que insten a los viajeros a valorar nuestros recursos locales, sobre todo aquellos que son genuinos de nuestro territorio\u201d.<\/p>\n<p>Para este D\u00eda Mundial del Turismo, desde la Concejal\u00eda de Turismo se oferta la visita guiada gratuita al Castillo del Ethical y al Museo Arqueol\u00f3gico y Etnol\u00f3gico de Lucena, y una cata de aceites de la DOP Lucena en la propia Biblioteca Municipal, ampliando as\u00ed la lista de edificios culturales donde se desarrollan estos paseos guiados por los AOVEs locales a cargo del private de la denominaci\u00f3n de origen.<\/p>\n<p>Hasta el domingo se han proyectado igualmente pases especiales de las experiencias habituales en la Necr\u00f3polis Jud\u00eda y el Alfar Romano Los Tejares, as\u00ed como las rutas \u2018Lucena por sus barrios\u2019 y \u2018Lucena conventual y de patios\u2019. Completan la programaci\u00f3n una ruta senderista desde la pedan\u00eda de las Navas hasta el Cerro de las Puertas y la exposici\u00f3n \u2018Simbiosis del Tempranillo en las artes: escultura, pintura y vestuario\u2019, en Jauja.<\/p>\n<\/p><\/div>\n<p><script type=\"text\/javascript\">\n  window.fbAsyncInit = function() {\n    FB.init({version: 'v2.9',appId: '841239972915596', status: true, cookie: true, xfbml: true});\nFB.Event.subscribe('comment.create', jfbc.social.facebook.comment.create);\nFB.Event.subscribe('comment.remove', jfbc.social.facebook.comment.remove);\njfbc.social.googleAnalytics.trackFacebook();\nFB.Event.subscribe('auth.authResponseChange', function(response) {jfbc.login.facebook_onlogin();});\n  };\n  (function(d, s, id){\n     var js, fjs = d.getElementsByTagName(s)[0];\n     if (d.getElementById(id)) {return;}\n     js = d.createElement(s); js.id = id;\n     js.src = \"https:\/\/connect.facebook.net\/es_ES\/sdk.js\";\n     fjs.parentNode.insertBefore(js, fjs);\n   }(document, 'script', 'facebook-jssdk'));\n<\/script><br \/>\n<br \/><\/p>\n<p><em> &#8221; Fuentes www.lucenadigital.com &#8221; <\/em><\/p>\n","protected":false},"excerpt":{"rendered":"<p>Con un desayuno molinero en plena V\u00eda Verde del Aceite para una veintena de agencias de viaje de la Costa del Sol, el Ayuntamiento de Lucena ha iniciado a primera hora la programaci\u00f3n especial por el D\u00eda Mundial del Turismo, que arranca este martes y que se prolongar\u00e1 durante esta semana con diferentes experiencias tur\u00edsticas. [&hellip;]<\/p>\n","protected":false},"author":4,"featured_media":396872,"comment_status":"open","ping_status":"closed","sticky":false,"template":"","format":"standard","meta":{"om_disable_all_campaigns":false,"jnews-multi-image_gallery":[],"jnews_single_post":[],"jnews_primary_category":[],"jnews_social_meta":[],"footnotes":""},"categories":[40],"tags":[11714,54480,54481],"class_list":["post-396871","post","type-post","status-publish","format-standard","has-post-thumbnail","hentry","category-industria","tag-lucena","tag-lucena-digital","tag-lucena-prensa-digital"],"_links":{"self":[{"href":"https:\/\/dimensionturistica.com\/es\/wp-json\/wp\/v2\/posts\/396871","targetHints":{"allow":["GET"]}}],"collection":[{"href":"https:\/\/dimensionturistica.com\/es\/wp-json\/wp\/v2\/posts"}],"about":[{"href":"https:\/\/dimensionturistica.com\/es\/wp-json\/wp\/v2\/types\/post"}],"author":[{"embeddable":true,"href":"https:\/\/dimensionturistica.com\/es\/wp-json\/wp\/v2\/users\/4"}],"replies":[{"embeddable":true,"href":"https:\/\/dimensionturistica.com\/es\/wp-json\/wp\/v2\/comments?post=396871"}],"version-history":[{"count":0,"href":"https:\/\/dimensionturistica.com\/es\/wp-json\/wp\/v2\/posts\/396871\/revisions"}],"wp:featuredmedia":[{"embeddable":true,"href":"https:\/\/dimensionturistica.com\/es\/wp-json\/wp\/v2\/media\/396872"}],"wp:attachment":[{"href":"https:\/\/dimensionturistica.com\/es\/wp-json\/wp\/v2\/media?parent=396871"}],"wp:term":[{"taxonomy":"category","embeddable":true,"href":"https:\/\/dimensionturistica.com\/es\/wp-json\/wp\/v2\/categories?post=396871"},{"taxonomy":"post_tag","embeddable":true,"href":"https:\/\/dimensionturistica.com\/es\/wp-json\/wp\/v2\/tags?post=396871"}],"curies":[{"name":"wp","href":"https:\/\/api.w.org\/{rel}","templated":true}]}}