{"id":396727,"date":"2022-09-30T18:31:49","date_gmt":"2022-09-30T18:31:49","guid":{"rendered":"https:\/\/dimensionturistica.com\/es\/?p=396727"},"modified":"2022-09-30T18:31:49","modified_gmt":"2022-09-30T18:31:49","slug":"betterfly-se-compromete-con-la-carbono-neutralidad-en-el-global-citizen-festival-de-nueva-york","status":"publish","type":"post","link":"https:\/\/dimensionturistica.com\/es\/betterfly-se-compromete-con-la-carbono-neutralidad-en-el-global-citizen-festival-de-nueva-york\/","title":{"rendered":"Betterfly se compromete con la carbono neutralidad en el Global Citizen Festival de Nueva York"},"content":{"rendered":"<p>En su cruzada por generar un impacto social y medioambiental como elemento central de su negocio,<img decoding=\"async\" class=\"size-medium wp-image-396736 alignright\" src=\"https:\/\/dimensionturistica.com\/es\/wp-content\/uploads\/2022\/09\/image_64834411-225x300.jpg\" alt=\"\" width=\"225\" height=\"300\" srcset=\"https:\/\/dimensionturistica.com\/es\/wp-content\/uploads\/2022\/09\/image_64834411-225x300.jpg 225w, https:\/\/dimensionturistica.com\/es\/wp-content\/uploads\/2022\/09\/image_64834411-768x1024.jpg 768w, https:\/\/dimensionturistica.com\/es\/wp-content\/uploads\/2022\/09\/image_64834411-1152x1536.jpg 1152w, https:\/\/dimensionturistica.com\/es\/wp-content\/uploads\/2022\/09\/image_64834411-750x1000.jpg 750w, https:\/\/dimensionturistica.com\/es\/wp-content\/uploads\/2022\/09\/image_64834411-1140x1520.jpg 1140w, https:\/\/dimensionturistica.com\/es\/wp-content\/uploads\/2022\/09\/image_64834411.jpg 1200w\" sizes=\"(max-width: 225px) 100vw, 225px\" \/> Betterfly, la plataforma de beneficios que recompensa los h\u00e1bitos saludables de los colaboradores de las empresas con donaciones sociales y un seguro de vida que crece sin costo, anunci\u00f3 su compromiso para alcanzar la carbono neutralidad al a\u00f1o 2030.<br \/>\nDe esta manera, Betterfly se convierte en la primera insurtech en latinoam\u00e9rica en unirse a esta causa que busca que las empresas se comprometan a tener una huella de carbono equivalente a cero.<br \/>\nEl lugar elegido para realizar este anuncio fue el Global Citizen Festival 2022, el que conmemora su primera d\u00e9cada trabajando por el combate de la extrema pobreza a nivel mundial y fomentar otras causas sociales y medioambientales. El festival se celebr\u00f3, de forma simult\u00e1nea, en el Central Park de Nueva York y el Black Star Square Accra en Ghana y cont\u00f3 con actuaciones de reconocidos m\u00fasicos como Metallica, Rosal\u00eda,<img decoding=\"async\" class=\"size-medium wp-image-396737 alignright\" src=\"https:\/\/dimensionturistica.com\/es\/wp-content\/uploads\/2022\/09\/image_64834412-300x225.jpg\" alt=\"\" width=\"300\" height=\"225\" srcset=\"https:\/\/dimensionturistica.com\/es\/wp-content\/uploads\/2022\/09\/image_64834412-300x225.jpg 300w, https:\/\/dimensionturistica.com\/es\/wp-content\/uploads\/2022\/09\/image_64834412-1024x768.jpg 1024w, https:\/\/dimensionturistica.com\/es\/wp-content\/uploads\/2022\/09\/image_64834412-768x576.jpg 768w, https:\/\/dimensionturistica.com\/es\/wp-content\/uploads\/2022\/09\/image_64834412-1536x1152.jpg 1536w, https:\/\/dimensionturistica.com\/es\/wp-content\/uploads\/2022\/09\/image_64834412-750x563.jpg 750w, https:\/\/dimensionturistica.com\/es\/wp-content\/uploads\/2022\/09\/image_64834412-1140x855.jpg 1140w, https:\/\/dimensionturistica.com\/es\/wp-content\/uploads\/2022\/09\/image_64834412.jpg 2048w\" sizes=\"(max-width: 300px) 100vw, 300px\" \/> Mariah Carey y Jonas Brothers, entre otros, adem\u00e1s de la participaci\u00f3n de Priyanka Chopra.<br \/>\n\u201cTras meses de arduo trabajo y la construcci\u00f3n de un plan con acciones concretas para el corto, mediano y largo plazo que toda la comunidad de Betterfly est\u00e1 incorporando en su d\u00eda a d\u00eda, nos comprometimos a alcanzar la carbono neutralidad para el 2030. En Betterfly no s\u00f3lo estamos impactando positivamente la vida de las personas, sino que tambi\u00e9n tenemos un compromiso con el medioambiente. El de hoy es un paso m\u00e1s en ese sentido y esperamos que muchas otras empresas se sumen a esta causa, que marca una gran diferencia para nuestro planeta\u201d, se\u00f1ala el Fundador y CEO de Betterfly, Eduardo della<img decoding=\"async\" class=\"size-medium wp-image-396738 alignright\" src=\"https:\/\/dimensionturistica.com\/es\/wp-content\/uploads\/2022\/09\/image_64834413-225x300.jpg\" alt=\"\" width=\"225\" height=\"300\" srcset=\"https:\/\/dimensionturistica.com\/es\/wp-content\/uploads\/2022\/09\/image_64834413-225x300.jpg 225w, https:\/\/dimensionturistica.com\/es\/wp-content\/uploads\/2022\/09\/image_64834413-768x1024.jpg 768w, https:\/\/dimensionturistica.com\/es\/wp-content\/uploads\/2022\/09\/image_64834413-1152x1536.jpg 1152w, https:\/\/dimensionturistica.com\/es\/wp-content\/uploads\/2022\/09\/image_64834413-750x1000.jpg 750w, https:\/\/dimensionturistica.com\/es\/wp-content\/uploads\/2022\/09\/image_64834413-1140x1520.jpg 1140w, https:\/\/dimensionturistica.com\/es\/wp-content\/uploads\/2022\/09\/image_64834413.jpg 1536w\" sizes=\"(max-width: 225px) 100vw, 225px\" \/> Maggiora.<br \/>\nPor su parte, Juan Pablo Larenas, Chief Impact &amp; Community Officer de la organizaci\u00f3n, comenta que \u201cen Betterfly estamos profundamente comprometidos con generar un impacto positivo en nuestros usuarios y clientes para que tengan mejor protecci\u00f3n financiera, mejor salud mental y f\u00edsica y todos sus miembros sean verdaderos agentes de cambio. Como compa\u00f1\u00eda no solo queremos generar un impacto positivo desde el coraz\u00f3n de nuestro negocio, sino que queremos ser consistentes en c\u00f3mo hacemos las cosas\u201d.<br \/>\nA partir de este anuncio, Betterfly medir\u00e1, compensar\u00e1 y llevar\u00e1 a cabo un plan de acci\u00f3n para reducir su impacto en materia de carbono y dejar un legado m\u00e1s tangible de coherencia entre su propuesta de valor al mercado y la forma en la que desarrollan su negocio.<\/p>\n","protected":false},"excerpt":{"rendered":"<p>En su cruzada por generar un impacto social y medioambiental como elemento central de su negocio, Betterfly, la plataforma de beneficios que recompensa los h\u00e1bitos saludables de los colaboradores de las empresas con donaciones sociales y un seguro de vida que crece sin costo, anunci\u00f3 su compromiso para alcanzar la carbono neutralidad al a\u00f1o 2030. [&hellip;]<\/p>\n","protected":false},"author":1,"featured_media":396742,"comment_status":"open","ping_status":"closed","sticky":false,"template":"","format":"standard","meta":{"om_disable_all_campaigns":false,"jnews-multi-image_gallery":[],"jnews_single_post":{"source_name":"","source_url":"","via_name":"","via_url":"","override_template":"0","override":[{"template":"1","single_blog_custom":"","parallax":"1","fullscreen":"1","layout":"right-sidebar","sidebar":"default-sidebar","second_sidebar":"default-sidebar","sticky_sidebar":"1","share_position":"top","share_float_style":"share-monocrhome","show_share_counter":"1","show_view_counter":"1","show_featured":"1","show_post_meta":"1","show_post_author":"1","show_post_author_image":"1","show_post_date":"1","post_date_format":"default","post_date_format_custom":"Y\/m\/d","show_post_category":"1","show_post_reading_time":"0","post_reading_time_wpm":"300","show_zoom_button":"0","zoom_button_out_step":"2","zoom_button_in_step":"3","show_post_tag":"1","show_prev_next_post":"1","show_popup_post":"1","number_popup_post":"1","show_author_box":"0","show_post_related":"0","show_inline_post_related":"0"}],"override_image_size":"0","image_override":[{"single_post_thumbnail_size":"crop-500","single_post_gallery_size":"crop-500"}],"trending_post":"0","trending_post_position":"meta","trending_post_label":"Trending","sponsored_post":"0","sponsored_post_label":"Sponsored by","sponsored_post_name":"","sponsored_post_url":"","sponsored_post_logo_enable":"0","sponsored_post_logo":"","sponsored_post_desc":"","disable_ad":"0"},"jnews_primary_category":{"id":""},"jnews_social_meta":{"fb_title":"","fb_description":"","fb_image":"","twitter_title":"","twitter_description":"","twitter_image":""},"footnotes":""},"categories":[40],"tags":[],"class_list":["post-396727","post","type-post","status-publish","format-standard","has-post-thumbnail","hentry","category-industria"],"_links":{"self":[{"href":"https:\/\/dimensionturistica.com\/es\/wp-json\/wp\/v2\/posts\/396727","targetHints":{"allow":["GET"]}}],"collection":[{"href":"https:\/\/dimensionturistica.com\/es\/wp-json\/wp\/v2\/posts"}],"about":[{"href":"https:\/\/dimensionturistica.com\/es\/wp-json\/wp\/v2\/types\/post"}],"author":[{"embeddable":true,"href":"https:\/\/dimensionturistica.com\/es\/wp-json\/wp\/v2\/users\/1"}],"replies":[{"embeddable":true,"href":"https:\/\/dimensionturistica.com\/es\/wp-json\/wp\/v2\/comments?post=396727"}],"version-history":[{"count":0,"href":"https:\/\/dimensionturistica.com\/es\/wp-json\/wp\/v2\/posts\/396727\/revisions"}],"wp:featuredmedia":[{"embeddable":true,"href":"https:\/\/dimensionturistica.com\/es\/wp-json\/wp\/v2\/media\/396742"}],"wp:attachment":[{"href":"https:\/\/dimensionturistica.com\/es\/wp-json\/wp\/v2\/media?parent=396727"}],"wp:term":[{"taxonomy":"category","embeddable":true,"href":"https:\/\/dimensionturistica.com\/es\/wp-json\/wp\/v2\/categories?post=396727"},{"taxonomy":"post_tag","embeddable":true,"href":"https:\/\/dimensionturistica.com\/es\/wp-json\/wp\/v2\/tags?post=396727"}],"curies":[{"name":"wp","href":"https:\/\/api.w.org\/{rel}","templated":true}]}}