{"id":396719,"date":"2022-09-30T18:08:24","date_gmt":"2022-09-30T18:08:24","guid":{"rendered":"https:\/\/dimensionturistica.com\/es\/?p=396719"},"modified":"2022-09-30T18:08:24","modified_gmt":"2022-09-30T18:08:24","slug":"morena-busca-establecer-maternidades-por-eleccion-en-la-cdmx","status":"publish","type":"post","link":"https:\/\/dimensionturistica.com\/es\/morena-busca-establecer-maternidades-por-eleccion-en-la-cdmx\/","title":{"rendered":"Morena busca establecer Maternidades por Elecci\u00f3n en la CDMX"},"content":{"rendered":"<p>En el marco del D\u00eda de Acci\u00f3n Global por un Aborto Legal y Seguro (28 de septiembre), legisladoras del grupo parlamentario de Morena dieron a conocer que este 27 de septiembre, las diputadas Ana Francis L\u00f3pez Bayghen y Yuriri Ayala Z\u00fa\u00f1iga, presentaron una iniciativa ante el pleno del Congreso de la Ciudad de M\u00e9xico para eliminar el aborto del C\u00f3digo Penal y as\u00ed avanzar en garantizar este derecho que es un pendiente que se tiene a nivel nacional.<br \/>\nUna de las diputadas promoventes de la iniciativa, Ana Francis L\u00f3pez, indic\u00f3 que \u201ctras 15 a\u00f1os con la interrupci\u00f3n legal del embarazo y con el servicio que presta la CDMX para las mujeres que as\u00ed lo decidan hasta las 12 semanas 6 d\u00edas, el servicio en la ciudad ha estado funcionando a partir del acompa\u00f1amiento de la sociedad civil, que es quien promovi\u00f3 la iniciativa, con la cual, las mujeres dejaron de morir por abortar. Pero, a partir de las resoluciones de la Suprema Corte de Justicia se hace m\u00e1s que evidente que el aborto tiene que salir del C\u00f3digo Penal y eso es b\u00e1sicamente lo que estamos buscando, evidentemente dejamos el aborto forzado (cuando alguien obliga a una mujer a abortar), eso sigue siendo un delito, pero la propuesta es quitar el aborto del C\u00f3digo Penal, pues con esto estaremos reconociendo que no es delito lo que no es delito, con la idea de transformar la Interrupci\u00f3n Legal del Embarazo, en una Interrupci\u00f3n Voluntaria del Embarazo.<br \/>\n\u201cY, por otro lado, todav\u00eda en la CDMX se hacen muchas denuncias en contra de mujeres por abortar y se tiene que hacer toda una investigaci\u00f3n en las fiscal\u00edas, en los Ministerios P\u00fablicos para comprobar que el aborto haya sido antes de las 12 semanas y son recursos que utiliza la fiscal\u00eda, que podr\u00edan emplearse para investigaciones y para atenci\u00f3n de las mujeres para una vida libre de violencia\u201d. Adem\u00e1s, agreg\u00f3 L\u00f3pez Bayghen: \u201cen la revisi\u00f3n de esta iniciativa, en t\u00e9rmino de costos para la ciudad, de gastos para la Secretar\u00eda de Salud, b\u00e1sicamente no cambia, es importante entender, saber y recordar que el aborto en la ciudad de M\u00e9xico se puede practicar en cualquier semana por determinadas causales como son por violaci\u00f3n, por malformaci\u00f3n, o porque se ponga en riesgo la vida de la madre o de la persona gestante\u201d.<img decoding=\"async\" class=\"size-medium wp-image-396720 alignright\" src=\"https:\/\/dimensionturistica.com\/es\/wp-content\/uploads\/2022\/09\/Foto-2-Maternidades-por-Eleccion-27sept2022-300x198.png\" alt=\"\" width=\"300\" height=\"198\" srcset=\"https:\/\/dimensionturistica.com\/es\/wp-content\/uploads\/2022\/09\/Foto-2-Maternidades-por-Eleccion-27sept2022-300x198.png 300w, https:\/\/dimensionturistica.com\/es\/wp-content\/uploads\/2022\/09\/Foto-2-Maternidades-por-Eleccion-27sept2022-768x508.png 768w, https:\/\/dimensionturistica.com\/es\/wp-content\/uploads\/2022\/09\/Foto-2-Maternidades-por-Eleccion-27sept2022-750x496.png 750w, https:\/\/dimensionturistica.com\/es\/wp-content\/uploads\/2022\/09\/Foto-2-Maternidades-por-Eleccion-27sept2022.png 823w\" sizes=\"(max-width: 300px) 100vw, 300px\" \/><br \/>\nLa tambi\u00e9n presidenta de la Comisi\u00f3n de Igualdad y G\u00e9nero del Congreso de la CDMX aclar\u00f3 que lo \u00fanico que est\u00e1n proponiendo es sacarlo del c\u00f3digo penal para avanzar en garantizar este derecho porque es un pendiente que se tiene a nivel nacional:<br \/>\n\u201cEs importante tambi\u00e9n el acompa\u00f1amiento que ha habido a lo largo de estos a\u00f1os de campa\u00f1as de educaci\u00f3n sexual, de campa\u00f1as de prevenci\u00f3n de embarazo, porque de esa manera las mujeres, debidamente capacitadas, pueden tomar las decisiones que mejor consideren, enarbolando la bandera de nuestra autonom\u00eda reproductiva, que es fundamental para el desarrollo de nuestras vidas, en el desarrollo profesional, personal y humano\u201d.<br \/>\nA su vez, la legisladora Valentina Batres Guadarrama, indic\u00f3 que de lo que se trata es de no perseguir a las mujeres en el ejercicio de su derecho a decidir sobre su cuerpo cuando desean ser madres y que no se limiten las posibilidades a que en el ejercicio de la maternidad se imponga \u00e9sta como un castigo o como una consecuencia, sino que sea el resultado del deseo de tener hij@s y que predomine el acto de amor y cari\u00f1o que se necesita para educar a las personas reci\u00e9n nacidas, por eso es necesario verlo en su integralidad y eliminar la parte del C\u00f3digo Penal que todav\u00eda deja la idea de una persecuci\u00f3n a cualquier persona mujer que pueda ejercer su derecho a la interrupci\u00f3n y, aclarar las circunstancias en las que se ha de hacer valer este derecho\u201d.<br \/>\nDurante la conferencia de prensa, la tambi\u00e9n promovente de la iniciativa en cuesti\u00f3n, la diputada Yuriri Ayala, se\u00f1al\u00f3: \u201cSe han hecho esfuerzos en otros lugares de la Rep\u00fablica donde ya se ha aprobado la Interrupci\u00f3n Legal del Embarazo, pero nos falta mucho por hacer para que sea realidad en los 32 estados de la Rep\u00fablica, ya que actualmente s\u00f3lo hemos avanzado en: la CDMX (pionera en 2007), Oaxaca (2019), Hidalgo (2021), Veracruz (2021), Baja California (2021), Colima (2021) y recientemente, en Sinaloa (marzo 2022) y en Guerrero (mayo 2022), destacando estas dos \u00faltimas entidades porque fue aprobada la Interrupci\u00f3n Legal sin importar la temporalidad de semanas que hayan transcurrido. Por ello, tambi\u00e9n en la CDMX las diputadas de Morena estamos trabajando para avanzar sobre la Interrupci\u00f3n Voluntaria del Embarazo, que es el siguiente paso para dejar atr\u00e1s si es legal o ilegal, para seguir siendo pioneras en esta ciudad de vanguardia, en donde tambi\u00e9n nuestra Jefa de Gobierno, Claudia Sheinbaum, ha asumido esta agenda en defensa de los derechos de quienes habitamos en la ciudad, pero sobre todo de la defensa de los derechos de las mujeres\u201d.<br \/>\nFinalmente, y en presencia, adem\u00e1s, de las legisladoras Miriam Valeria Cruz, Alejandra M\u00e9ndez y X\u00f3chitl Bravo; la diputada Nancy N\u00fa\u00f1ez indic\u00f3 que acompa\u00f1an la iniciativa las diputadas del grupo parlamentario de Morena, la Asociaci\u00f3n de Mujeres Dem\u00f3cratas y otras fuerzas progresistas y de izquierda; e hizo un llamado \u201ca las organizaciones, colectivas, acad\u00e9micas, y a las y los activistas a que nos ayuden, porque este proceso no ser\u00e1 f\u00e1cil, ante visiones que desde sus creencias quieren legislar y resistirse a esta lucha por nuestros derechos\u201d<\/p>\n<p>&nbsp;<\/p>\n","protected":false},"excerpt":{"rendered":"<p>En el marco del D\u00eda de Acci\u00f3n Global por un Aborto Legal y Seguro (28 de septiembre), legisladoras del grupo parlamentario de Morena dieron a conocer que este 27 de septiembre, las diputadas Ana Francis L\u00f3pez Bayghen y Yuriri Ayala Z\u00fa\u00f1iga, presentaron una iniciativa ante el pleno del Congreso de la Ciudad de M\u00e9xico para [&hellip;]<\/p>\n","protected":false},"author":1,"featured_media":396721,"comment_status":"open","ping_status":"closed","sticky":false,"template":"","format":"standard","meta":{"om_disable_all_campaigns":false,"jnews-multi-image_gallery":[],"jnews_single_post":{"source_name":"","source_url":"","via_name":"","via_url":"","override_template":"0","override":[{"template":"1","single_blog_custom":"","parallax":"1","fullscreen":"1","layout":"right-sidebar","sidebar":"default-sidebar","second_sidebar":"default-sidebar","sticky_sidebar":"1","share_position":"top","share_float_style":"share-monocrhome","show_share_counter":"1","show_view_counter":"1","show_featured":"1","show_post_meta":"1","show_post_author":"1","show_post_author_image":"1","show_post_date":"1","post_date_format":"default","post_date_format_custom":"Y\/m\/d","show_post_category":"1","show_post_reading_time":"0","post_reading_time_wpm":"300","show_zoom_button":"0","zoom_button_out_step":"2","zoom_button_in_step":"3","show_post_tag":"1","show_prev_next_post":"1","show_popup_post":"1","number_popup_post":"1","show_author_box":"0","show_post_related":"0","show_inline_post_related":"0"}],"override_image_size":"0","image_override":[{"single_post_thumbnail_size":"crop-500","single_post_gallery_size":"crop-500"}],"trending_post":"0","trending_post_position":"meta","trending_post_label":"Trending","sponsored_post":"0","sponsored_post_label":"Sponsored by","sponsored_post_name":"","sponsored_post_url":"","sponsored_post_logo_enable":"0","sponsored_post_logo":"","sponsored_post_desc":"","disable_ad":"0"},"jnews_primary_category":{"id":""},"jnews_social_meta":{"fb_title":"","fb_description":"","fb_image":"","twitter_title":"","twitter_description":"","twitter_image":""},"footnotes":""},"categories":[40],"tags":[],"class_list":["post-396719","post","type-post","status-publish","format-standard","has-post-thumbnail","hentry","category-industria"],"_links":{"self":[{"href":"https:\/\/dimensionturistica.com\/es\/wp-json\/wp\/v2\/posts\/396719","targetHints":{"allow":["GET"]}}],"collection":[{"href":"https:\/\/dimensionturistica.com\/es\/wp-json\/wp\/v2\/posts"}],"about":[{"href":"https:\/\/dimensionturistica.com\/es\/wp-json\/wp\/v2\/types\/post"}],"author":[{"embeddable":true,"href":"https:\/\/dimensionturistica.com\/es\/wp-json\/wp\/v2\/users\/1"}],"replies":[{"embeddable":true,"href":"https:\/\/dimensionturistica.com\/es\/wp-json\/wp\/v2\/comments?post=396719"}],"version-history":[{"count":0,"href":"https:\/\/dimensionturistica.com\/es\/wp-json\/wp\/v2\/posts\/396719\/revisions"}],"wp:featuredmedia":[{"embeddable":true,"href":"https:\/\/dimensionturistica.com\/es\/wp-json\/wp\/v2\/media\/396721"}],"wp:attachment":[{"href":"https:\/\/dimensionturistica.com\/es\/wp-json\/wp\/v2\/media?parent=396719"}],"wp:term":[{"taxonomy":"category","embeddable":true,"href":"https:\/\/dimensionturistica.com\/es\/wp-json\/wp\/v2\/categories?post=396719"},{"taxonomy":"post_tag","embeddable":true,"href":"https:\/\/dimensionturistica.com\/es\/wp-json\/wp\/v2\/tags?post=396719"}],"curies":[{"name":"wp","href":"https:\/\/api.w.org\/{rel}","templated":true}]}}