{"id":396682,"date":"2022-09-30T17:56:55","date_gmt":"2022-09-30T17:56:55","guid":{"rendered":"https:\/\/dimensionturistica.com\/es\/?p=396682"},"modified":"2022-09-30T17:58:17","modified_gmt":"2022-09-30T17:58:17","slug":"uber-llevo-a-cabo-la-segunda-edicion-de-su-foro-ciudades-en-movimiento-espacio-que-tuvo-como-proposito-fortalecer-la-colaboracion-frente-a-los-retos-y-desafios-que-enfrentan-las-ciu","status":"publish","type":"post","link":"https:\/\/dimensionturistica.com\/es\/uber-llevo-a-cabo-la-segunda-edicion-de-su-foro-ciudades-en-movimiento-espacio-que-tuvo-como-proposito-fortalecer-la-colaboracion-frente-a-los-retos-y-desafios-que-enfrentan-las-ciu\/","title":{"rendered":"Uber llev\u00f3 a cabo la segunda edici\u00f3n de su foro \u201cCiudades en Movimiento\u201d, espacio que tuvo como prop\u00f3sito fortalecer la colaboraci\u00f3n frente a los retos y desaf\u00edos que enfrentan las ciudades."},"content":{"rendered":"<p><img decoding=\"async\" class=\"size-medium wp-image-396698 alignright\" src=\"https:\/\/dimensionturistica.com\/es\/wp-content\/uploads\/2022\/09\/CCMM-300x221.jpg\" alt=\"\" width=\"300\" height=\"221\" srcset=\"https:\/\/dimensionturistica.com\/es\/wp-content\/uploads\/2022\/09\/CCMM-300x221.jpg 300w, https:\/\/dimensionturistica.com\/es\/wp-content\/uploads\/2022\/09\/CCMM-1024x754.jpg 1024w, https:\/\/dimensionturistica.com\/es\/wp-content\/uploads\/2022\/09\/CCMM-768x565.jpg 768w, https:\/\/dimensionturistica.com\/es\/wp-content\/uploads\/2022\/09\/CCMM-1536x1130.jpg 1536w, https:\/\/dimensionturistica.com\/es\/wp-content\/uploads\/2022\/09\/CCMM-2048x1507.jpg 2048w, https:\/\/dimensionturistica.com\/es\/wp-content\/uploads\/2022\/09\/CCMM-750x552.jpg 750w, https:\/\/dimensionturistica.com\/es\/wp-content\/uploads\/2022\/09\/CCMM-1140x839.jpg 1140w\" sizes=\"(max-width: 300px) 100vw, 300px\" \/><\/p>\n<p>Uber llev\u00f3 a cabo la segunda edici\u00f3n de su foro \u201cCiudades en Movimiento\u201d, espacio que tuvo como prop\u00f3sito fortalecer la colaboraci\u00f3n ante a los retos y desaf\u00edos que enfrentan las ciudades en camino a un desarrollo urbano sostenible, incluyente y en constante transformaci\u00f3n digital y tecnol\u00f3gica.<br \/>\nDara Khosrowshahi, CEO global de Uber, inaugur\u00f3 el evento a trav\u00e9s de una intervenci\u00f3n virtual en la cual dijo, \u201cEn Uber, hemos sido testigos de c\u00f3mo la tecnolog\u00eda puede acercarnos y crear nuevas oportunidades para todos. Para nosotros, resulta fundamental saber c\u00f3mo las personas ven en Uber la opci\u00f3n de ganar en sus propios t\u00e9rminos, con m\u00e1s de 200,000 socios conductores y repartidores en M\u00e9xico. Es por ello que hoy abrimos un espacio para discutir y escuchar nuevas ideas que nos puedan ayudar a seguir adelante. Los desaf\u00edos que<img decoding=\"async\" class=\"size-medium wp-image-396701 alignright\" src=\"https:\/\/dimensionturistica.com\/es\/wp-content\/uploads\/2022\/09\/Ciudades-en-Movimiento-Uber-2-300x182.jpg\" alt=\"\" width=\"300\" height=\"182\" srcset=\"https:\/\/dimensionturistica.com\/es\/wp-content\/uploads\/2022\/09\/Ciudades-en-Movimiento-Uber-2-300x182.jpg 300w, https:\/\/dimensionturistica.com\/es\/wp-content\/uploads\/2022\/09\/Ciudades-en-Movimiento-Uber-2-1024x620.jpg 1024w, https:\/\/dimensionturistica.com\/es\/wp-content\/uploads\/2022\/09\/Ciudades-en-Movimiento-Uber-2-768x465.jpg 768w, https:\/\/dimensionturistica.com\/es\/wp-content\/uploads\/2022\/09\/Ciudades-en-Movimiento-Uber-2-1536x930.jpg 1536w, https:\/\/dimensionturistica.com\/es\/wp-content\/uploads\/2022\/09\/Ciudades-en-Movimiento-Uber-2-2048x1240.jpg 2048w, https:\/\/dimensionturistica.com\/es\/wp-content\/uploads\/2022\/09\/Ciudades-en-Movimiento-Uber-2-750x454.jpg 750w, https:\/\/dimensionturistica.com\/es\/wp-content\/uploads\/2022\/09\/Ciudades-en-Movimiento-Uber-2-1140x690.jpg 1140w\" sizes=\"(max-width: 300px) 100vw, 300px\" \/> enfrentamos en nuestras ciudades son variados y complejos, pero estamos seguros que la mejor manera de enfrentarlos es trabajando en conjunto: industria, gobierno y sociedad civil\u201d.<br \/>\nLa interacci\u00f3n de lo p\u00fablico y lo privado en materia de movilidad, innovaci\u00f3n y pol\u00edtica p\u00fablica contra la violencia de g\u00e9nero, el auge del e-commerce y el nuevo escenario del trabajo, fueron los temas que se abordaron a trav\u00e9s de cinco mesas de di\u00e1logo, mismos que generaron conversaciones con ideas e iniciativas para el futuro de las ciudades.<br \/>\nLos especialistas del primer panel coincidieron en la colaboraci\u00f3n p\u00fablico-privada como factor clave para hacer frente a los desaf\u00edos de movilidad urbana en las grandes ciudades. Mientras que en la segunda mesa, se reiter\u00f3 la relevancia de la tecnolog\u00eda como catalizador para el crecimiento econ\u00f3mico, el desarrollo sostenible y como herramienta fundamental para mejorar la calidad de vida de las personas. \u201cEl futuro demanda la participaci\u00f3n de todos para seguir impulsando nuevas soluciones que sean m\u00e1s inclusivas, modernas y sustentables promoviendo ciudades inteligentes que incidan directamente en el bienestar de los mexicanos,\u201d dijo Daniel Colunga, director general de Uber Eats M\u00e9xico.<br \/>\nEn el evento tambi\u00e9n se destac\u00f3 la importancia que juegan la tecnolog\u00eda y el sector privado en el dise\u00f1o e implementaci\u00f3n de pol\u00edticas p\u00fablicas para prevenir, reducir y eliminar la violencia contra las mujeres. Ejemplos de ello son estrategias como Puntos P\u00farpura, una iniciativa integral de la Secretar\u00eda de Igualdad Sustantiva entre Mujeres y Hombres del estado de Jalisco, y las funciones como el C\u00f3digo PIN en la app de Uber para verificar que una usuaria subi\u00f3 al veh\u00edculo correcto.<br \/>\nFinalmente sobre los retos del futuro del trabajo a nivel global y puntualmente en M\u00e9xico, los ponentes reafirmaron la necesidad de un nuevo modelo regulatorio que considere todas las voces (socios conductores, socios repartidores, usuarios, plataformas digitales, academia y gobierno) en favor de la flexibilidad y acceso a protecci\u00f3n social. Al respecto, la ex senadora de la Rep\u00fablica de<img decoding=\"async\" class=\"size-medium wp-image-396699 alignright\" src=\"https:\/\/dimensionturistica.com\/es\/wp-content\/uploads\/2022\/09\/Ciudades-e-Movimiento-Uber-1-300x200.jpg\" alt=\"\" width=\"300\" height=\"200\" srcset=\"https:\/\/dimensionturistica.com\/es\/wp-content\/uploads\/2022\/09\/Ciudades-e-Movimiento-Uber-1-300x200.jpg 300w, https:\/\/dimensionturistica.com\/es\/wp-content\/uploads\/2022\/09\/Ciudades-e-Movimiento-Uber-1-1024x683.jpg 1024w, https:\/\/dimensionturistica.com\/es\/wp-content\/uploads\/2022\/09\/Ciudades-e-Movimiento-Uber-1-768x512.jpg 768w, https:\/\/dimensionturistica.com\/es\/wp-content\/uploads\/2022\/09\/Ciudades-e-Movimiento-Uber-1-1536x1024.jpg 1536w, https:\/\/dimensionturistica.com\/es\/wp-content\/uploads\/2022\/09\/Ciudades-e-Movimiento-Uber-1-2048x1365.jpg 2048w, https:\/\/dimensionturistica.com\/es\/wp-content\/uploads\/2022\/09\/Ciudades-e-Movimiento-Uber-1-750x500.jpg 750w, https:\/\/dimensionturistica.com\/es\/wp-content\/uploads\/2022\/09\/Ciudades-e-Movimiento-Uber-1-1140x760.jpg 1140w\" sizes=\"(max-width: 300px) 100vw, 300px\" \/> Chile, Carolina Goic, se\u00f1al\u00f3 que \u201ceste no es un debate de todo o nada, sino de la creaci\u00f3n de un nuevo esquema. La flexibilidad no significa desprotecci\u00f3n, implica la b\u00fasqueda de alternativas que contemplen a los colaboradores de la econom\u00eda gig y las diferentes formas de trabajo.\u201d<br \/>\n\u201cSe requieren di\u00e1logos y colaboraciones tripartitas: trabajadores por aplicaci\u00f3n, plataformas digitales y gobierno. Queremos y creemos que juntos podemos avanzar a algo muy interesante y beneficioso para todos.\u201d a\u00f1adi\u00f3 Sa\u00fal G\u00f3mez, vocero y fundador de Ni Un Repartidor Menos. \u201cNecesitamos soluciones innovadoras y creativas que busquen establecer mejores condiciones; marcos jur\u00eddicos que impulsen a\u00fan m\u00e1s el impacto de la tecnolog\u00eda. El gran desaf\u00edo est\u00e1 en salir de los esquemas tradicionales absolutos\u201d, concluy\u00f3 Nicol\u00e1s S\u00e1nchez, director de Asuntos Gubernamentales y Pol\u00edticas P\u00fablicas de Uber en M\u00e9xico.<br \/>\nCiudades en movimiento reuni\u00f3 a autoridades, representantes de repartidores y conductores por aplicaci\u00f3n, empresas de la econom\u00eda colaborativa y especialistas, como Salom\u00f3n Chertorivski, diputado federal; Ingrid Avil\u00e9s, country manager de Waze en M\u00e9xico; Roberto Rocha, director general de VEMO; Pierre-Claude Blaise, director general de la Asociaci\u00f3n Mexicana de Venta Online (AMVO); Sa\u00fal G\u00f3mez, fundador de Ni Un Repartidor Menos; Paola Lazo Corvera, titular del Secretar\u00eda de Igualdad Sustantiva entre Mujeres y Hombres (SISEMH) del Estado de Jalisco; Luis Monsalvo, vicepresidente de la Comisi\u00f3n de Empleo y Productividad de la CONCAMIN; Luis D\u00edaz Mir\u00f3n, abogado y especialista laboral; Gustavo Gaviria, l\u00edder de la organizaci\u00f3n espa\u00f1ola &#8220;Repartidores Unidos&#8221;, entre otros.<br \/>\nPara cerrar el evento, Juan Pablo Eiroa, director general de la Divisi\u00f3n de Movilidad de Uber en M\u00e9xico, ratific\u00f3 el compromiso de la empresa con el pa\u00eds y el sector p\u00fablico para la creaci\u00f3n de sinergias en beneficio de las ciudades y sus habitantes: \u201cQueremos fortalecer la colaboraci\u00f3n frente a los retos actuales y as\u00ed avanzar hacia un desarrollo urbano m\u00e1s sostenible, accesible e incluyente.\u201d<br \/>\nTe invitamos a conocer m\u00e1s informaci\u00f3n sobre el foro y revivir las mesas de debate en: www.uber.com\/ciudadesenmovimiento<\/p>\n","protected":false},"excerpt":{"rendered":"<p>Uber llev\u00f3 a cabo la segunda edici\u00f3n de su foro \u201cCiudades en Movimiento\u201d, espacio que tuvo como prop\u00f3sito fortalecer la colaboraci\u00f3n ante a los retos y desaf\u00edos que enfrentan las ciudades en camino a un desarrollo urbano sostenible, incluyente y en constante transformaci\u00f3n digital y tecnol\u00f3gica. Dara Khosrowshahi, CEO global de Uber, inaugur\u00f3 el evento [&hellip;]<\/p>\n","protected":false},"author":1,"featured_media":396702,"comment_status":"open","ping_status":"closed","sticky":false,"template":"","format":"standard","meta":{"om_disable_all_campaigns":false,"jnews-multi-image_gallery":[],"jnews_single_post":{"source_name":"","source_url":"","via_name":"","via_url":"","override_template":"0","override":[{"template":"1","single_blog_custom":"","parallax":"1","fullscreen":"1","layout":"right-sidebar","sidebar":"default-sidebar","second_sidebar":"default-sidebar","sticky_sidebar":"1","share_position":"top","share_float_style":"share-monocrhome","show_share_counter":"1","show_view_counter":"1","show_featured":"1","show_post_meta":"1","show_post_author":"1","show_post_author_image":"1","show_post_date":"1","post_date_format":"default","post_date_format_custom":"Y\/m\/d","show_post_category":"1","show_post_reading_time":"0","post_reading_time_wpm":"300","show_zoom_button":"0","zoom_button_out_step":"2","zoom_button_in_step":"3","show_post_tag":"1","show_prev_next_post":"1","show_popup_post":"1","number_popup_post":"1","show_author_box":"0","show_post_related":"0","show_inline_post_related":"0"}],"override_image_size":"0","image_override":[{"single_post_thumbnail_size":"crop-500","single_post_gallery_size":"crop-500"}],"trending_post":"0","trending_post_position":"meta","trending_post_label":"Trending","sponsored_post":"0","sponsored_post_label":"Sponsored by","sponsored_post_name":"","sponsored_post_url":"","sponsored_post_logo_enable":"0","sponsored_post_logo":"","sponsored_post_desc":"","disable_ad":"0"},"jnews_primary_category":{"id":""},"jnews_social_meta":{"fb_title":"","fb_description":"","fb_image":"","twitter_title":"","twitter_description":"","twitter_image":""},"footnotes":""},"categories":[40],"tags":[],"class_list":["post-396682","post","type-post","status-publish","format-standard","has-post-thumbnail","hentry","category-industria"],"_links":{"self":[{"href":"https:\/\/dimensionturistica.com\/es\/wp-json\/wp\/v2\/posts\/396682","targetHints":{"allow":["GET"]}}],"collection":[{"href":"https:\/\/dimensionturistica.com\/es\/wp-json\/wp\/v2\/posts"}],"about":[{"href":"https:\/\/dimensionturistica.com\/es\/wp-json\/wp\/v2\/types\/post"}],"author":[{"embeddable":true,"href":"https:\/\/dimensionturistica.com\/es\/wp-json\/wp\/v2\/users\/1"}],"replies":[{"embeddable":true,"href":"https:\/\/dimensionturistica.com\/es\/wp-json\/wp\/v2\/comments?post=396682"}],"version-history":[{"count":0,"href":"https:\/\/dimensionturistica.com\/es\/wp-json\/wp\/v2\/posts\/396682\/revisions"}],"wp:featuredmedia":[{"embeddable":true,"href":"https:\/\/dimensionturistica.com\/es\/wp-json\/wp\/v2\/media\/396702"}],"wp:attachment":[{"href":"https:\/\/dimensionturistica.com\/es\/wp-json\/wp\/v2\/media?parent=396682"}],"wp:term":[{"taxonomy":"category","embeddable":true,"href":"https:\/\/dimensionturistica.com\/es\/wp-json\/wp\/v2\/categories?post=396682"},{"taxonomy":"post_tag","embeddable":true,"href":"https:\/\/dimensionturistica.com\/es\/wp-json\/wp\/v2\/tags?post=396682"}],"curies":[{"name":"wp","href":"https:\/\/api.w.org\/{rel}","templated":true}]}}