{"id":396671,"date":"2022-09-30T17:33:25","date_gmt":"2022-09-30T17:33:25","guid":{"rendered":"https:\/\/dimensionturistica.com\/es\/?p=396671"},"modified":"2022-09-30T17:33:25","modified_gmt":"2022-09-30T17:33:25","slug":"bcd-travel-lleva-a-cabo-una-vez-mas-de-manera-presencial-su-elite-partners-meeting","status":"publish","type":"post","link":"https:\/\/dimensionturistica.com\/es\/bcd-travel-lleva-a-cabo-una-vez-mas-de-manera-presencial-su-elite-partners-meeting\/","title":{"rendered":"BCD Travel lleva a cabo una vez m\u00e1s, de manera presencial, su Elite Partners Meeting"},"content":{"rendered":"<p>BCD Travel llev\u00f3 a cabo una vez m\u00e1s su Elite Partners Meeting, esta vez de manera presencial pues el a\u00f1o pasado lo realiz\u00f3 de manera virtual, para continuar reforzando el compromiso con sus clientes y socios de negocio que aportan a la cadena de valor de los viajes.<br \/>\n\u201cEra muy importante para nosotros regresar a estos eventos de manera presencial y reactivar los viajes corporativos, ya que estamos convencidos de que un cliente que viaja tiene una ventaja competitiva<img decoding=\"async\" class=\"size-medium wp-image-396676 alignright\" src=\"https:\/\/dimensionturistica.com\/es\/wp-content\/uploads\/2022\/09\/Miguel-Buitron-Director-of-PM-Sales-Marketing-at-BCD-Travel-300x200.jpeg\" alt=\"\" width=\"300\" height=\"200\" srcset=\"https:\/\/dimensionturistica.com\/es\/wp-content\/uploads\/2022\/09\/Miguel-Buitron-Director-of-PM-Sales-Marketing-at-BCD-Travel-300x200.jpeg 300w, https:\/\/dimensionturistica.com\/es\/wp-content\/uploads\/2022\/09\/Miguel-Buitron-Director-of-PM-Sales-Marketing-at-BCD-Travel-1024x682.jpeg 1024w, https:\/\/dimensionturistica.com\/es\/wp-content\/uploads\/2022\/09\/Miguel-Buitron-Director-of-PM-Sales-Marketing-at-BCD-Travel-768x512.jpeg 768w, https:\/\/dimensionturistica.com\/es\/wp-content\/uploads\/2022\/09\/Miguel-Buitron-Director-of-PM-Sales-Marketing-at-BCD-Travel-750x500.jpeg 750w, https:\/\/dimensionturistica.com\/es\/wp-content\/uploads\/2022\/09\/Miguel-Buitron-Director-of-PM-Sales-Marketing-at-BCD-Travel-1140x760.jpeg 1140w, https:\/\/dimensionturistica.com\/es\/wp-content\/uploads\/2022\/09\/Miguel-Buitron-Director-of-PM-Sales-Marketing-at-BCD-Travel.jpeg 1280w\" sizes=\"(max-width: 300px) 100vw, 300px\" \/> vs. el cliente que no lo hace\u201d mencion\u00f3 Miguel Buitron, director de Ventas, Marketing y Gesti\u00f3n de Programas para BCD Travel.<br \/>\nEn este evento se habl\u00f3 sobre las actualizaciones de BCD a nivel regional y Latinoam\u00e9rica, haciendo gran \u00e9nfasis en la reactivaci\u00f3n de los viajes y la importancia de la sostenibilidad y reducci\u00f3n de la huella de carbono para sus operaciones en todo el mundo. Para ello, se planea una adaptaci\u00f3n de las estructuras operacionales y organizacionales de la compa\u00f1\u00eda, con el fin de maximizar su cobertura global y hacerla m\u00e1s fuerte.<br \/>\n\u201cLa pandemia nos ha dejado un gran aprendizaje para la reactivaci\u00f3n de los viajes, en lo profesional y lo personal, puedo destacar que lo m\u00e1s importante hoy en d\u00eda es el cuidado del medio ambiente, y qu\u00e9 mejor que hacerlo de la mano de nuestros socios y clientes, para juntos poder hacer algo de impacto\u201d, coment\u00f3 Beat Wille, director general de Latinoam\u00e9rica en BCD Travel.<br \/>\nCon grandes ponentes como United, IHG, Volkswagen, Enterprise y Deloitte, donde cada uno desde su trinchera explicaron c\u00f3mo ha sido esta reactivaci\u00f3n de los viajes corporativos, qu\u00e9 est\u00e1n haciendo en la parte de sostenibilidad, digitalizaci\u00f3n y sistematizaci\u00f3n de procesos y c\u00f3mo han unido su trabajo con BCD Travel para lograr un \u00e9xito en com\u00fan, generando una cadena de valor importante para seguir creciendo y llegar a m\u00e1s empresas.<br \/>\n\u201cHacer que nuestros socios y clientes puedan participar en estas ponencias es muy gratificante para<img decoding=\"async\" class=\"size-medium wp-image-396675 alignright\" src=\"https:\/\/dimensionturistica.com\/es\/wp-content\/uploads\/2022\/09\/Rene-Villarreal-director-de-operaciones-de-BDC-Travel-Beat-Willem-senior-vicepresidente-y-director-general-de-Mexico-y-Latinoamerica-y-Miguel-Buitron-Director-300x200.jpeg\" alt=\"\" width=\"300\" height=\"200\" srcset=\"https:\/\/dimensionturistica.com\/es\/wp-content\/uploads\/2022\/09\/Rene-Villarreal-director-de-operaciones-de-BDC-Travel-Beat-Willem-senior-vicepresidente-y-director-general-de-Mexico-y-Latinoamerica-y-Miguel-Buitron-Director-300x200.jpeg 300w, https:\/\/dimensionturistica.com\/es\/wp-content\/uploads\/2022\/09\/Rene-Villarreal-director-de-operaciones-de-BDC-Travel-Beat-Willem-senior-vicepresidente-y-director-general-de-Mexico-y-Latinoamerica-y-Miguel-Buitron-Director-1024x682.jpeg 1024w, https:\/\/dimensionturistica.com\/es\/wp-content\/uploads\/2022\/09\/Rene-Villarreal-director-de-operaciones-de-BDC-Travel-Beat-Willem-senior-vicepresidente-y-director-general-de-Mexico-y-Latinoamerica-y-Miguel-Buitron-Director-768x512.jpeg 768w, https:\/\/dimensionturistica.com\/es\/wp-content\/uploads\/2022\/09\/Rene-Villarreal-director-de-operaciones-de-BDC-Travel-Beat-Willem-senior-vicepresidente-y-director-general-de-Mexico-y-Latinoamerica-y-Miguel-Buitron-Director-750x500.jpeg 750w, https:\/\/dimensionturistica.com\/es\/wp-content\/uploads\/2022\/09\/Rene-Villarreal-director-de-operaciones-de-BDC-Travel-Beat-Willem-senior-vicepresidente-y-director-general-de-Mexico-y-Latinoamerica-y-Miguel-Buitron-Director-1140x760.jpeg 1140w, https:\/\/dimensionturistica.com\/es\/wp-content\/uploads\/2022\/09\/Rene-Villarreal-director-de-operaciones-de-BDC-Travel-Beat-Willem-senior-vicepresidente-y-director-general-de-Mexico-y-Latinoamerica-y-Miguel-Buitron-Director.jpeg 1280w\" sizes=\"(max-width: 300px) 100vw, 300px\" \/> nosotros, escuchar de ellos sus experiencias con nosotros para seguir aprendiendo de ellos y continuar mejorando nuestros servicios\u201d, afirm\u00f3 Beat.<br \/>\nEn general, la industria del turismo ha tenido una reactivaci\u00f3n muy acelerada, lo cual ha sido muy positivo pero tambi\u00e9n de grandes retos con los clientes. \u201cLo primero y m\u00e1s importante que ten\u00edamos que entender eran las nuevas necesidades de nuestros clientes, para poder customizar y eficientizar la operaci\u00f3n y brindarles una consultor\u00eda de calidad\u201d, dijo Rene Villareal, director de operaciones en BCD Travel.<br \/>\nCon presencia en 107 pa\u00edses, BCD Travel se mantiene como l\u00edder en la industria con una tasa de retenci\u00f3n de clientes del 98%, al mismo tiempo que, a trav\u00e9s del networking, la firma busca mantener e incrementar las oportunidades de negocios y mejorar la confianza hacia la marca. Elite Partner\u00b4s Meeting represent\u00f3 una estrategia certera para reforzar la imagen y generar nuevos lazos de comunicaci\u00f3n y negocios.<\/p>\n","protected":false},"excerpt":{"rendered":"<p>BCD Travel llev\u00f3 a cabo una vez m\u00e1s su Elite Partners Meeting, esta vez de manera presencial pues el a\u00f1o pasado lo realiz\u00f3 de manera virtual, para continuar reforzando el compromiso con sus clientes y socios de negocio que aportan a la cadena de valor de los viajes. \u201cEra muy importante para nosotros regresar a [&hellip;]<\/p>\n","protected":false},"author":1,"featured_media":396677,"comment_status":"open","ping_status":"closed","sticky":false,"template":"","format":"standard","meta":{"om_disable_all_campaigns":false,"jnews-multi-image_gallery":[],"jnews_single_post":{"source_name":"","source_url":"","via_name":"","via_url":"","override_template":"0","override":[{"template":"1","single_blog_custom":"","parallax":"1","fullscreen":"1","layout":"right-sidebar","sidebar":"default-sidebar","second_sidebar":"default-sidebar","sticky_sidebar":"1","share_position":"top","share_float_style":"share-monocrhome","show_share_counter":"1","show_view_counter":"1","show_featured":"1","show_post_meta":"1","show_post_author":"1","show_post_author_image":"1","show_post_date":"1","post_date_format":"default","post_date_format_custom":"Y\/m\/d","show_post_category":"1","show_post_reading_time":"0","post_reading_time_wpm":"300","show_zoom_button":"0","zoom_button_out_step":"2","zoom_button_in_step":"3","show_post_tag":"1","show_prev_next_post":"1","show_popup_post":"1","number_popup_post":"1","show_author_box":"0","show_post_related":"0","show_inline_post_related":"0"}],"override_image_size":"0","image_override":[{"single_post_thumbnail_size":"crop-500","single_post_gallery_size":"crop-500"}],"trending_post":"0","trending_post_position":"meta","trending_post_label":"Trending","sponsored_post":"0","sponsored_post_label":"Sponsored by","sponsored_post_name":"","sponsored_post_url":"","sponsored_post_logo_enable":"0","sponsored_post_logo":"","sponsored_post_desc":"","disable_ad":"0"},"jnews_primary_category":{"id":""},"jnews_social_meta":{"fb_title":"","fb_description":"","fb_image":"","twitter_title":"","twitter_description":"","twitter_image":""},"footnotes":""},"categories":[40],"tags":[],"class_list":["post-396671","post","type-post","status-publish","format-standard","has-post-thumbnail","hentry","category-industria"],"_links":{"self":[{"href":"https:\/\/dimensionturistica.com\/es\/wp-json\/wp\/v2\/posts\/396671","targetHints":{"allow":["GET"]}}],"collection":[{"href":"https:\/\/dimensionturistica.com\/es\/wp-json\/wp\/v2\/posts"}],"about":[{"href":"https:\/\/dimensionturistica.com\/es\/wp-json\/wp\/v2\/types\/post"}],"author":[{"embeddable":true,"href":"https:\/\/dimensionturistica.com\/es\/wp-json\/wp\/v2\/users\/1"}],"replies":[{"embeddable":true,"href":"https:\/\/dimensionturistica.com\/es\/wp-json\/wp\/v2\/comments?post=396671"}],"version-history":[{"count":0,"href":"https:\/\/dimensionturistica.com\/es\/wp-json\/wp\/v2\/posts\/396671\/revisions"}],"wp:featuredmedia":[{"embeddable":true,"href":"https:\/\/dimensionturistica.com\/es\/wp-json\/wp\/v2\/media\/396677"}],"wp:attachment":[{"href":"https:\/\/dimensionturistica.com\/es\/wp-json\/wp\/v2\/media?parent=396671"}],"wp:term":[{"taxonomy":"category","embeddable":true,"href":"https:\/\/dimensionturistica.com\/es\/wp-json\/wp\/v2\/categories?post=396671"},{"taxonomy":"post_tag","embeddable":true,"href":"https:\/\/dimensionturistica.com\/es\/wp-json\/wp\/v2\/tags?post=396671"}],"curies":[{"name":"wp","href":"https:\/\/api.w.org\/{rel}","templated":true}]}}