{"id":396411,"date":"2022-09-30T09:41:10","date_gmt":"2022-09-30T09:41:10","guid":{"rendered":"https:\/\/dimensionturistica.com\/es\/?p=396411"},"modified":"2022-09-30T09:41:10","modified_gmt":"2022-09-30T09:41:10","slug":"menorca-a-mis-20-anos-fue-un-viaje-salvaje-y-muy-libre","status":"publish","type":"post","link":"https:\/\/dimensionturistica.com\/es\/menorca-a-mis-20-anos-fue-un-viaje-salvaje-y-muy-libre\/","title":{"rendered":"&#8220;Menorca a mis 20 a\u00f1os fue un viaje salvaje y muy libre&#8221;"},"content":{"rendered":"<p> <br \/>\n<\/p>\n<div>\n<aside class=\"subscription-highlighted\">\n<div class=\"subscription-container\">\n<div class=\"non-subscribed\">\n<p class=\"description\">Somos de rutas, no de rutinas. Descubre Viajes Nationwide Geographic<\/p>\n<p><a rel=\"nofollow noopener\" target=\"_blank\" href=\"https:\/\/tienda.rbarevistas.com\/por-que-viajes-national-geographic.html?rba_source=viajes.nationalgeographic.com.es&amp;rba_medium=referral&amp;rba_campaign=NGMV&amp;rba_content=frase-articulo\" class=\"more-link\">SABER M\u00c1S<\/a><\/div>\n<\/div>\n<\/aside>\n<p style=\"display: none;\"><img decoding=\"async\" id=\"ctl01_ctl00_phMain_phMain_ctl00_ctl02_ctl17_ctl01_imgContent\" src=\"https:\/\/viajes.nationalgeographic.com.es\/medio\/2022\/09\/29\/patricia-lopez3_e8c7d60e_800x800.jpg\" alt=\"Patricia lopez3\" style=\"border-width:0px;\"\/><\/p>\n<aside class=\"add300x250 publi-interior-top ad-container-r1 ad-inline\"\/>\n<p dir=\"ltr\"><strong><span id=\"docs-internal-guid-775108b1-7fff-2c92-5365-acc755f13e2a\">Hab\u00edas trabajado en cine y televisi\u00f3n, pero <\/span>Ane y el Goya que te llevaste lo cambiaron todo. \u00bfC\u00f3mo ha sido el viaje hasta hoy?<\/strong><\/p>\n<p><span id=\"docs-internal-guid-775108b1-7fff-2c92-5365-acc755f13e2a\">\u00a1Pues muy excitante! Fue una eclosi\u00f3n, una bomba que tiene una repercusi\u00f3n y una onda expansiva que se dilata kil\u00f3metros y kil\u00f3metros. A nivel private, es muy fuerte. De repente, hay much\u00edsima gente que se vuelca para felicitarte y recibes much\u00edsimo cari\u00f1o. \u00a1Te llegan cientos de mensajes! Hay personas que, de verdad, ves que se alegran mucho por ti, que lo han vivido contigo, para las que ese momento fue excitante, y notas la alegr\u00eda. Todo es muy emocional, no es solo el s\u00edmbolo o el reconocimiento del trabajo sino la oleada de cari\u00f1o que te llega alrededor, que es una pasada. A nivel profesional, desde que se estren\u00f3 <\/span>Ane, casi antes de los premios, empez\u00f3 la cosa como a ponerse muy intensa y me ha llegado much\u00edsimo trabajo. No me falta y recibo muchas propuestas, la verdad.<\/p>\n<p><strong><span id=\"docs-internal-guid-775108b1-7fff-2c92-5365-acc755f13e2a\">Entre ellas, \u201cApag\u00f3n\u201d, una serie que nos lleva hasta un <\/span>gran apag\u00f3n en la energ\u00eda y la tecnolog\u00eda del planeta, provocado por una tormenta photo voltaic. \u00bfTe dio cierto \u201cv\u00e9rtigo\u201d emocional trabajar en este escenario bastante inconceivable, pero no imposible?<\/strong><\/p>\n<p><span id=\"docs-internal-guid-775108b1-7fff-2c92-5365-acc755f13e2a\">S\u00ed, creo que para todos los que participamos en el rodaje o, por lo menos, para las compa\u00f1eras y los compa\u00f1eros con los que hablaba, period inevitable tener presente la pandemia que hemos vivido y que no hab\u00edamos podido imaginar antes. De repente la ciencia ficci\u00f3n se acerca m\u00e1s a algo casi documental, las probabilidades ya las consideras distintas por la experiencia. S\u00ed que est\u00e1s con otra sensibilidad. <\/span><\/p>\n<p><strong><span id=\"docs-internal-guid-775108b1-7fff-2c92-5365-acc755f13e2a\">La serie enfrenta a los personajes a una disaster que les obliga a adaptarse. El apag\u00f3n es temporal y, mientras se soluciona, hay que aprender a vivir en la nueva realidad. \u00bfLa serie habla, sobre todas las cosas, de la capacidad del ser humano para adaptarse a lo que haga falta?<\/span><\/strong><\/p>\n<p><span id=\"docs-internal-guid-775108b1-7fff-2c92-5365-acc755f13e2a\">S\u00ed, entre otras cosas\u2026 Hablamos de un escenario en el que lo primero es sobrevivir. Es como ir a llamar al cerebro reptiliano para que se ponga en marcha, porque es una cuesti\u00f3n de supervivencia whole. La adaptaci\u00f3n es parte de nuestra naturaleza y se pone a trabajar a cien mil, hasta el punto de que aparecen ciertos claroscuros morales y ciertas fricciones \u00e9ticas. Digamos que la civilizaci\u00f3n da paso a la barbarie, que se acerca hacia all\u00ed.<\/span><\/p>\n<figure class=\"thumb zoom\"><img loading=\"lazy\" decoding=\"async\" sizes=\"auto, 100vw\" srcset=\"https:\/\/viajes.nationalgeographic.com.es\/medio\/2022\/09\/29\/faro-caballeria-en-menorca_980742f8_720x478.jpg 720w,https:\/\/viajes.nationalgeographic.com.es\/medio\/2022\/09\/29\/faro-caballeria-en-menorca_89d2f80b_1200x797.jpg 1200w\" src=\"https:\/\/viajes.nationalgeographic.com.es\/medio\/2022\/09\/29\/faro-caballeria-en-menorca_89d2f80b_1200x797.jpg\" class=\"lazyload\" width=\"1200\" height=\"797\" data-aspectratio=\"1200\/797\"\/><noscript><img decoding=\"async\" src=\"https:\/\/viajes.nationalgeographic.com.es\/medio\/2022\/09\/29\/faro-caballeria-en-menorca_89d2f80b_1200x797.jpg\"\/><\/noscript><\/p>\n<div class=\"info\">\n<div class=\"credit\">\n<p>\u201cMenorca a mis 20 a\u00f1os fue un viaje salvaje y muy libre\u201d<\/p>\n<p>\u00a0<\/p>\n<\/div><figcaption class=\"by\">&#13;Foto: Istock<\/figcaption><\/div>\n<\/figure>\n<p><strong><span id=\"docs-internal-guid-775108b1-7fff-2c92-5365-acc755f13e2a\">El cap\u00edtulo que protagonizas, \u201cConfrontaci\u00f3n\u201d, cuenta c\u00f3mo los vecinos de una peque\u00f1a urbanizaci\u00f3n han conseguido organizarse en comunidad para sobrevivir, pero todo cambia cuando un grupo de ni\u00f1os se instala en la zona y amenaza la convivencia que hab\u00edan construido. T\u00fa personaje, madre de una adolescente, vive un gran conflicto\u2026<\/span><\/strong><\/p>\n<p><span id=\"docs-internal-guid-775108b1-7fff-2c92-5365-acc755f13e2a\">Marta es una mujer que siempre ha cre\u00eddo en la posibilidad de un mundo mejor y trabaja para ello. Est\u00e1 s\u00faper implicada en la educaci\u00f3n de su hija, de hecho, hay un momento en que se comenta que se ha le\u00eddo no s\u00e9 cu\u00e1ntos manuales de psicolog\u00eda adolescente, es alguien que quiere hacerlo bien. A los cuatro meses del apag\u00f3n, ella intenta mantener la normalidad como puede, trata de sujetar el mundo que conocemos dentro de toda esa circunstancia tan cr\u00edtica. Pero la amenaza de los ni\u00f1os, que poco a poco van colonizando la urbanizaci\u00f3n, y la burbuja que se han montado los vecinos para poder sobrevivir, en la que empiezan a peligrar el agua y los alimentos o la huerta, la ponen en un punto de tensi\u00f3n. Quiere proteger eso, pero, a la vez, es consciente de que son ni\u00f1os que necesitan ayuda. Ve en peligro a su hija, en pleno proceso inici\u00e1tico, en la adolescencia, que empieza a juzgar con una mirada cr\u00edtica a los adultos por c\u00f3mo se est\u00e1n saltando ciertos principios \u00e9ticos, abandonando a los ni\u00f1os y no ayud\u00e1ndoles, protegi\u00e9ndose de ellos\u2026 Su hija es como un espejo para ella, le hace ver los errores que est\u00e1n cometiendo. Eso, junto con la atracci\u00f3n que su hija siente por los ni\u00f1os, lo que hace que se vaya alejando de ella, le provoca un miedo que la lleva a saltarse ese umbral ethical y acercarse hacia la barbarie.<\/span><\/p>\n<p><strong><span id=\"docs-internal-guid-775108b1-7fff-2c92-5365-acc755f13e2a\">Por suerte, tu vida private es mucho m\u00e1s tranquila. <\/span>\u00bfSigues instalada en un pueblo de la monta\u00f1a alavesa o la ciudad ha conseguido \u201cengancharte\u201d?<\/strong><\/p>\n<p><span id=\"docs-internal-guid-775108b1-7fff-2c92-5365-acc755f13e2a\">Sigo viviendo en un pueblo, s\u00ed. \u00a1Ah\u00ed estoy!<\/span><\/p>\n<p><strong><span id=\"docs-internal-guid-775108b1-7fff-2c92-5365-acc755f13e2a\">\u00bfY no es dif\u00edcil compaginar tu profesi\u00f3n con el lugar donde vives?<\/span><\/strong><\/p>\n<p><span id=\"docs-internal-guid-775108b1-7fff-2c92-5365-acc755f13e2a\">Bueno, a veces, puede ser m\u00e1s inc\u00f3modo porque, a la hora de viajar, igual tienes que viajar m\u00e1s. Ahora estoy trabajando en Madrid [grabando una serie cuyo t\u00edtulo a\u00fan no puede desvelar] y mis compa\u00f1eros viven aqu\u00ed y cuando terminan se van a su casa; yo estoy fuera. O por ejemplo, a la hora de moverme, pues tengo que ir del pueblo a Vitoria y de Vitoria a donde sea. Pero, de momento, me compensa totalmente vivir donde vivo, porque, cuando llego all\u00ed, la desconexi\u00f3n es muy inmediata, me desestreso mucho. <\/span><\/p>\n<figure class=\"thumb zoom\"><img loading=\"lazy\" decoding=\"async\" sizes=\"auto, 100vw\" srcset=\"https:\/\/viajes.nationalgeographic.com.es\/medio\/2022\/09\/29\/marruecos_4ec85836_720x480.jpg 720w,https:\/\/viajes.nationalgeographic.com.es\/medio\/2022\/09\/29\/marruecos_b08d8a14_1200x800.jpg 1200w\" src=\"https:\/\/viajes.nationalgeographic.com.es\/medio\/2022\/09\/29\/marruecos_b08d8a14_1200x800.jpg\" class=\"lazyload\" width=\"1200\" height=\"800\" data-aspectratio=\"1200\/800\"\/><noscript><img decoding=\"async\" src=\"https:\/\/viajes.nationalgeographic.com.es\/medio\/2022\/09\/29\/marruecos_b08d8a14_1200x800.jpg\"\/><\/noscript><\/p>\n<div class=\"info\">\n<div class=\"credit\">\n<p dir=\"ltr\"><span id=\"docs-internal-guid-b5f06577-7fff-1b3e-f44f-346739e80222\">\u201cQuiero conocer Marruecos, su cultura y merodear por pueblos de all\u00ed, tanto de mar como de interior\u201d<\/span><\/p>\n<p>\u00a0<\/p>\n<\/div><figcaption class=\"by\">&#13;Foto: Istock<\/figcaption><\/div>\n<\/figure>\n<p><strong><span id=\"docs-internal-guid-775108b1-7fff-2c92-5365-acc755f13e2a\">Cuando puedes, \u00bfcu\u00e1nto viajas por placer? <\/span><\/strong><\/p>\n<p><span id=\"docs-internal-guid-775108b1-7fff-2c92-5365-acc755f13e2a\">Siempre que puedo. A ver, no hago grandes viajes, hago m\u00e1s rutas y, sobre todo, dentro de la pen\u00ednsula. Me encantan las carreteras secundarias, los pueblos peque\u00f1itos, aut\u00e9nticos, donde no hay mucho turismo. Hago escapaditas de tres d\u00edas por Navarra, Pa\u00eds Vasco o La Rioja, cerquita de casa. Cuando estoy trabajando mucho fuera, lo que me apetece es estar en casa. <\/span><\/p>\n<p><strong><span id=\"docs-internal-guid-775108b1-7fff-2c92-5365-acc755f13e2a\">Entonces, \u00bfeliges destinos pr\u00f3ximos porque el trabajo no te permite irte m\u00e1s all\u00e1?<\/span><\/strong><\/p>\n<p><span id=\"docs-internal-guid-775108b1-7fff-2c92-5365-acc755f13e2a\">No, realmente siempre ha sido as\u00ed. Es lo que me gusta. No quito valor a lo otro, a viajar lejos, pero mi tendencia siempre ha sido coger el coche y muchas veces no saber muy bien cu\u00e1l va a ser el viaje. Igual, marcarme un objetivo as\u00ed a lo lejos e ir improvisando por el camino por carreteritas, ir encontrando sitios y quedarme sobre la marcha donde me apetece. Me gusta m\u00e1s ir descubriendo cosas que no espero ni he imaginado. <\/span><\/p>\n<p><strong><span id=\"docs-internal-guid-775108b1-7fff-2c92-5365-acc755f13e2a\">\u00a1Eres una aventurera!<\/span><\/strong><\/p>\n<p><span id=\"docs-internal-guid-775108b1-7fff-2c92-5365-acc755f13e2a\">Me encanta improvisar, dormir al aire libre, en la <\/span><em>furgo<\/em> o con la tienda. Tampoco tiene que ser siempre este plan, pero me gusta dejar espacio a los descubrimientos y la aventura. A veces, puede ser un poco loco no encontrar un sitio para dormir, pero, s\u00ed, mis viajes tienen muy poca preparaci\u00f3n.<\/p>\n<p><strong><span id=\"docs-internal-guid-775108b1-7fff-2c92-5365-acc755f13e2a\">\u00bfCu\u00e1l es el m\u00e1s inolvidable o especial de todos?<\/span><\/strong><\/p>\n<p><span id=\"docs-internal-guid-775108b1-7fff-2c92-5365-acc755f13e2a\">Uno que hice a Menorca con 20 a\u00f1os y un mont\u00f3n de amigos. Hab\u00eda un amigo que estaba trabajando all\u00ed en verano y \u00edbamos llegando cuando cada uno pod\u00eda. Unos llegaban, otros se iban. Tuvimos un verano precioso, asalvajado whole, con la mochila puesta, movi\u00e9ndonos, haciendo <\/span>autostop, durmiendo por las playas con el saco debajo de las estrellas\u2026 Fue muy libre. Creo que es el viaje que m\u00e1s me ha marcado.<\/p>\n<p><strong><span id=\"docs-internal-guid-775108b1-7fff-2c92-5365-acc755f13e2a\">\u00bfHay alg\u00fan destino con el que sue\u00f1es? <\/span><\/strong><\/p>\n<p><span id=\"docs-internal-guid-775108b1-7fff-2c92-5365-acc755f13e2a\">No te creas que soy mucho de eso\u2026 No tengo un viaje muy claro con el que sue\u00f1e, s\u00ed que hay muchos sitios a los que me gustar\u00eda ir. Como M\u00e9xico o Islandia, para ver las auroras boreales. \u00bfSabes qu\u00e9 pasa? R\u00e1pidamente me sorprendo, soy de ir a ver los cerezos en flor del Valle del Jerte y emocionarme. Hay tantas cosas hermosas en el planeta por ver\u2026 <\/span><\/p>\n<div>\n<div class=\"cuadro-destacado\">\n<p class=\"overtitle\">Coordenadas viajeras<\/p>\n<h3 class=\"title\">Patricia L\u00f3pez Arnaiz<\/h3>\n<ol class=\"destacado-list\">\n<li class=\"destacado-list-item\">\n<p class=\"list-item-title\">\u00bfAd\u00f3nde nos llevas si vamos al norte?<\/p>\n<p class=\"list-item-text\"><span id=\"docs-internal-guid-2a748352-7fff-4c1a-4484-305b8253d260\">Pues vamos a ver las auroras boreales a Islandia. \u00a1Tengo much\u00edsimas ganas!<\/span><\/p>\n<\/li>\n<li class=\"destacado-list-item\">\n<p class=\"list-item-title\">\u00bfQu\u00e9 destino eliges mirando al sur?<\/p>\n<p class=\"list-item-text\"><span id=\"docs-internal-guid-293c0448-7fff-7b6a-7510-c045870c0853\">Marruecos, que no lo conozco todav\u00eda y lo tenemos al lado. Quiero conocer su cultura y merodear por pueblos de all\u00ed, tanto de mar como de inside. A m\u00ed lo que me gusta es vagabundear y descubrir cosas distintas.<\/span><\/p>\n<\/li>\n<li class=\"destacado-list-item\">\n<p class=\"list-item-title\">\u00bfY si vamos al este?<\/p>\n<p dir=\"ltr\"><span id=\"docs-internal-guid-c1a2e1f7-7fff-b4ce-ab0e-b1a78460467f\">India es un sitio que me gustar\u00eda conocer. Y tambi\u00e9n la Capadocia. \u00a1O la China rural! <\/span><\/p>\n<\/li>\n<li class=\"destacado-list-item\">\n<p class=\"list-item-title\">Toca el oeste&#8230;<\/p>\n<p class=\"list-item-text\"><span id=\"docs-internal-guid-f4bac837-7fff-f655-c0f0-965597391e5f\">Me quedo con M\u00e9xico. Tengo una amiga viviendo all\u00ed, pero tambi\u00e9n he conocido a gente de all\u00ed que est\u00e1 aqu\u00ed, descendientes, y la tradici\u00f3n mexicana me atrae much\u00edsimo.<\/span><\/p>\n<\/li>\n<\/ol>\n<\/div>\n<\/div>\n<div>\n<p dir=\"ltr\"><strong><span id=\"docs-internal-guid-0f0b8cdb-7fff-bb7f-9e6a-1c3a97052e91\">\u00bfQu\u00e9 no puede faltar en tu equipaje cuando viajas?<\/span><\/strong><\/p>\n<p dir=\"ltr\"><span id=\"docs-internal-guid-0f0b8cdb-7fff-bb7f-9e6a-1c3a97052e91\">Un libro. Suelo llevar siempre uno de ficci\u00f3n y otro de ensayo. Y, a veces, tambi\u00e9n poes\u00eda. En los momentos en que estoy m\u00e1s l\u00facida, a lo mejor, me apetece leer ensayo y, cuando quiero algo m\u00e1s de relajo y de viajar con la mente, me pongo con una novela. Y si voy a un sitio maravilloso y estoy en un enclave que me gusta mucho, pues igual me pongo a leer un poema para potenciar el momento. Pero intento ser pr\u00e1ctica. Si tengo que ir con un mochila, me llevo solo uno.<\/span><\/p>\n<p dir=\"ltr\"><strong><span id=\"docs-internal-guid-0f0b8cdb-7fff-bb7f-9e6a-1c3a97052e91\">\u00bfGastas alguna man\u00eda viajera?<\/span><\/strong><\/p>\n<p dir=\"ltr\"><span id=\"docs-internal-guid-0f0b8cdb-7fff-bb7f-9e6a-1c3a97052e91\">Yo viajo para estar perceptiva, as\u00ed que intento llegar a un estado de todo lo contrario. Voy totalmente predispuesta a recibir, no tengo ninguna man\u00eda. Es m\u00e1s que se me olvide llevar algo necesario, lo dem\u00e1s es partir y estar receptiva al momento. O sea, intentar estar donde estoy y observar y escuchar y sentirme en el lugar en el que estoy. El objetivo es ese, por eso cualquier destino es bueno. Al remaining, es como un ejercicio casi meditativo de conectar con el sitio.<\/span><\/p>\n<p dir=\"ltr\"><strong><span id=\"docs-internal-guid-0f0b8cdb-7fff-bb7f-9e6a-1c3a97052e91\">\u00bfRecuerdas una de esas conexiones tan especiales?<\/span><\/strong><\/p>\n<p dir=\"ltr\"><span id=\"docs-internal-guid-0f0b8cdb-7fff-bb7f-9e6a-1c3a97052e91\">S\u00ed, desde luego, son instantes. Por ejemplo, en Menorca me ha pasado. Volv\u00ed el a\u00f1o pasado, 20 a\u00f1os despu\u00e9s. Fue muy diferente, porque no fue ese salvajismo de la aventura que te he contado antes, pero hubo un momento maravilloso en que nos ba\u00f1amos de noche\u2026 Period una noche con la luna peque\u00f1ita y se ve\u00edan todas las estrellas. Est\u00e1bamos flotando y no ve\u00edas el horizonte, no sab\u00edas d\u00f3nde acababa el mar y d\u00f3nde empezaba el cielo. Period como estar flotando dentro del universo, negro whole, con las estrellas. Fue un momento brutal. <\/span><\/p>\n<figure class=\"thumb zoom\"><img loading=\"lazy\" decoding=\"async\" sizes=\"auto, 100vw\" srcset=\"https:\/\/viajes.nationalgeographic.com.es\/medio\/2022\/09\/29\/haridwar-ganges-india_72c33b68_720x498.jpg 720w,https:\/\/viajes.nationalgeographic.com.es\/medio\/2022\/09\/29\/haridwar-ganges-india_b3d91fb5_1200x830.jpg 1200w\" src=\"https:\/\/viajes.nationalgeographic.com.es\/medio\/2022\/09\/29\/haridwar-ganges-india_b3d91fb5_1200x830.jpg\" class=\"lazyload\" width=\"1200\" height=\"830\" data-aspectratio=\"1200\/830\"\/><noscript><img decoding=\"async\" src=\"https:\/\/viajes.nationalgeographic.com.es\/medio\/2022\/09\/29\/haridwar-ganges-india_b3d91fb5_1200x830.jpg\"\/><\/noscript><\/p>\n<div class=\"info\">\n<div class=\"credit\">\n<p dir=\"ltr\"><span id=\"docs-internal-guid-7086819c-7fff-580b-8e0c-8cd3c58d2adf\">\u201cIndia es un sitio que me gustar\u00eda conocer. Y tambi\u00e9n la Capadocia. \u00a1O la China rural!\u201d<\/span><\/p>\n<p>\u00a0<\/p>\n<\/div><figcaption class=\"by\">&#13;<\/figcaption><\/div>\n<\/figure>\n<p dir=\"ltr\"><strong><span id=\"docs-internal-guid-0f0b8cdb-7fff-bb7f-9e6a-1c3a97052e91\">Me da a m\u00ed que eres poco de <em>souvenirs<\/em>\u2026 \u00bfTienes alguno en casa?<\/span><\/strong><\/p>\n<p dir=\"ltr\"><span id=\"docs-internal-guid-0f0b8cdb-7fff-bb7f-9e6a-1c3a97052e91\">Tengo enviornment de Menorca en una cajita. Se qued\u00f3 metida en un bolsillo en un ba\u00f1o nocturno con las bermudas puestas y, a la ma\u00f1ana siguiente, descubr\u00ed ese pu\u00f1ado de enviornment y me lo llev\u00e9.<\/span><\/p>\n<p dir=\"ltr\"><strong><span id=\"docs-internal-guid-0f0b8cdb-7fff-bb7f-9e6a-1c3a97052e91\">\u00bfUn plato que tengas grabado a fuego en el paladar?<\/span><\/strong><\/p>\n<p dir=\"ltr\"><span id=\"docs-internal-guid-0f0b8cdb-7fff-bb7f-9e6a-1c3a97052e91\">\u00a1Las gambas de Huelva! Mi iniciaci\u00f3n en el vino blanco fue en Sevilla. Siempre hab\u00eda bebido tinto, porque al blanco no terminaba de pillarle el punto. Y fue trabajando en Sevilla, cuando fui a hacer <\/span>La Peste, cuando me inici\u00e9 en el vino blanco por las gambas de Huelva, que estaban incre\u00edbles. Luego me pas\u00f3 que, a la vuelta, cuando tomaba vino blanco, sent\u00eda que com\u00eda gambas de Huelva [risas]. Mi cerebro ya hac\u00eda el nexo directo.<\/p>\n<p dir=\"ltr\"><strong><span id=\"docs-internal-guid-0f0b8cdb-7fff-bb7f-9e6a-1c3a97052e91\">Mirando al futuro, \u00bfd\u00f3nde te imaginas retirada?<\/span><\/strong><\/p>\n<p dir=\"ltr\"><span id=\"docs-internal-guid-0f0b8cdb-7fff-bb7f-9e6a-1c3a97052e91\">Donde ya vivo\u2026 Lo que pasa es que s\u00ed que me gustar\u00eda, aunque en el pueblo estoy guay, tener un refugio literal en el monte, algo m\u00e1s salvaje. Puede ser bonito tener las dos cosas. Ahora mismo, me gusta estar cerca de la familia, entonces, no me ir\u00eda lejos. <\/span><\/p>\n<p dir=\"ltr\"><strong><span id=\"docs-internal-guid-0f0b8cdb-7fff-bb7f-9e6a-1c3a97052e91\">\u00daltima pregunta, y obligada: \u00bfpor qu\u00e9 viajas?<\/span><\/strong><\/p>\n<p dir=\"ltr\"><span id=\"docs-internal-guid-0f0b8cdb-7fff-bb7f-9e6a-1c3a97052e91\">Viajar es como limpiarte la mirada, ser capaz de volver a mirar con inter\u00e9s y curiosidad, y buscar la belleza, tanto de los lugares como de la gente. Es como si viajar te diera un poco vista de p\u00e1jaro y te pudieras ver a ti mismo funcionado en esa cultura. Creo que nos ayuda a olvidarnos de en qu\u00e9 trabajamos, de las preocupaciones\u2026 Todo eso se queda en tu lugar de rutina.<\/span><\/p>\n<\/div>\n<aside class=\"add300x600 publi-interior-bot ad-inline ad-container-r2\"\/><\/div>\n\n<p><em> &#8221; Fuentes viajes.nationalgeographic.com.es &#8221; <\/em><\/p>\n","protected":false},"excerpt":{"rendered":"<p>Somos de rutas, no de rutinas. Descubre Viajes Nationwide Geographic SABER M\u00c1S Hab\u00edas trabajado en cine y televisi\u00f3n, pero Ane y el Goya que te llevaste lo cambiaron todo. \u00bfC\u00f3mo ha sido el viaje hasta hoy? \u00a1Pues muy excitante! Fue una eclosi\u00f3n, una bomba que tiene una repercusi\u00f3n y una onda expansiva que se dilata [&hellip;]<\/p>\n","protected":false},"author":4,"featured_media":396412,"comment_status":"open","ping_status":"closed","sticky":false,"template":"","format":"standard","meta":{"om_disable_all_campaigns":false,"jnews-multi-image_gallery":[],"jnews_single_post":[],"jnews_primary_category":[],"jnews_social_meta":[],"footnotes":""},"categories":[39],"tags":[47258,47257],"class_list":["post-396411","post","type-post","status-publish","format-standard","has-post-thumbnail","hentry","category-viajes","tag-cargado-desde-el-fichero-de-recursos","tag-keywords-por-defecto"],"_links":{"self":[{"href":"https:\/\/dimensionturistica.com\/es\/wp-json\/wp\/v2\/posts\/396411","targetHints":{"allow":["GET"]}}],"collection":[{"href":"https:\/\/dimensionturistica.com\/es\/wp-json\/wp\/v2\/posts"}],"about":[{"href":"https:\/\/dimensionturistica.com\/es\/wp-json\/wp\/v2\/types\/post"}],"author":[{"embeddable":true,"href":"https:\/\/dimensionturistica.com\/es\/wp-json\/wp\/v2\/users\/4"}],"replies":[{"embeddable":true,"href":"https:\/\/dimensionturistica.com\/es\/wp-json\/wp\/v2\/comments?post=396411"}],"version-history":[{"count":0,"href":"https:\/\/dimensionturistica.com\/es\/wp-json\/wp\/v2\/posts\/396411\/revisions"}],"wp:featuredmedia":[{"embeddable":true,"href":"https:\/\/dimensionturistica.com\/es\/wp-json\/wp\/v2\/media\/396412"}],"wp:attachment":[{"href":"https:\/\/dimensionturistica.com\/es\/wp-json\/wp\/v2\/media?parent=396411"}],"wp:term":[{"taxonomy":"category","embeddable":true,"href":"https:\/\/dimensionturistica.com\/es\/wp-json\/wp\/v2\/categories?post=396411"},{"taxonomy":"post_tag","embeddable":true,"href":"https:\/\/dimensionturistica.com\/es\/wp-json\/wp\/v2\/tags?post=396411"}],"curies":[{"name":"wp","href":"https:\/\/api.w.org\/{rel}","templated":true}]}}