{"id":396214,"date":"2022-09-30T00:44:14","date_gmt":"2022-09-30T00:44:14","guid":{"rendered":"https:\/\/dimensionturistica.com\/es\/?p=396214"},"modified":"2022-09-30T00:44:14","modified_gmt":"2022-09-30T00:44:14","slug":"el-telegrafo-cancilleria-del-ecuador-recomienda-no-realizar-viajes-a-rusia","status":"publish","type":"post","link":"https:\/\/dimensionturistica.com\/es\/el-telegrafo-cancilleria-del-ecuador-recomienda-no-realizar-viajes-a-rusia\/","title":{"rendered":"El Tel\u00e9grafo &#8211; Canciller\u00eda del Ecuador recomienda no realizar viajes a Rusia"},"content":{"rendered":"<p> <br \/>\n<\/p>\n<div itemprop=\"articleBody\">\n<p>El Ministerio de Relaciones Exteriores y Movilidad Humana realiz\u00f3 este jueves 29 de septiembre de 2022 una serie de recomendaciones a los ecuatorianos residentes en Rusia. La Canciller\u00eda recomend\u00f3 no realizar viajes al pa\u00eds europeo, a menos que sea\u00a0estrictamente necesario.\u00a0<\/p>\n<p>El Gobierno del Ecuador ha expresado su preocupaci\u00f3n por la invasi\u00f3n rusa a Ucrania y las intenciones de anexar cuatro territorios de ese pa\u00eds. Adem\u00e1s, el presidente Vladimir Putin estableci\u00f3 una movilizaci\u00f3n militar masiva, reclutamiento obligatorio y penas de c\u00e1rcel m\u00e1s fuertes contra la\u00a0deserci\u00f3n y la objeci\u00f3n de conciencia.\u00a0<\/p>\n<p>Debido a esta situaci\u00f3n, la Canciller\u00eda ha establecido una l\u00ednea de contacto con los ecuatorianos que residen en Rusia y apoyo a los padres de familia cuyos hijos estudian en ese pa\u00eds. Ecuador cuenta con Embajada y Consulado en Rusia, por lo que estableci\u00f3 la l\u00ednea +7-901-350-18-44 o al correo electr\u00f3nico <span id=\"cloakfee03f778d7a43ecced2235b0662308e\">Esta direcci\u00f3n de correo electr\u00f3nico est\u00e1 siendo protegida contra los robots de spam. Necesita tener JavaScript habilitado para poder verlo.<\/span><\/p>\n<p>El Ministerio de Relaciones Exteriores solicit\u00f3 que los ecuatorianos en Rusia deben estar en permanente contacto con la misi\u00f3n diplom\u00e1tica ecuatoriana, con toda la documentaci\u00f3n necesaria, en el caso de que se agudice el conflicto armado.\u00a0<\/p>\n<p>&#8220;Reiteramos reconsiderar viajes no indispensables a Rusia&#8221;, reiter\u00f3 la Canciller\u00eda.\u00a0<\/p>\n<p><img decoding=\"async\" src=\"https:\/\/pbs.twimg.com\/media\/Fd3HaziXwAACR5q?format=jpg&amp;name=small\" alt=\"Imagen\"\/><\/p>\n<\/p><\/div>\n\n<p><em> &#8221; Fuentes www.eltelegrafo.com.ec &#8221; <\/em><\/p>\n","protected":false},"excerpt":{"rendered":"<p>El Ministerio de Relaciones Exteriores y Movilidad Humana realiz\u00f3 este jueves 29 de septiembre de 2022 una serie de recomendaciones a los ecuatorianos residentes en Rusia. La Canciller\u00eda recomend\u00f3 no realizar viajes al pa\u00eds europeo, a menos que sea\u00a0estrictamente necesario.\u00a0 El Gobierno del Ecuador ha expresado su preocupaci\u00f3n por la invasi\u00f3n rusa a Ucrania y [&hellip;]<\/p>\n","protected":false},"author":4,"featured_media":396215,"comment_status":"open","ping_status":"closed","sticky":false,"template":"","format":"standard","meta":{"om_disable_all_campaigns":false,"jnews-multi-image_gallery":[],"jnews_single_post":[],"jnews_primary_category":[],"jnews_social_meta":[],"footnotes":""},"categories":[39],"tags":[54425,3822,545],"class_list":["post-396214","post","type-post","status-publish","format-standard","has-post-thumbnail","hentry","category-viajes","tag-cancilleria-del-ecuador","tag-rusia","tag-viajes"],"_links":{"self":[{"href":"https:\/\/dimensionturistica.com\/es\/wp-json\/wp\/v2\/posts\/396214","targetHints":{"allow":["GET"]}}],"collection":[{"href":"https:\/\/dimensionturistica.com\/es\/wp-json\/wp\/v2\/posts"}],"about":[{"href":"https:\/\/dimensionturistica.com\/es\/wp-json\/wp\/v2\/types\/post"}],"author":[{"embeddable":true,"href":"https:\/\/dimensionturistica.com\/es\/wp-json\/wp\/v2\/users\/4"}],"replies":[{"embeddable":true,"href":"https:\/\/dimensionturistica.com\/es\/wp-json\/wp\/v2\/comments?post=396214"}],"version-history":[{"count":0,"href":"https:\/\/dimensionturistica.com\/es\/wp-json\/wp\/v2\/posts\/396214\/revisions"}],"wp:featuredmedia":[{"embeddable":true,"href":"https:\/\/dimensionturistica.com\/es\/wp-json\/wp\/v2\/media\/396215"}],"wp:attachment":[{"href":"https:\/\/dimensionturistica.com\/es\/wp-json\/wp\/v2\/media?parent=396214"}],"wp:term":[{"taxonomy":"category","embeddable":true,"href":"https:\/\/dimensionturistica.com\/es\/wp-json\/wp\/v2\/categories?post=396214"},{"taxonomy":"post_tag","embeddable":true,"href":"https:\/\/dimensionturistica.com\/es\/wp-json\/wp\/v2\/tags?post=396214"}],"curies":[{"name":"wp","href":"https:\/\/api.w.org\/{rel}","templated":true}]}}