{"id":395898,"date":"2022-09-29T12:49:01","date_gmt":"2022-09-29T12:49:01","guid":{"rendered":"https:\/\/dimensionturistica.com\/es\/?p=395898"},"modified":"2022-09-29T12:49:02","modified_gmt":"2022-09-29T12:49:02","slug":"mas-de-una-veintena-de-agentes-turisticos-de-la-costa-del-sol-disfrutaron-de-la-subbetica-durante-el-dia-mundial-del-turismo","status":"publish","type":"post","link":"https:\/\/dimensionturistica.com\/es\/mas-de-una-veintena-de-agentes-turisticos-de-la-costa-del-sol-disfrutaron-de-la-subbetica-durante-el-dia-mundial-del-turismo\/","title":{"rendered":"M\u00e1s de una veintena de agentes tur\u00edsticos de la Costa del Sol disfrutaron de la Subb\u00e9tica durante el D\u00eda Mundial del Turismo"},"content":{"rendered":"<p> <br \/>\n<\/p>\n<div>\n                                    M\u00e1s de una veintena de profesionales del sector tur\u00edstico procedentes de la Costa del Sol visitaron este martes nuestra comarca en un fam journey organizado por la Mancomunidad de la Subb\u00e9tica y el CIT Subb\u00e9tica, con motivo del D\u00eda Mundial del Turismo 2022, que este a\u00f1o lleva por lema \u2018\u2019Repensar el turismo\u2019\u2019.<\/p>\n<p>Esta iniciativa, en la que nuevamente se pone de manifiesto la colaboraci\u00f3n p\u00fablico-privada ente entidades implicadas en el desarrollo tur\u00edstico de la zona, surge de la thought de aprovechar esta fecha tan se\u00f1alada, para \u2018\u2019convertirnos en anfitriones de nuestra propia comarca\u2019\u2019 y darlo a conocer in situ, de manera que estos profesionales tambi\u00e9n puedan recomendarlo a sus clientes y comercializar las experiencias o actividades de nuestro destino. Igualmente, se vincula a la l\u00ednea de promoci\u00f3n internacional en la que se ha venido trabajando durante los \u00faltimos meses, ya que algunos de los invitados son prescriptores para p\u00fablico europeo.<\/p>\n<p>Tras un desayuno de bienvenida en Lucena, el grupo se divid\u00eda en varias rutas propuestas para conocer algunos de los distintos recursos y productos que pueden ofrecerse: cicloturismo por la V\u00eda Verde del Aceite a su paso por Do\u00f1a Menc\u00eda, Luque y Zuheros; senderismo por el Parque Pure y Geoparque de las Sierras Subb\u00e9ticas en el t\u00e9rmino de Carcabuey, visitas culturales por Almedinilla y Priego de C\u00f3rdoba, y visitas a los patios y rincones con encanto de Izn\u00e1jar y Rute. Finalmente, pudieron disfrutar de un almuerzo conjunto en Cabra y una parada por las Tierras de Jos\u00e9 Mar\u00eda \u2018\u2019El Tempranillo\u2019\u2019 en Benamej\u00ed, antes de regresar a M\u00e1laga.<\/p>\n<p>As\u00ed, diferentes agentes de viajes como Scancoming Spain, AVO Group o I\u2019m Expertise, entre otros; colectivos como la Asociaci\u00f3n de Franc\u00f3fonos de la Costa del Sol; gu\u00edas oficiales como CM Metropolis Excursions o Prime Excursions; bloggers de Andaluc\u00eda Mola, o profesionales del advertising como La Copy Tur\u00edstica, descubrieron todo el valor de la Subb\u00e9tica como destino en el centro de Andaluc\u00eda, quiz\u00e1 desconocido y a la vez tan cercano, para el p\u00fablico malague\u00f1o.<\/p>\n<div class=\"ad-slot oat oat-visible oat-top \" data-mark=\"Publicidad\" style=\"height: 160px;\"><a rel=\"nofollow noopener\" target=\"_blank\" href=\"https:\/\/www.subbeticahoy.com\/ads\/20200107233038013900\"> <img loading=\"lazy\" decoding=\"async\" src=\"https:\/\/www.subbeticahoy.com\/media\/subbeticahoy\/images\/2020\/01\/07\/2020010723300298756.png\" width=\"600\" height=\"145\" class=\"lazyload\" srcset=\"https:\/\/www.subbeticahoy.comhttps:\/\/www.subbeticahoy.comhttps:\/\/www.subbeticahoy.comhttps:\/\/www.subbeticahoy.com\/asset\/thumbnail,https:\/\/www.subbeticahoy.com\/480,https:\/\/www.subbeticahoy.com\/270,https:\/\/www.subbeticahoy.com\/https:\/\/www.subbeticahoy.com\/https:\/\/www.subbeticahoy.com\/https:\/\/www.subbeticahoy.com\/center,https:\/\/www.subbeticahoy.com\/https:\/\/www.subbeticahoy.com\/https:\/\/www.subbeticahoy.com\/https:\/\/www.subbeticahoy.com\/center\/\/media\/subbeticahoy\/images\/2020\/01\/07\/2020010723300298756.png https:\/\/www.subbeticahoy.com\/480w,https:\/\/www.subbeticahoy.comhttps:\/\/www.subbeticahoy.comhttps:\/\/www.subbeticahoy.comhttps:\/\/www.subbeticahoy.com\/asset\/thumbnail,https:\/\/www.subbeticahoy.com\/768,https:\/\/www.subbeticahoy.com\/432,https:\/\/www.subbeticahoy.com\/https:\/\/www.subbeticahoy.com\/https:\/\/www.subbeticahoy.com\/https:\/\/www.subbeticahoy.com\/center,https:\/\/www.subbeticahoy.com\/https:\/\/www.subbeticahoy.com\/https:\/\/www.subbeticahoy.com\/https:\/\/www.subbeticahoy.com\/center\/\/media\/subbeticahoy\/images\/2020\/01\/07\/2020010723300298756.png https:\/\/www.subbeticahoy.com\/768w,https:\/\/www.subbeticahoy.comhttps:\/\/www.subbeticahoy.comhttps:\/\/www.subbeticahoy.comhttps:\/\/www.subbeticahoy.com\/asset\/thumbnail,https:\/\/www.subbeticahoy.com\/992,https:\/\/www.subbeticahoy.com\/558,https:\/\/www.subbeticahoy.com\/https:\/\/www.subbeticahoy.com\/https:\/\/www.subbeticahoy.com\/https:\/\/www.subbeticahoy.com\/center,https:\/\/www.subbeticahoy.com\/https:\/\/www.subbeticahoy.com\/https:\/\/www.subbeticahoy.com\/https:\/\/www.subbeticahoy.com\/center\/\/media\/subbeticahoy\/images\/2020\/01\/07\/2020010723300298756.png https:\/\/www.subbeticahoy.com\/992w,https:\/\/www.subbeticahoy.comhttps:\/\/www.subbeticahoy.comhttps:\/\/www.subbeticahoy.comhttps:\/\/www.subbeticahoy.com\/asset\/thumbnail,https:\/\/www.subbeticahoy.com\/1280,https:\/\/www.subbeticahoy.com\/720,https:\/\/www.subbeticahoy.com\/https:\/\/www.subbeticahoy.com\/https:\/\/www.subbeticahoy.com\/https:\/\/www.subbeticahoy.com\/center,https:\/\/www.subbeticahoy.com\/https:\/\/www.subbeticahoy.com\/https:\/\/www.subbeticahoy.com\/https:\/\/www.subbeticahoy.com\/center\/\/media\/subbeticahoy\/images\/2020\/01\/07\/2020010723300298756.png https:\/\/www.subbeticahoy.com\/1280w\" sizes=\"auto, (max-width: 480px) 480px, (max-width: 768px) 768px, (max-width: 992px) 992px, 1280px\"\/> <\/a><\/div>\n<p>Cabe destacar que el programa de actividades por el D\u00eda Mundial del Turismo en la Subb\u00e9tica continuar\u00e1 hasta el pr\u00f3ximo fin de semana, con eventos en los municipios que pueden consultarse en la internet: www.subbeticacentrodeandalucia.es<\/p>\n<div class=\"ad-slot oat oat-visible oat-top \" data-mark=\"Publicidad\" style=\"height: 145px;\"><a rel=\"nofollow noopener\" target=\"_blank\" href=\"https:\/\/www.subbeticahoy.com\/ads\/20201216212533016720\"> <img loading=\"lazy\" decoding=\"async\" src=\"https:\/\/www.subbeticahoy.com\/media\/subbeticahoy\/images\/2020\/12\/16\/2020121621182041469.jpg\" width=\"620\" height=\"130\" class=\"lazyload\" srcset=\"https:\/\/www.subbeticahoy.comhttps:\/\/www.subbeticahoy.comhttps:\/\/www.subbeticahoy.comhttps:\/\/www.subbeticahoy.com\/asset\/thumbnail,https:\/\/www.subbeticahoy.com\/480,https:\/\/www.subbeticahoy.com\/270,https:\/\/www.subbeticahoy.com\/https:\/\/www.subbeticahoy.com\/https:\/\/www.subbeticahoy.com\/https:\/\/www.subbeticahoy.com\/center,https:\/\/www.subbeticahoy.com\/https:\/\/www.subbeticahoy.com\/https:\/\/www.subbeticahoy.com\/https:\/\/www.subbeticahoy.com\/center\/\/media\/subbeticahoy\/images\/2020\/12\/16\/2020121621182041469.jpg https:\/\/www.subbeticahoy.com\/480w,https:\/\/www.subbeticahoy.comhttps:\/\/www.subbeticahoy.comhttps:\/\/www.subbeticahoy.comhttps:\/\/www.subbeticahoy.com\/asset\/thumbnail,https:\/\/www.subbeticahoy.com\/768,https:\/\/www.subbeticahoy.com\/432,https:\/\/www.subbeticahoy.com\/https:\/\/www.subbeticahoy.com\/https:\/\/www.subbeticahoy.com\/https:\/\/www.subbeticahoy.com\/center,https:\/\/www.subbeticahoy.com\/https:\/\/www.subbeticahoy.com\/https:\/\/www.subbeticahoy.com\/https:\/\/www.subbeticahoy.com\/center\/\/media\/subbeticahoy\/images\/2020\/12\/16\/2020121621182041469.jpg https:\/\/www.subbeticahoy.com\/768w,https:\/\/www.subbeticahoy.comhttps:\/\/www.subbeticahoy.comhttps:\/\/www.subbeticahoy.comhttps:\/\/www.subbeticahoy.com\/asset\/thumbnail,https:\/\/www.subbeticahoy.com\/992,https:\/\/www.subbeticahoy.com\/558,https:\/\/www.subbeticahoy.com\/https:\/\/www.subbeticahoy.com\/https:\/\/www.subbeticahoy.com\/https:\/\/www.subbeticahoy.com\/center,https:\/\/www.subbeticahoy.com\/https:\/\/www.subbeticahoy.com\/https:\/\/www.subbeticahoy.com\/https:\/\/www.subbeticahoy.com\/center\/\/media\/subbeticahoy\/images\/2020\/12\/16\/2020121621182041469.jpg https:\/\/www.subbeticahoy.com\/992w,https:\/\/www.subbeticahoy.comhttps:\/\/www.subbeticahoy.comhttps:\/\/www.subbeticahoy.comhttps:\/\/www.subbeticahoy.com\/asset\/thumbnail,https:\/\/www.subbeticahoy.com\/1280,https:\/\/www.subbeticahoy.com\/720,https:\/\/www.subbeticahoy.com\/https:\/\/www.subbeticahoy.com\/https:\/\/www.subbeticahoy.com\/https:\/\/www.subbeticahoy.com\/center,https:\/\/www.subbeticahoy.com\/https:\/\/www.subbeticahoy.com\/https:\/\/www.subbeticahoy.com\/https:\/\/www.subbeticahoy.com\/center\/\/media\/subbeticahoy\/images\/2020\/12\/16\/2020121621182041469.jpg https:\/\/www.subbeticahoy.com\/1280w\" sizes=\"auto, (max-width: 480px) 480px, (max-width: 768px) 768px, (max-width: 992px) 992px, 1280px\"\/> <\/a><\/div><\/div>\n\n<p><em> &#8221; Fuentes www.subbeticahoy.com &#8221; <\/em><\/p>\n","protected":false},"excerpt":{"rendered":"<p>M\u00e1s de una veintena de profesionales del sector tur\u00edstico procedentes de la Costa del Sol visitaron este martes nuestra comarca en un fam journey organizado por la Mancomunidad de la Subb\u00e9tica y el CIT Subb\u00e9tica, con motivo del D\u00eda Mundial del Turismo 2022, que este a\u00f1o lleva por lema \u2018\u2019Repensar el turismo\u2019\u2019. Esta iniciativa, en [&hellip;]<\/p>\n","protected":false},"author":4,"featured_media":369597,"comment_status":"open","ping_status":"closed","sticky":false,"template":"","format":"standard","meta":{"om_disable_all_campaigns":false,"jnews-multi-image_gallery":[],"jnews_single_post":[],"jnews_primary_category":[],"jnews_social_meta":[],"footnotes":""},"categories":[40],"tags":[38191,544],"class_list":["post-395898","post","type-post","status-publish","format-standard","has-post-thumbnail","hentry","category-industria","tag-subbetica","tag-turismo"],"_links":{"self":[{"href":"https:\/\/dimensionturistica.com\/es\/wp-json\/wp\/v2\/posts\/395898","targetHints":{"allow":["GET"]}}],"collection":[{"href":"https:\/\/dimensionturistica.com\/es\/wp-json\/wp\/v2\/posts"}],"about":[{"href":"https:\/\/dimensionturistica.com\/es\/wp-json\/wp\/v2\/types\/post"}],"author":[{"embeddable":true,"href":"https:\/\/dimensionturistica.com\/es\/wp-json\/wp\/v2\/users\/4"}],"replies":[{"embeddable":true,"href":"https:\/\/dimensionturistica.com\/es\/wp-json\/wp\/v2\/comments?post=395898"}],"version-history":[{"count":0,"href":"https:\/\/dimensionturistica.com\/es\/wp-json\/wp\/v2\/posts\/395898\/revisions"}],"wp:featuredmedia":[{"embeddable":true,"href":"https:\/\/dimensionturistica.com\/es\/wp-json\/wp\/v2\/media\/369597"}],"wp:attachment":[{"href":"https:\/\/dimensionturistica.com\/es\/wp-json\/wp\/v2\/media?parent=395898"}],"wp:term":[{"taxonomy":"category","embeddable":true,"href":"https:\/\/dimensionturistica.com\/es\/wp-json\/wp\/v2\/categories?post=395898"},{"taxonomy":"post_tag","embeddable":true,"href":"https:\/\/dimensionturistica.com\/es\/wp-json\/wp\/v2\/tags?post=395898"}],"curies":[{"name":"wp","href":"https:\/\/api.w.org\/{rel}","templated":true}]}}