{"id":395836,"date":"2022-09-29T11:14:07","date_gmt":"2022-09-29T11:14:07","guid":{"rendered":"https:\/\/dimensionturistica.com\/es\/?p=395836"},"modified":"2022-09-29T11:14:07","modified_gmt":"2022-09-29T11:14:07","slug":"ernest-breton-y-la-ilustracion-de-viajes-en-el-romanticismo-exposicion-santander-paraninfo-uc-6-octubre-al-30-diciembre","status":"publish","type":"post","link":"https:\/\/dimensionturistica.com\/es\/ernest-breton-y-la-ilustracion-de-viajes-en-el-romanticismo-exposicion-santander-paraninfo-uc-6-octubre-al-30-diciembre\/","title":{"rendered":"Ernest Breton y la Ilustraci\u00f3n de viajes en el romanticismo &#8211; Exposici\u00f3n &#8211; Santander | Paraninfo UC &#8211; 6 octubre al 30 diciembre"},"content":{"rendered":"<p> <br \/>\n<\/p>\n<div><span style=\"color: #800000; font-size: x-large;\"><strong>\u201c<\/strong><\/span><span style=\"color: #800000; font-size: x-large;\"><strong>Ernest Breton y la Ilustraci\u00f3n de viajes en el romanticismo\u201d<\/strong><\/span><br \/><strong>Exposici\u00f3n<\/strong><br \/>Muestra de los fondos art\u00edsticos de la Universidad de Cantabria en la conmemoraci\u00f3n de su cincuenta aniversario.<\/p>\n<p>Horario: de 19:00 a 21:00 horas.<\/p>\n<p><strong><span style=\"color: #800000;\"><strong>Paraninfo de la Universidad de Cantabria<\/strong><\/span><\/strong><strong><strong><br \/><\/strong><\/strong>c\/ Sevilla n\u00ba\u00a0 6, Santander<\/p>\n<\/div>\n<div id=\"microdatos\">\n<p><!-- DATOS FONDO INFO--><\/p>\n<div class=\"infoDiapoFondo\" id=\"informacionEvento\">\n<p>\n<span><strong>Ernest Breton y la Ilustraci\u00f3n de viajes en el romanticismo<\/strong><\/span>\n<\/p>\n<\/div>\n<p><!-- END DATOS INFO --><\/p>\n<p><!-- DATOS FONDO SERP--><\/p>\n<div id=\"venue\" class=\"datosDiapoFondo\">\n<p><span><strong>Lugar:<\/strong> Paraninfo de la Universidad de Cantabria<\/span><\/p>\n<\/div>\n<div id=\"fechaseventofinal\" class=\"datosDiapoFondo\">\n<p><span><strong>Fecha last:\u00a0\u00a0<\/strong> 30-12-2022 <\/span><\/p>\n<\/div>\n<div id=\"adress\" class=\"datosDiapoFondo\">\n<p><span><strong>Direcci\u00f3n:<\/strong> Paraninfo de la Universidad de Cantabria, Plaza de la Universidad, 39001 Santander, Espa\u00f1a <\/span><\/p>\n<\/div>\n<p><!-- END DATOS FONDO SERP-->\n<\/div>\n\n<p><em> &#8221; Fuentes itm.com.es &#8221; <\/em><\/p>\n","protected":false},"excerpt":{"rendered":"<p>\u201cErnest Breton y la Ilustraci\u00f3n de viajes en el romanticismo\u201dExposici\u00f3nMuestra de los fondos art\u00edsticos de la Universidad de Cantabria en la conmemoraci\u00f3n de su cincuenta aniversario. Horario: de 19:00 a 21:00 horas. Paraninfo de la Universidad de Cantabriac\/ Sevilla n\u00ba\u00a0 6, Santander Ernest Breton y la Ilustraci\u00f3n de viajes en el romanticismo Lugar: Paraninfo de [&hellip;]<\/p>\n","protected":false},"author":4,"featured_media":0,"comment_status":"open","ping_status":"closed","sticky":false,"template":"","format":"standard","meta":{"om_disable_all_campaigns":false,"jnews-multi-image_gallery":[],"jnews_single_post":[],"jnews_primary_category":[],"jnews_social_meta":[],"footnotes":""},"categories":[39],"tags":[54389,9609,54390],"class_list":["post-395836","post","type-post","status-publish","format-standard","hentry","category-viajes","tag-ernest-breton-y-la-ilustracion-de-viajes-en-el-romanticismo","tag-exposicion","tag-santander-paraninfo-uc"],"_links":{"self":[{"href":"https:\/\/dimensionturistica.com\/es\/wp-json\/wp\/v2\/posts\/395836","targetHints":{"allow":["GET"]}}],"collection":[{"href":"https:\/\/dimensionturistica.com\/es\/wp-json\/wp\/v2\/posts"}],"about":[{"href":"https:\/\/dimensionturistica.com\/es\/wp-json\/wp\/v2\/types\/post"}],"author":[{"embeddable":true,"href":"https:\/\/dimensionturistica.com\/es\/wp-json\/wp\/v2\/users\/4"}],"replies":[{"embeddable":true,"href":"https:\/\/dimensionturistica.com\/es\/wp-json\/wp\/v2\/comments?post=395836"}],"version-history":[{"count":0,"href":"https:\/\/dimensionturistica.com\/es\/wp-json\/wp\/v2\/posts\/395836\/revisions"}],"wp:attachment":[{"href":"https:\/\/dimensionturistica.com\/es\/wp-json\/wp\/v2\/media?parent=395836"}],"wp:term":[{"taxonomy":"category","embeddable":true,"href":"https:\/\/dimensionturistica.com\/es\/wp-json\/wp\/v2\/categories?post=395836"},{"taxonomy":"post_tag","embeddable":true,"href":"https:\/\/dimensionturistica.com\/es\/wp-json\/wp\/v2\/tags?post=395836"}],"curies":[{"name":"wp","href":"https:\/\/api.w.org\/{rel}","templated":true}]}}