{"id":395791,"date":"2022-09-29T09:04:33","date_gmt":"2022-09-29T09:04:33","guid":{"rendered":"https:\/\/dimensionturistica.com\/es\/?p=395791"},"modified":"2022-09-29T09:04:33","modified_gmt":"2022-09-29T09:04:33","slug":"asi-es-la-preferencia-de-los-jubilados-espanoles","status":"publish","type":"post","link":"https:\/\/dimensionturistica.com\/es\/asi-es-la-preferencia-de-los-jubilados-espanoles\/","title":{"rendered":"as\u00ed es la preferencia de los jubilados espa\u00f1oles"},"content":{"rendered":"<p> <br \/>\n<\/p>\n<div>\n<p class=\"paragraph \" id=\"m97-96-98\">Tras la finalizaci\u00f3n de inscripci\u00f3n al programa de <strong>Turismo Social del Imserso<\/strong> el pasado 24 de septiembre, es hora de elegir el destino que se desea disfrutar. En su primera semana, se han ocupado ya el 80% de las plazas ofertadas, unos puntos m\u00e1s que en su pasada campa\u00f1a, en 2019, justo antes de la pandemia.\u00a0<\/p>\n<p class=\"paragraph \" id=\"m102-101-103\">Estos datos fueron anunciados el pasado 27 de septiembre por el <strong>director basic del Imserso<\/strong>, Luis Barriga, el cual comunic\u00f3 tambi\u00e9n los <strong>cambios <\/strong>que se han aplicado en el programa. Estos consisten en la <strong>eliminaci\u00f3n de las estancias de 15 d\u00edas<\/strong>, ya que solo eran solicitados por el 3% de los demandantes.\u00a0<\/p>\n<p>[15\/9 15:47] Sandra Moreno Baz\u00e1n<iframe loading=\"lazy\" src=\"https:\/\/www.facebook.com\/plugins\/post.php?href=https%3A%2F%2Fwww.facebook.com%2Flainformacion%2Fposts%2F10159203734447588&amp;width=500\" width=\"100%\" height=\"404\" style=\"border:none;overflow:hidden\" scrolling=\"no\" frameborder=\"0\" allowtransparency=\"true\" allow=\"encrypted-media\"><\/iframe><\/p>\n<p class=\"paragraph \" id=\"m112-111-113\">Tambi\u00e9n se ha observado un <strong>cambio en las preferencias <\/strong>de los solicitantes. Ahora estos prefieren realizar viajes m\u00e1s cortos y con una mayor autonom\u00eda a la hora de desplazarse. Asimismo, cabe se\u00f1alar que este a\u00f1o las plazas han aumentado en 28.442, pasando as\u00ed de las 816.029 inicialmente previstas hasta las 844.471.<\/p>\n<article class=\"media media-integrated \" id=\"m117-116-118\">\n<div>\n<figure class=\"figure-100\">\n            <a rel=\"nofollow noopener\" target=\"_blank\" href=\"https:\/\/www.20minutos.es\/viajes\/destinos\/viajes-imserso-mas-baratos-estancias-10-dias-menos-250-euros-pensionistas-espanoles-5059702\/\"><br \/>\n                <span class=\"accessTypeIcon withImage\"><em class=\"member boxIcon\"\/><\/span><br \/>\n                <img decoding=\"async\" loading=\"lazy\" width=\"656\" height=\"370\" alt=\"Pareja de jubilados en la playa.\" src=\"https:\/\/imagenes.20minutos.es\/files\/image_656_370\/files\/fp\/uploads\/imagenes\/2022\/09\/15\/fotografia-jubilados-playa.r_d.600-315.jpeg\" data-full-src=\"https:\/\/www.20minutos.es\/uploads\/imagenes\/2022\/09\/15\/fotografia-jubilados-playa.jpeg\"\/><br \/>\n            <\/a><br \/>\n        <\/figure>\n<\/p><\/div>\n<\/article>\n<h2 id=\"m152-151-153\">\u00bfCu\u00e1l es el destino preferido?<\/h2>\n<p class=\"paragraph \" id=\"m157-156-158\">Los datos ofrecidos por Barriga revelan que el <strong>78% de las plazas<\/strong> ofertadas (346.000 reservas) han sido dirigidas a zonas de costa peninsular.\u00a0Le siguen las costas insulares, con el<strong> 77,7% ofertado <\/strong>(179.000), y el turismo de inside, con el<strong> 88% de las plazas <\/strong>ofertadas (145.000).<\/p>\n<p class=\"paragraph \" id=\"m162-161-163\">Esto demuestra los que los destinos de inside cada vez gustan m\u00e1s entre los jubilados. Adem\u00e1s, Barriga ha indicado que de ser necesario no descarta <strong>ampliar las vacantes<\/strong> si la demanda sigue en alza.\u00a0<\/p>\n<p class=\"paragraph \" id=\"m167-166-168\">Otra tendencia que est\u00e1 creciendo son las<strong> islas Canarias<\/strong>, donde las reservas se encuentran al 88%, mientras que en la costa peninsular est\u00e1n al 78%. Sin embargo, existe una comunidad donde las plazas est\u00e1n ya agotadas. Se trata de <strong>Murcia<\/strong>, donde en apenas una semana la <strong>ocupaci\u00f3n <\/strong>est\u00e1 ya al <strong>100%<\/strong>.\u00a0<\/p>\n<p class=\"paragraph \" id=\"m172-171-173\"><a rel=\"nofollow noopener\" target=\"_blank\" href=\"https:\/\/www.20minutos.es\/estaticos\/newsletter-viajes\/\">Ap\u00fantate a la <em>newsletter <\/em>y recibe en tu correo las mejores propuestas para viajar por el mundo.<\/a><\/p>\n<\/div>\n\n<p><em> &#8221; Fuentes www.20minutos.es &#8221; <\/em><\/p>\n","protected":false},"excerpt":{"rendered":"<p>Tras la finalizaci\u00f3n de inscripci\u00f3n al programa de Turismo Social del Imserso el pasado 24 de septiembre, es hora de elegir el destino que se desea disfrutar. En su primera semana, se han ocupado ya el 80% de las plazas ofertadas, unos puntos m\u00e1s que en su pasada campa\u00f1a, en 2019, justo antes de la [&hellip;]<\/p>\n","protected":false},"author":4,"featured_media":395792,"comment_status":"open","ping_status":"closed","sticky":false,"template":"","format":"standard","meta":{"om_disable_all_campaigns":false,"jnews-multi-image_gallery":[],"jnews_single_post":[],"jnews_primary_category":[],"jnews_social_meta":[],"footnotes":""},"categories":[39],"tags":[1228,813,15538,545],"class_list":["post-395791","post","type-post","status-publish","format-standard","has-post-thumbnail","hentry","category-viajes","tag-destinos","tag-imserso","tag-jubilacion","tag-viajes"],"_links":{"self":[{"href":"https:\/\/dimensionturistica.com\/es\/wp-json\/wp\/v2\/posts\/395791","targetHints":{"allow":["GET"]}}],"collection":[{"href":"https:\/\/dimensionturistica.com\/es\/wp-json\/wp\/v2\/posts"}],"about":[{"href":"https:\/\/dimensionturistica.com\/es\/wp-json\/wp\/v2\/types\/post"}],"author":[{"embeddable":true,"href":"https:\/\/dimensionturistica.com\/es\/wp-json\/wp\/v2\/users\/4"}],"replies":[{"embeddable":true,"href":"https:\/\/dimensionturistica.com\/es\/wp-json\/wp\/v2\/comments?post=395791"}],"version-history":[{"count":0,"href":"https:\/\/dimensionturistica.com\/es\/wp-json\/wp\/v2\/posts\/395791\/revisions"}],"wp:featuredmedia":[{"embeddable":true,"href":"https:\/\/dimensionturistica.com\/es\/wp-json\/wp\/v2\/media\/395792"}],"wp:attachment":[{"href":"https:\/\/dimensionturistica.com\/es\/wp-json\/wp\/v2\/media?parent=395791"}],"wp:term":[{"taxonomy":"category","embeddable":true,"href":"https:\/\/dimensionturistica.com\/es\/wp-json\/wp\/v2\/categories?post=395791"},{"taxonomy":"post_tag","embeddable":true,"href":"https:\/\/dimensionturistica.com\/es\/wp-json\/wp\/v2\/tags?post=395791"}],"curies":[{"name":"wp","href":"https:\/\/api.w.org\/{rel}","templated":true}]}}