{"id":395756,"date":"2022-09-29T08:01:56","date_gmt":"2022-09-29T08:01:56","guid":{"rendered":"https:\/\/dimensionturistica.com\/es\/?p=395756"},"modified":"2022-09-29T08:01:57","modified_gmt":"2022-09-29T08:01:57","slug":"llego-con-tres-heridas-de-violeta-gil","status":"publish","type":"post","link":"https:\/\/dimensionturistica.com\/es\/llego-con-tres-heridas-de-violeta-gil\/","title":{"rendered":"Llego con tres heridas, de Violeta Gil"},"content":{"rendered":"<p> <br \/>\n<\/p>\n<div id=\"textoNoticia\">\n<p>La dramaturga, poeta y traductora Violeta Gil se estrena en la novela con <a rel=\"nofollow noopener\" target=\"_blank\" href=\"https:\/\/nam12.safelinks.protection.outlook.com\/?url=https%3A%2F%2Fpalomafidalgo.acblnk.com%2Furl%2Fver%2F326096830%2F1832982%2Fd52ac80addedb0f7532f420fdfad3a30&amp;data=05%7C01%7C%7C4c35efc16d354eab6e9208da9fde9239%7C84df9e7fe9f640afb435aaaaaaaaaaaa%7C1%7C0%7C637998075525727049%7CUnknown%7CTWFpbGZsb3d8eyJWIjoiMC4wLjAwMDAiLCJQIjoiV2luMzIiLCJBTiI6Ik1haWwiLCJXVCI6Mn0%3D%7C3000%7C%7C%7C&amp;sdata=X%2F2M5FZD8NpiRsVUPFzIbBn2fIGGh1frNqLB0s2Io78%3D&amp;reserved=0\">Llego con tres heridas<\/a> (<a rel=\"nofollow noopener\" target=\"_blank\" href=\"https:\/\/www.penguinlibros.com\/es\/11526-caballo-de-troya\">Caballo de Troya<\/a>), con edici\u00f3n de Jon\u00e1s Trueba. Un libro \u00edntimo y emocionante, que nace de su propia experiencia. Una historia de amor y oscuridad que entronca con la de nuestro propio pa\u00eds, en el cruce de tres generaciones que no siempre han sabido comprenderse. Una muestra de que lo private es pol\u00edtico.<\/p>\n<p><em>\u201cQuiz\u00e1 todo esto sea una despedida amistosa de mi padre, una forma de dejarle para poder seguir. Seguro que \u00e9l lo comprender\u00eda. Es la \u00fanica manera de hacer la vida. Jos\u00e9, espero que lo entiendas. Tengo que despedirme de ti. Tengo que reconocer que de alguna manera me he protegido todos estos a\u00f1os a trav\u00e9s de esa figura que es y no eres t\u00fa. De esa idea de lo que deb\u00eda ser yo como hija tuya. Y ahora me toca avanzar. Me toca seguir sin ti. Como cuando en la pel\u00edcula se ve al fantasma despedirse, como cuando el esp\u00edritu sale del cuerpo, como cuando la sombra de Peter Pan se le despega de los talones. No pasa nada. Vamos a estar bien. Ya ver\u00e1s\u201d.<\/em><\/p>\n<p>As\u00ed habla Violeta Gil en su libro \u2018Llego con tres heridas\u2019<em>,<\/em> que nace de ah\u00ed, de tres heridas, como en el poema de Miguel Hern\u00e1ndez: la de la vida, la de la muerte, la del amor; Violeta Gil parte de ellas para dar forma a este libro \u00edntimo y emocionante. Una historia de amor y oscuridad que entronca con la de nuestro propio pa\u00eds, en el cruce de tres generaciones que no siempre han sabido comprenderse. Pocas veces los libros se sienten tan necesarios y se conf\u00edan de forma tan admirable a su propia raz\u00f3n de ser.<img decoding=\"async\" class=\"img_ampliable\" src=\"https:\/\/www.inoutviajes.com\/fotos\/editor\/21181\/1664435185_zllego-con-tres-heridas.jpg\" border=\"0\" style=\"margin: 10px; float: right;\" alt=\"\" width=\"200\" loading=\"lazy\"\/><\/p>\n<p><em>\u201cNunca me hab\u00eda enfrentado a mi propia vida como lo estoy haciendo ahora. Desde hace unos a\u00f1os pienso en la escritura como la posibilidad de comprender mejor mi origen, mi familia, y mi pa\u00eds. Quiz\u00e1 sea un deseo demasiado amplio, pero a medida que entro en las heridas, voy encontr\u00e1ndome con los lugares de fricci\u00f3n entre todo eso que ocurre en la esfera familiar que est\u00e1 directamente, aunque a veces veladamente, relacionado con la situaci\u00f3n pol\u00edtica y social. Me pregunto \u00bfc\u00f3mo podemos cargar y comprender nuestra historia y nuestra herencia, sin que eso nos paralice? \u00bfc\u00f3mo podemos encontrar modos de entendernos mejor y de seguir adelante?\u201d.<\/em><\/p>\n<p>Como escribi\u00f3 Mar\u00eda Luisa Puga, \u201cno es gran cosa; s\u00f3lo la diferencia entre vivir con p\u00e1nico o enfrentar el peligro\u201d, recuerda la autora. Para Violeta, <em>\u201cla escritura de este libro tiene todo que ver con enfrentarme al peligro, con asomarme a la historia de mi familia, de mi pa\u00eds. Con entender el \u00e9xodo a las ciudades y el regreso a los pueblos, entender la muerte de mi padre, el silencio de mi madre, entender la vida en comunidad y la familiar, al mismo tiempo que trato de dejar espacio para el amor\u201d.<\/em><\/p>\n<p>El libro, que ha editado Jon\u00e1s Trueba para Caballo de Troya, se estructura en tres partes, en las que la autora realiza un viaje por diferentes lugares de la pen\u00ednsula y de la mano de varias personas de su familia. <em>\u201cHablo de los ritos, de la muerte, del campo, de la relaci\u00f3n colonial con Guinea Ecuatorial, de la Transici\u00f3n, de la vida en comunidad, y de la aparente imposibilidad para la crianza y el amor. Hablo de mi abuelo, de mis padres, y de m\u00ed, es cierto, pero hablo de muchas otras personas, algunas a las que conozco bien, otras a las que hubiera deseado conocer, otras cuyos nombres nunca sabr\u00e9. Este libro tiene mucho que ver con la vida. Este libro tiene mucho que ver con el amor. Este libro tiene mucho que ver con la muerte\u201d.<\/em><\/p>\n<p><strong>Sobre Violeta Gil<\/strong><\/p>\n<p>Violeta Gil nace en Hoyuelos (Segovia) en 1983. Es licenciada en Filolog\u00eda Inglesa por la Universidad Complutense de Madrid y en Interpretaci\u00f3n por la Actual Escuela Superior de Arte Dram\u00e1tico. En 2005 co-funda La tristura. Escribe, dirige y produce piezas que se muestran en lugares como el Pageant de Oto\u00f1o de la Comunidad de Madrid, el Th\u00e8\u00e2tre de la Ville de Par\u00eds, el Pageant TEMPO de R\u00edo de Janeiro, Cena Contempor\u00e2nea de Brasilia o el Kampnagel Summer time Worldwide Pageant de Hamburgo, entre otros.<\/p>\n<\/div>\n<p><script>\n!function(f,b,e,v,n,t,s){if(f.fbq)return;n=f.fbq=function(){n.callMethod?\nn.callMethod.apply(n,arguments):n.queue.push(arguments)};if(!f._fbq)f._fbq=n;\nn.push=n;n.loaded=!0;n.version='2.0';n.queue=[];t=b.createElement(e);t.async=!0;\nt.src=v;s=b.getElementsByTagName(e)[0];s.parentNode.insertBefore(t,s)}(window,\ndocument,'script','\/\/connect.facebook.net\/en_US\/fbevents.js');\nfbq('init', '1760867457466831');\nfbq('track', \"PageView\");<\/script><br \/>\n<br \/><\/p>\n<p><em> &#8221; Fuentes www.inoutviajes.com &#8221; <\/em><\/p>\n","protected":false},"excerpt":{"rendered":"<p>La dramaturga, poeta y traductora Violeta Gil se estrena en la novela con Llego con tres heridas (Caballo de Troya), con edici\u00f3n de Jon\u00e1s Trueba. Un libro \u00edntimo y emocionante, que nace de su propia experiencia. Una historia de amor y oscuridad que entronca con la de nuestro propio pa\u00eds, en el cruce de tres [&hellip;]<\/p>\n","protected":false},"author":4,"featured_media":395757,"comment_status":"open","ping_status":"closed","sticky":false,"template":"","format":"standard","meta":{"om_disable_all_campaigns":false,"jnews-multi-image_gallery":[],"jnews_single_post":[],"jnews_primary_category":[],"jnews_social_meta":[],"footnotes":""},"categories":[39],"tags":[3405,54372,19305,598,54373],"class_list":["post-395756","post","type-post","status-publish","format-standard","has-post-thumbnail","hentry","category-viajes","tag-gil","tag-heridas","tag-llego","tag-tres","tag-violeta"],"_links":{"self":[{"href":"https:\/\/dimensionturistica.com\/es\/wp-json\/wp\/v2\/posts\/395756","targetHints":{"allow":["GET"]}}],"collection":[{"href":"https:\/\/dimensionturistica.com\/es\/wp-json\/wp\/v2\/posts"}],"about":[{"href":"https:\/\/dimensionturistica.com\/es\/wp-json\/wp\/v2\/types\/post"}],"author":[{"embeddable":true,"href":"https:\/\/dimensionturistica.com\/es\/wp-json\/wp\/v2\/users\/4"}],"replies":[{"embeddable":true,"href":"https:\/\/dimensionturistica.com\/es\/wp-json\/wp\/v2\/comments?post=395756"}],"version-history":[{"count":0,"href":"https:\/\/dimensionturistica.com\/es\/wp-json\/wp\/v2\/posts\/395756\/revisions"}],"wp:featuredmedia":[{"embeddable":true,"href":"https:\/\/dimensionturistica.com\/es\/wp-json\/wp\/v2\/media\/395757"}],"wp:attachment":[{"href":"https:\/\/dimensionturistica.com\/es\/wp-json\/wp\/v2\/media?parent=395756"}],"wp:term":[{"taxonomy":"category","embeddable":true,"href":"https:\/\/dimensionturistica.com\/es\/wp-json\/wp\/v2\/categories?post=395756"},{"taxonomy":"post_tag","embeddable":true,"href":"https:\/\/dimensionturistica.com\/es\/wp-json\/wp\/v2\/tags?post=395756"}],"curies":[{"name":"wp","href":"https:\/\/api.w.org\/{rel}","templated":true}]}}