{"id":395667,"date":"2022-09-29T02:43:02","date_gmt":"2022-09-29T02:43:02","guid":{"rendered":"https:\/\/dimensionturistica.com\/es\/?p=395667"},"modified":"2022-09-29T02:43:02","modified_gmt":"2022-09-29T02:43:02","slug":"banreservas-sostiene-importantes-reuniones-en-la-feria-turistica-de-francia","status":"publish","type":"post","link":"https:\/\/dimensionturistica.com\/es\/banreservas-sostiene-importantes-reuniones-en-la-feria-turistica-de-francia\/","title":{"rendered":"Banreservas sostiene importantes reuniones en la Feria Tur\u00edstica de Francia"},"content":{"rendered":"<p> <br \/>\n<\/p>\n<p><b>Santo Domingo, RD.<\/b><\/p>\n<div id=\"ArticleBody\" style=\"margin-top:10px;\">\n<p><strong>IFTM High Resa<\/strong>, la principal feria del turismo de viajes de origen franc\u00e9s, fue el escenario donde recientemente la delegaci\u00f3n del<strong> Banco de Reservas<\/strong> presidida por su administrador normal, desarroll\u00f3, conjuntamente con el ministerio de Turismo, una amplia gesti\u00f3n de negocios para concertar proyectos de inversi\u00f3n para la Rep\u00fablica Dominicana.<\/p>\n<p>Samuel Pereyra lider\u00f3 los encuentros sostenidos con importantes inversionistas interesados en invertir en proyectos hoteleros en el pa\u00eds, as\u00ed como con tour operadores y ejecutivos de diversas empresas integrantes de la cadena de valor de la industria del entretenimiento.<\/p>\n<p>La amplia agenda de reuniones se realiz\u00f3 en Par\u00eds, en el marco de la feria celebrada del 20 al 23 de este mes, con el prop\u00f3sito de fomentar el turismo en el pa\u00eds, como uno de los principales destinos de la regi\u00f3n.<\/p>\n<p>La Worldwide French Journey Market (IFTM High Resa 2022) tradicionalmente congrega m\u00e1s <strong>34,000 profesionales del sector tur\u00edstico<\/strong> y en esta edici\u00f3n, n\u00famero 43, cobr\u00f3 especial significado para la Rep\u00fablica Dominicana y la consolidaci\u00f3n de su reactivaci\u00f3n tur\u00edstica. \u00a0Este a\u00f1o cont\u00f3 con m\u00e1s de 20.000 visitantes y 500 expositores.<\/p>\n<p>Se trata, adem\u00e1s, de un evento importante para los inversionistas europeos, ya que despu\u00e9s de FITUR, en Madrid, es la segunda feria tur\u00edstica que vuelve a celebrarse de manera presencial, tras la pandemia de covid-19.<\/p>\n<p><strong>Impacto en cifras<\/strong><br \/>&#13;<br \/>\nFrancia tiene un gran potencial como emisor de turistas hacia Rep\u00fablica Dominicana, siendo uno de los principales pa\u00edses europeos con mayor n\u00famero de visitantes. <strong>Entre enero y agosto de 2022, un whole de 160,985 turistas franceses visitaron el pa\u00eds, representando el 16% de los visitantes del mercado europeo <\/strong>que vienen aqu\u00ed, conforme a cifras del Banco Central.<\/p>\n<p>Desde agosto del 2020 a la fecha, el Banco de Reservas ha respaldado proyectos que se encuentran en proceso de construcci\u00f3n, los cuales aportar\u00e1n m\u00e1s de 2,400 habitaciones, un nuevo puerto de cruceros y parque tem\u00e1tico que estar\u00e1n generando m\u00e1s de 6 mil empleos directos e indirectos a nivel nacional.<\/p>\n<p>La administraci\u00f3n que preside Samuel Pereyra tambi\u00e9n ha aprobado <strong>m\u00e1s de USD$400 millones en financiamientos<\/strong>, superando inversiones por un monto whole de USD$985 millones.<\/p>\n<p>Banreservas inform\u00f3 que<strong> actualmente eval\u00faa operaciones que superar\u00e1n los USD$1,500 millones, equivalentes a DOP$80,000 millones destinados a la construcci\u00f3n de nuevos proyectos hoteleros<\/strong>, que se suman a la oferta complementaria del turismo que se planifica establecer en los distintos polos tur\u00edsticos del pa\u00eds.<\/p>\n<p>Como parte de esa gesti\u00f3n de negocios fue que la delegaci\u00f3n del Banco sostuvo en IFTM High Resa reuniones con clientes interesados en invertir en el desarrollo de Bergant\u00edn, Jarabacoa, Puerto Plata, Playa Palenque en San Crist\u00f3bal, zona Este del pa\u00eds y otras localidades.<\/p>\n<p>Entre esos encuentros destacan los sostenidos con los representantes de los grupos hoteleros: Recaindu Holding, originario de Navarra-Espa\u00f1a, Paramount Accommodations &amp; Resorts, Grupo Pi\u00f1eiro, Inverotel, Sky Cana, MGM Muthu, Grupo Posadas y Grupo De Valle, entre otros.<\/p>\n<p><strong>Exposici\u00f3n Tovar<\/strong><br \/>&#13;<br \/>\nPara promover el arte y la cultura dominicana, <strong>Banreservas realiz\u00f3 en Par\u00eds dos exposiciones de las obras del destacado pintor Iv\u00e1n Tovar<\/strong>, quien durante muchos a\u00f1os residi\u00f3 en Francia. La muestra, integrada por 11 piezas del reconocido artista, se abri\u00f3 el d\u00eda de la inauguraci\u00f3n de la feria, con la presencia del ministro de Turismo, David Collado, y otros representes de la delegaci\u00f3n dominicana asistente al c\u00f3nclave, as\u00ed como empresarios del sector.<\/p>\n<p>Al ultimate de la exposici\u00f3n en el recinto ferial, la exhibici\u00f3n fue traslada a la sede de la embajada dominicana en Par\u00eds, donde estar\u00e1 abierta al p\u00fablica durante un mes. En esta actividad, que cont\u00f3 con la colaboraci\u00f3n de la embajadora dominicana en Francia, Rosa Hern\u00e1ndez de Grull\u00f3n, participaron la viuda de Iv\u00e1n Tovar, Mar\u00eda Castillo, su hija Daniela Tovar, y Yurit Ruiz, de la Fundaci\u00f3n Tovar.<\/p>\n<p>Durante la actividad la reconocida cr\u00edtica de arte Marianne Tolentino resalt\u00f3 la proyecci\u00f3n y trascendencia de la obra de Tovar, uno de los pintores dominicanos m\u00e1s conocidos en el extranjero.<\/p>\n<\/p><\/div>\n<p><script>\n        !function (f, b, e, v, n, t, s) {\n            if (f.fbq) return; n = f.fbq = function () {\n                n.callMethod ?\n                n.callMethod.apply(n, arguments) : n.queue.push(arguments)\n            }; if (!f._fbq) f._fbq = n;\n            n.push = n; n.loaded = !0; n.version = '2.0'; n.queue = []; t = b.createElement(e); t.async = !0;\n            t.src = v; s = b.getElementsByTagName(e)[0]; s.parentNode.insertBefore(t, s)\n        }(window,\n        document, 'script', 'https:\/\/connect.facebook.net\/en_US\/fbevents.js');\n        fbq('init', '336505603402465', {\n        });\n        fbq('track', 'PageView');\n    <\/script><script>\n        !function (f, b, e, v, n, t, s) {\n            if (f.fbq) return; n = f.fbq = function () {\n                n.callMethod ?\n                n.callMethod.apply(n, arguments) : n.queue.push(arguments)\n            }; if (!f._fbq) f._fbq = n;\n            n.push = n; n.loaded = !0; n.version = '2.0'; n.queue = []; t = b.createElement(e); t.async = !0;\n            t.src = v; s = b.getElementsByTagName(e)[0]; s.parentNode.insertBefore(t, s)\n        }(window,\n        document, 'script', 'https:\/\/connect.facebook.net\/en_US\/fbevents.js');\n        fbq('init', '871551932912625', {\n        });\n        fbq('track', 'PageView');\n    <\/script><script>\n    window.fbAsyncInit = function () {\n        FB.init({\n            appId: '482294438637972',\n            xfbml: true,\n            version: 'v2.7'\n        });\n    };\n    (function (d, s, id) {\n        var js, fjs = d.getElementsByTagName(s)[0];\n        if (d.getElementById(id)) { return; }\n        js = d.createElement(s); js.id = id;\n        js.src = \"https:\/\/connect.facebook.net\/en_US\/sdk.js\";\n        fjs.parentNode.insertBefore(js, fjs);\n    }(document, 'script', 'facebook-jssdk'));\n<\/script><br \/>\n<br \/><\/p>\n<p><em> &#8221; Fuentes listindiario.com &#8221; <\/em><\/p>\n","protected":false},"excerpt":{"rendered":"<p>Santo Domingo, RD. IFTM High Resa, la principal feria del turismo de viajes de origen franc\u00e9s, fue el escenario donde recientemente la delegaci\u00f3n del Banco de Reservas presidida por su administrador normal, desarroll\u00f3, conjuntamente con el ministerio de Turismo, una amplia gesti\u00f3n de negocios para concertar proyectos de inversi\u00f3n para la Rep\u00fablica Dominicana. Samuel Pereyra [&hellip;]<\/p>\n","protected":false},"author":4,"featured_media":395668,"comment_status":"open","ping_status":"closed","sticky":false,"template":"","format":"standard","meta":{"om_disable_all_campaigns":false,"jnews-multi-image_gallery":[],"jnews_single_post":[],"jnews_primary_category":[],"jnews_social_meta":[],"footnotes":""},"categories":[40],"tags":[547,1431,1432,1433,229,1427,705,1428,1136,1430,1429],"class_list":["post-395667","post","type-post","status-publish","format-standard","has-post-thumbnail","hentry","category-industria","tag-informacion","tag-listin","tag-listin-diario","tag-listin-digital","tag-news","tag-newspaper","tag-noticias","tag-periodicos","tag-prensa","tag-republica-dominicana","tag-santo-domingo"],"_links":{"self":[{"href":"https:\/\/dimensionturistica.com\/es\/wp-json\/wp\/v2\/posts\/395667","targetHints":{"allow":["GET"]}}],"collection":[{"href":"https:\/\/dimensionturistica.com\/es\/wp-json\/wp\/v2\/posts"}],"about":[{"href":"https:\/\/dimensionturistica.com\/es\/wp-json\/wp\/v2\/types\/post"}],"author":[{"embeddable":true,"href":"https:\/\/dimensionturistica.com\/es\/wp-json\/wp\/v2\/users\/4"}],"replies":[{"embeddable":true,"href":"https:\/\/dimensionturistica.com\/es\/wp-json\/wp\/v2\/comments?post=395667"}],"version-history":[{"count":0,"href":"https:\/\/dimensionturistica.com\/es\/wp-json\/wp\/v2\/posts\/395667\/revisions"}],"wp:featuredmedia":[{"embeddable":true,"href":"https:\/\/dimensionturistica.com\/es\/wp-json\/wp\/v2\/media\/395668"}],"wp:attachment":[{"href":"https:\/\/dimensionturistica.com\/es\/wp-json\/wp\/v2\/media?parent=395667"}],"wp:term":[{"taxonomy":"category","embeddable":true,"href":"https:\/\/dimensionturistica.com\/es\/wp-json\/wp\/v2\/categories?post=395667"},{"taxonomy":"post_tag","embeddable":true,"href":"https:\/\/dimensionturistica.com\/es\/wp-json\/wp\/v2\/tags?post=395667"}],"curies":[{"name":"wp","href":"https:\/\/api.w.org\/{rel}","templated":true}]}}