{"id":395359,"date":"2022-09-28T14:16:10","date_gmt":"2022-09-28T14:16:10","guid":{"rendered":"https:\/\/dimensionturistica.com\/es\/?p=395359"},"modified":"2022-09-28T14:16:11","modified_gmt":"2022-09-28T14:16:11","slug":"exministro-manalich-y-su-temor-por-llegada-de-cruceros-a-magallanes-pero-seremi-sanfuentes-confia-en-vigilancia-genomica","status":"publish","type":"post","link":"https:\/\/dimensionturistica.com\/es\/exministro-manalich-y-su-temor-por-llegada-de-cruceros-a-magallanes-pero-seremi-sanfuentes-confia-en-vigilancia-genomica\/","title":{"rendered":"Exministro Ma\u00f1alich y su \u201ctemor\u201d por llegada de cruceros a Magallanes, pero seremi Sanfuentes conf\u00eda en vigilancia gen\u00f3mica"},"content":{"rendered":"<p> <br \/>\n<\/p>\n<div>\n    <!-- Incluir libreria justo antes de <\/head> --><\/p>\n<p class=\"parao_u10fcb\"><span class=\"charo_ub701\" id=\"txsr_a:2:{s:4:&quot;phzs&quot;;s:4:&quot;D_92&quot;;s:4:&quot;trak&quot;;s:5:&quot;D_-30&quot;;}\">E<\/span><span class=\"charo_u6b\" id=\"txsr_a:2:{s:4:&quot;phzs&quot;;s:4:&quot;D_92&quot;;s:4:&quot;trak&quot;;s:5:&quot;D_-30&quot;;}\">n<br \/>\n las pr\u00f3ximas semanas pisar\u00e1n tierras magall\u00e1nicas miles de turistas que<br \/>\n provendr\u00e1n de las cadenas de cruceros m\u00e1s importantes del mundo. <\/span><\/p>\n<p class=\"parao_u10f01\"><span class=\"charo_u6b\" id=\"txsr_a:2:{s:4:&quot;phzs&quot;;s:4:&quot;D_92&quot;;s:4:&quot;trak&quot;;s:5:&quot;D_-30&quot;;}\">El<br \/>\n arribo de los extranjeros permitir\u00e1 fortalecer la econom\u00eda native y ver<br \/>\nc\u00f3mo poco a poco la inyecci\u00f3n de recursos le dar\u00eda un respiro al sector<br \/>\ntur\u00edstico. <\/span><\/p>\n<p class=\"parao_u10f01\"><span class=\"charo_u6b\" id=\"txsr_a:2:{s:4:&quot;phzs&quot;;s:4:&quot;D_92&quot;;s:4:&quot;trak&quot;;s:5:&quot;D_-30&quot;;}\">Todo<br \/>\n eso se har\u00e1 con el fin de las mascarillas y el pase de movilidad,<br \/>\naunque todas las personas podr\u00e1n usarlas de ser necesario; es m\u00e1s, son<br \/>\nrecomendables en espacios cerrados. <\/span><\/p>\n<p class=\"parao_u10f01\"><span class=\"charo_u6b\" id=\"txsr_a:2:{s:4:&quot;phzs&quot;;s:4:&quot;D_92&quot;;s:4:&quot;trak&quot;;s:5:&quot;D_-30&quot;;}\">Pero<br \/>\n ello nuevamente podr\u00eda generar un explosivo aumento de casos de<br \/>\ncoronavirus y que Magallanes presagie lo que ocurra en el resto del<br \/>\npa\u00eds. <\/span><\/p>\n<p class=\"parao_u10f01\"><span class=\"charo_u6b\" id=\"txsr_a:2:{s:4:&quot;phzs&quot;;s:4:&quot;D_92&quot;;s:4:&quot;trak&quot;;s:5:&quot;D_-30&quot;;}\">El<br \/>\n exministro de Salud physician Jaime Ma\u00f1alich, que denomin\u00f3 a Magallanes<br \/>\ncomo \u201cel brote de los cruceros\u201d, se encuentra atento a lo que podr\u00eda<br \/>\nsuceder en las pr\u00f3ximas semanas. <\/span><\/p>\n<p class=\"parao_u10f01\"><span class=\"charo_u6b\" id=\"txsr_a:2:{s:4:&quot;phzs&quot;;s:4:&quot;D_92&quot;;s:4:&quot;trak&quot;;s:5:&quot;D_-30&quot;;}\">\u201cYo<br \/>\n tengo un enorme temor respecto de un brote de Covid por la llegada de<br \/>\nlos cruceros. A las regiones de Magallanes y Ays\u00e9n les ha tocado que,<br \/>\ncon la llegada de los cruceros, tuvieron brotes muy violentes, y cuando<br \/>\nempiecen a llegar grandes transatl\u00e1nticos que inyecten en poco rato mil<br \/>\nquinientos turistas a la ciudad, podemos tener un problema importante\u201d,<br \/>\nse\u00f1al\u00f3 la exautoridad de gobierno.<\/span><\/p>\n<p class=\"parao_u10f01\"><span class=\"charo_u6b\" id=\"txsr_a:2:{s:4:&quot;phzs&quot;;s:4:&quot;D_92&quot;;s:4:&quot;trak&quot;;s:5:&quot;D_-30&quot;;}\">Ma\u00f1alich<br \/>\n tambi\u00e9n es certero en sus palabras y afirma que de generarse un posible<br \/>\n brote \u201cno me extra\u00f1ar\u00eda que la Seremi de Salud de Magallanes<br \/>\nestipulara, como lo cube la ministra de Salud, Ximena Aguilera, que en<br \/>\ndeterminadas condiciones, es una hip\u00f3tesis, las personas que atiendan a<br \/>\nlos turistas (buses, restaurantes, hoteles, entre otros) a lo mejor es<br \/>\nprudente que en ese per\u00edodo usen mascarillas\u201d.<\/span><\/p>\n<p class=\"parao_u10f01\"><span class=\"charo_u6b\" id=\"txsr_a:4:{s:4:&quot;infl&quot;;s:3:&quot;U_0&quot;;s:4:&quot;phzs&quot;;s:4:&quot;D_92&quot;;s:4:&quot;ptfs&quot;;s:6:&quot;c_Bold&quot;;s:4:&quot;trak&quot;;s:5:&quot;D_-30&quot;;}\"><strong>Retruco<strong\/><\/strong><\/span><\/p>\n<p class=\"parao_u10f01\"><span class=\"charo_u6b\" id=\"txsr_a:2:{s:4:&quot;phzs&quot;;s:4:&quot;D_93&quot;;s:4:&quot;trak&quot;;s:5:&quot;D_-30&quot;;}\">Al respecto, la seremi de Salud, doctora Francisca Sanfu<\/span><span class=\"charo_u6b\" id=\"txsr_a:2:{s:4:&quot;phzs&quot;;s:4:&quot;D_93&quot;;s:4:&quot;trak&quot;;s:5:&quot;D_-10&quot;;}\">entes,<br \/>\n destac\u00f3 el testeo aleatorio en las fronteras cuyo objetivo es saber<br \/>\ncu\u00e1les son las cepas o variantes que est\u00e1n circulando o ingresando al<br \/>\npa\u00eds. \u201cDe manera de que, si se identifica alguna cepa o variante de<br \/>\nmayor contagiosidad, podamos identificarla y tomar las medidas a<br \/>\ntiempo\u201d.<\/span><\/p>\n<p class=\"parao_u10f01\"><span class=\"charo_u6b\" id=\"txsr_a:3:{s:4:&quot;phzs&quot;;s:4:&quot;D_93&quot;;s:4:&quot;ptfs&quot;;s:6:&quot;c_Bold&quot;;s:4:&quot;trak&quot;;s:5:&quot;D_-10&quot;;}\"><strong>&#8211; \u00bfEs decir que podr\u00edamos adoptar medidas locales si se llega a complicar el escenario?<\/strong><\/span><span class=\"charo_u6b\" id=\"txsr_a:2:{s:4:&quot;phzs&quot;;s:4:&quot;D_93&quot;;s:4:&quot;trak&quot;;s:5:&quot;D_-10&quot;;}\"\/><\/p>\n<p class=\"parao_u10f01\"><span class=\"charo_u6b\" id=\"txsr_a:2:{s:4:&quot;phzs&quot;;s:4:&quot;D_93&quot;;s:4:&quot;trak&quot;;s:5:&quot;D_-30&quot;;}\">\u201cTenemos<br \/>\n las medidas de vigilancia epidemiol\u00f3gica, un sistema que qued\u00f3 adaptado<br \/>\n y con nuevas capacidades; tenemos capacidad de testeo y vigilancia<br \/>\ngen\u00f3mica en la regi\u00f3n. Esto permite que podamos tomar las medidas e<br \/>\nidentificar (la cepa) a penas aparezca; esperemos que no signifiquen un<br \/>\nriesgo. Y si es as\u00ed, tomar las medidas pertinentes ya sea a nivel native y<br \/>\n nacional\u201d. <\/span><\/p>\n<\/div>\n<p>\n    <strong>Ping\u00fcino Multimedia<\/strong> entrega este espacio a su p\u00fablico para la expresi\u00f3n private de opiniones y<br \/>\n    comentarios, apelando al respeto entre los usuarios y deslig\u00e1ndose por completo del contenido de los comentarios<br \/>\n    emitidos.\n<\/p>\n<p><script>\n    (function(d, s, id) {\n        var js, fjs = d.getElementsByTagName(s)[0];\n        if (d.getElementById(id)) return;\n        js = d.createElement(s);\n        js.id = id;\n        js.src = \"\/\/connect.facebook.net\/es_LA\/all.js#xfbml=1&appId=326707310733016\";\n        fjs.parentNode.insertBefore(js, fjs);\n    }(document, 'script', 'facebook-jssdk'));\n    <\/script><script async defer crossorigin=\"anonymous\"\n    src=\"https:\/\/connect.facebook.net\/es_LA\/sdk.js#xfbml=1&#038;version=v7.0&#038;appId=2981943065256750&#038;autoLogAppEvents=1\"\n    nonce=\"WHAxAL2H\"><\/script><br \/>\n<br \/><\/p>\n<p><em> &#8221; Fuentes elpinguino.com &#8221; <\/em><\/p>\n","protected":false},"excerpt":{"rendered":"<p>En las pr\u00f3ximas semanas pisar\u00e1n tierras magall\u00e1nicas miles de turistas que provendr\u00e1n de las cadenas de cruceros m\u00e1s importantes del mundo. El arribo de los extranjeros permitir\u00e1 fortalecer la econom\u00eda native y ver c\u00f3mo poco a poco la inyecci\u00f3n de recursos le dar\u00eda un respiro al sector tur\u00edstico. Todo eso se har\u00e1 con el fin [&hellip;]<\/p>\n","protected":false},"author":4,"featured_media":395360,"comment_status":"open","ping_status":"closed","sticky":false,"template":"","format":"standard","meta":{"om_disable_all_campaigns":false,"jnews-multi-image_gallery":[],"jnews_single_post":[],"jnews_primary_category":[],"jnews_social_meta":[],"footnotes":""},"categories":[41],"tags":[543],"class_list":["post-395359","post","type-post","status-publish","format-standard","has-post-thumbnail","hentry","category-cruceros","tag-cruceros"],"_links":{"self":[{"href":"https:\/\/dimensionturistica.com\/es\/wp-json\/wp\/v2\/posts\/395359","targetHints":{"allow":["GET"]}}],"collection":[{"href":"https:\/\/dimensionturistica.com\/es\/wp-json\/wp\/v2\/posts"}],"about":[{"href":"https:\/\/dimensionturistica.com\/es\/wp-json\/wp\/v2\/types\/post"}],"author":[{"embeddable":true,"href":"https:\/\/dimensionturistica.com\/es\/wp-json\/wp\/v2\/users\/4"}],"replies":[{"embeddable":true,"href":"https:\/\/dimensionturistica.com\/es\/wp-json\/wp\/v2\/comments?post=395359"}],"version-history":[{"count":0,"href":"https:\/\/dimensionturistica.com\/es\/wp-json\/wp\/v2\/posts\/395359\/revisions"}],"wp:featuredmedia":[{"embeddable":true,"href":"https:\/\/dimensionturistica.com\/es\/wp-json\/wp\/v2\/media\/395360"}],"wp:attachment":[{"href":"https:\/\/dimensionturistica.com\/es\/wp-json\/wp\/v2\/media?parent=395359"}],"wp:term":[{"taxonomy":"category","embeddable":true,"href":"https:\/\/dimensionturistica.com\/es\/wp-json\/wp\/v2\/categories?post=395359"},{"taxonomy":"post_tag","embeddable":true,"href":"https:\/\/dimensionturistica.com\/es\/wp-json\/wp\/v2\/tags?post=395359"}],"curies":[{"name":"wp","href":"https:\/\/api.w.org\/{rel}","templated":true}]}}