{"id":395299,"date":"2022-09-28T13:00:44","date_gmt":"2022-09-28T13:00:44","guid":{"rendered":"https:\/\/dimensionturistica.com\/es\/?p=395299"},"modified":"2022-09-28T13:00:44","modified_gmt":"2022-09-28T13:00:44","slug":"el-pueblo-medieval-abandonado","status":"publish","type":"post","link":"https:\/\/dimensionturistica.com\/es\/el-pueblo-medieval-abandonado\/","title":{"rendered":"El pueblo medieval abandonado"},"content":{"rendered":"<p> <br \/>\n<\/p>\n<div>\n<div id=\"involveds\" class=\"involveds wrap\">\n<div class=\"involved-authors only-author\">\n<div class=\"first-author\">\n<figure class=\"thumb col-xs-3\">&#13;<img loading=\"lazy\" decoding=\"async\" src=\"https:\/\/viajes.nationalgeographic.com.es\/medio\/2021\/12\/15\/xell_b48658f1_600x600.png\" alt=\"Xell\" class=\"lazyload\" width=\"600\" height=\"600\" data-aspectratio=\"600\/600\"\/><noscript><img decoding=\"async\" src=\"https:\/\/viajes.nationalgeographic.com.es\/medio\/2021\/12\/15\/xell_b48658f1_600x600.png\" alt=\"Xell\"\/><\/noscript>&#13;<\/figure>\n<\/div>\n<\/div>\n<\/div>\n<p class=\"date\"> <time itemprop=\"dateModified\" datetime=\"2022-09-28T07:00:00+02:00\" data-timestamp=\"1664348400\">&#13;28 de septiembre de 2022 \u00b7 07:00<\/time>&#13;<\/p>\n<\/div>\n<div id=\"article-text\">\n<div class=\"txt\">\n<aside class=\"subscription-highlighted\">\n<div class=\"subscription-container\">\n<div class=\"non-subscribed\">\n<p class=\"description\">Somos de rutas, no de rutinas. Descubre Viajes Nationwide Geographic<\/p>\n<p><a rel=\"nofollow noopener\" target=\"_blank\" href=\"https:\/\/tienda.rbarevistas.com\/por-que-viajes-national-geographic.html?rba_source=viajes.nationalgeographic.com.es&amp;rba_medium=referral&amp;rba_campaign=NGMV&amp;rba_content=frase-articulo\" class=\"more-link\">SABER M\u00c1S<\/a><\/div>\n<\/div>\n<\/aside>\n<p style=\"display: none;\"><img decoding=\"async\" id=\"ctl01_ctl00_phMain_phMain_ctl00_ctl02_ctl17_ctl01_imgContent\" src=\"https:\/\/viajes.nationalgeographic.com.es\/medio\/2022\/09\/27\/craco_8bcb1e60_800x800.jpg\" alt=\"Craco\" style=\"border-width:0px;\"\/><\/p>\n<aside class=\"add300x250 publi-interior-top ad-container-r1 ad-inline\"\/>\n<p>Poco queda de aquella pr\u00f3spera localidad donde se asentaron alrededor de 2600 habitantes y se erigieron una universidad, palacios nobiliarios y una torre durante la Edad Media. M\u00e1s adelante ser\u00eda el turno de la estaci\u00f3n, el cine y el hospital. Sin embargo, la historia de Craco cambi\u00f3 en 1963, cuando se produjo un desprendimiento de tierra que empez\u00f3 a poner en peligro las casas. Aunque varios trabajos de ingenier\u00eda trataron de frenar el desastre, en 1974 los vecinos se vieron obligados a abandonar sus hogares. Las casas vac\u00edas, el perfil de la torre del Castillo y su ubicaci\u00f3n en una colina de enviornment y arcilla a 400 metros de altura en el valle de Cavone, dotan el pueblo italiano de un aire fantasmag\u00f3rico que atrae a los turistas <a rel=\"nofollow noopener\" target=\"_blank\" href=\"https:\/\/viajes.nationalgeographic.com.es\/a\/calabria-y-basilicata-asi-es-viaje-por-italia-olvidada_15850\">que recorren Basilicata<\/a> y visitan rincones como <a rel=\"nofollow noopener\" target=\"_blank\" href=\"https:\/\/viajes.nationalgeographic.com.es\/a\/guia-para-no-perderse-matera-ciudad-italiana-piedra_17445\">Matera<\/a>. Varios directores de cine tambi\u00e9n se han fijado en su belleza para rodar pel\u00edculas como <em>La Pasi\u00f3n de Cristo<\/em> o <em>Quantum of Solace.<\/em><\/p>\n<figure class=\"thumb zoom\"><img loading=\"lazy\" decoding=\"async\" sizes=\"auto, 100vw\" srcset=\"https:\/\/viajes.nationalgeographic.com.es\/medio\/2022\/09\/27\/craco_7684dc61_720x407.jpg 720w,https:\/\/viajes.nationalgeographic.com.es\/medio\/2022\/09\/27\/craco_7a75b2b1_1200x679.jpg 1200w\" src=\"https:\/\/viajes.nationalgeographic.com.es\/medio\/2022\/09\/27\/craco_7a75b2b1_1200x679.jpg\" alt=\"Craco\" class=\"lazyload\" width=\"1200\" height=\"679\" data-aspectratio=\"1200\/679\"\/><noscript><img decoding=\"async\" src=\"https:\/\/viajes.nationalgeographic.com.es\/medio\/2022\/09\/27\/craco_7a75b2b1_1200x679.jpg\" alt=\"Craco\"\/><\/noscript><\/p>\n<p>&#13;<figcaption class=\"by\">&#13;Foto: iStock<\/figcaption>&#13;<\/p>\n<\/figure>\n<p>Mientras se recorren sus calles entre fachadas destrozadas, se da con algunas casonas se\u00f1oriales y antiguas iglesias que permiten apreciar la importancia del lugar, sobre todo durante la Edad Media. Alrededor del a\u00f1o 1500, la ciudad comenz\u00f3 a tomar forma con edificios de piedra blanca hasta que en 1561 alcanz\u00f3 los 2600 habitantes. A\u00f1os m\u00e1s tarde, en 1630, Craco estableci\u00f3 una orden mon\u00e1stica con la construcci\u00f3n del Monasterio de San Pedro, que influy\u00f3 en la ciencia, la religi\u00f3n y la econom\u00eda de un lugar que viv\u00eda de su tierra.<\/p>\n<p>En 2010, se incluy\u00f3 el centro hist\u00f3rico de Craco en el listado de World Monuments Fund debido a la inestabilidad de las laderas en las que se asienta, que amenaza su conservaci\u00f3n, y consigui\u00f3 financiaci\u00f3n regional y de la Uni\u00f3n Europea para construir el Parco Museale Scenografico di Craco. Gracias a esto, se cre\u00f3 una nueva ruta tur\u00edstica, se iniciaron trabajos de restauraci\u00f3n, se establecieron normas de acceso y se organizan actividades culturales como conciertos y exposiciones.<\/p>\n<section class=\"related-article-content relacionado\">\n<p class=\"relatedTitle\">Art\u00edculo relacionado<\/p>\n<p><a rel=\"nofollow noopener\" target=\"_blank\" href=\"https:\/\/viajes.nationalgeographic.com.es\/a\/14-ciudades-fantasma-mundo_12783\" class=\"rel\"><\/p>\n<article class=\"article\">&#13;<\/p>\n<figure class=\"thumb\">&#13;<img decoding=\"async\" src=\"https:\/\/viajes.nationalgeographic.com.es\/medio\/2020\/10\/23\/pyramiden_b8ddf85f_1280x720.jpg\" alt=\"Pyramiden\" class=\"imagenRelacionado lazyload\"\/><noscript><img decoding=\"async\" src=\"https:\/\/viajes.nationalgeographic.com.es\/medio\/2020\/10\/23\/pyramiden_b8ddf85f_1280x720.jpg\" alt=\"Pyramiden\"\/><\/noscript>&#13;<\/figure>\n<p>&#13;<\/p>\n<div class=\"relacionadoTxt\">\n<p>&#13;<\/p>\n<h4 class=\"supertitle\">&#13;\u00bfTe atreves a visitarlos?&#13;<br \/>\n<\/h4>\n<h4 class=\"title\">&#13;14 ciudades fantasma<\/h4>\n<p>&#13;<\/p>\n<\/div>\n<\/article>\n<p><\/a><\/section>\n<aside class=\"add300x600 publi-interior-bot ad-inline ad-container-r2\"\/><\/div>\n<p><!-- START:toolbar --><!-- END:toolbar --><\/div>\n\n<p><em> &#8221; Fuentes viajes.nationalgeographic.com.es &#8221; <\/em><\/p>\n","protected":false},"excerpt":{"rendered":"<p>&#13;&#13; &#13;28 de septiembre de 2022 \u00b7 07:00&#13; Somos de rutas, no de rutinas. Descubre Viajes Nationwide Geographic SABER M\u00c1S Poco queda de aquella pr\u00f3spera localidad donde se asentaron alrededor de 2600 habitantes y se erigieron una universidad, palacios nobiliarios y una torre durante la Edad Media. M\u00e1s adelante ser\u00eda el turno de la estaci\u00f3n, [&hellip;]<\/p>\n","protected":false},"author":4,"featured_media":358657,"comment_status":"open","ping_status":"closed","sticky":false,"template":"","format":"standard","meta":{"om_disable_all_campaigns":false,"jnews-multi-image_gallery":[],"jnews_single_post":[],"jnews_primary_category":[],"jnews_social_meta":[],"footnotes":""},"categories":[39],"tags":[47258,47257],"class_list":["post-395299","post","type-post","status-publish","format-standard","has-post-thumbnail","hentry","category-viajes","tag-cargado-desde-el-fichero-de-recursos","tag-keywords-por-defecto"],"_links":{"self":[{"href":"https:\/\/dimensionturistica.com\/es\/wp-json\/wp\/v2\/posts\/395299","targetHints":{"allow":["GET"]}}],"collection":[{"href":"https:\/\/dimensionturistica.com\/es\/wp-json\/wp\/v2\/posts"}],"about":[{"href":"https:\/\/dimensionturistica.com\/es\/wp-json\/wp\/v2\/types\/post"}],"author":[{"embeddable":true,"href":"https:\/\/dimensionturistica.com\/es\/wp-json\/wp\/v2\/users\/4"}],"replies":[{"embeddable":true,"href":"https:\/\/dimensionturistica.com\/es\/wp-json\/wp\/v2\/comments?post=395299"}],"version-history":[{"count":0,"href":"https:\/\/dimensionturistica.com\/es\/wp-json\/wp\/v2\/posts\/395299\/revisions"}],"wp:featuredmedia":[{"embeddable":true,"href":"https:\/\/dimensionturistica.com\/es\/wp-json\/wp\/v2\/media\/358657"}],"wp:attachment":[{"href":"https:\/\/dimensionturistica.com\/es\/wp-json\/wp\/v2\/media?parent=395299"}],"wp:term":[{"taxonomy":"category","embeddable":true,"href":"https:\/\/dimensionturistica.com\/es\/wp-json\/wp\/v2\/categories?post=395299"},{"taxonomy":"post_tag","embeddable":true,"href":"https:\/\/dimensionturistica.com\/es\/wp-json\/wp\/v2\/tags?post=395299"}],"curies":[{"name":"wp","href":"https:\/\/api.w.org\/{rel}","templated":true}]}}