{"id":395245,"date":"2022-09-28T11:24:55","date_gmt":"2022-09-28T11:24:55","guid":{"rendered":"https:\/\/dimensionturistica.com\/es\/?p=395245"},"modified":"2022-09-28T11:24:55","modified_gmt":"2022-09-28T11:24:55","slug":"juntaex-comunicacion-francisco-martin-presenta-en-la-asamblea-de-extremadura-diez-medidas-para-reactivar-la-demanda-turistica-durante-este-otono-e-invierno","status":"publish","type":"post","link":"https:\/\/dimensionturistica.com\/es\/juntaex-comunicacion-francisco-martin-presenta-en-la-asamblea-de-extremadura-diez-medidas-para-reactivar-la-demanda-turistica-durante-este-otono-e-invierno\/","title":{"rendered":"Juntaex &#8211; Comunicaci\u00f3n &#8211; Francisco Mart\u00edn presenta en la Asamblea de Extremadura diez medidas para reactivar la demanda tur\u00edstica durante este oto\u00f1o e invierno"},"content":{"rendered":"<p> <br \/>\n<\/p>\n<p><h2>El Plan de Formaci\u00f3n Profesional para el Empleo en el Turismo y la Hosteler\u00eda se dar\u00e1 a conocer el pr\u00f3ximo lunes 3 de octubre<\/h2>\n<\/p>\n<div id=\"longDescription\">\n<p><strong>El director basic de Turismo, Francisco Mart\u00edn Sim\u00f3n, ha presentado hoy en la Asamblea de Extremadura diez medidas para reactivar la demanda tur\u00edstica durante este oto\u00f1o e invierno, posicionar la regi\u00f3n en el mercado nacional e internacional e impulsar la formaci\u00f3n y el empleo en el sector.<\/strong><\/p>\n<p><img decoding=\"async\" src=\"http:\/\/www.juntaex.es\/filescms\/comunicacion\/uploaded_images\/2022\/11_Cultura\/09_Septiembre\/20220928_Turismo_Asamblea\/220928_Comparecencia_DG_1.jpg\" style=\"float: left; margin: 10px; border: 1px solid black;\" width=\"350\" height=\"233\"\/>En su comparecencia en la Comisi\u00f3n de Turismo, ha afirmado que, tras los incendios forestales que afectaron este verano a varias comarcas de la regi\u00f3n, la Junta de Extremadura ha estado en contacto permanente con las empresas tur\u00edsticas para paliar los efectos y ayudar al sector.<\/p>\n<p>Las dos primeras medidas, seg\u00fan ha anunciado, fueron establecer una ronda de reuniones con las asociaciones empresariales y diferentes entidades p\u00fablicas, que se celebraron a lo largo del mes de agosto, y consensuar un plan de reactivaci\u00f3n de la demanda tur\u00edstica con dos partes: una p\u00fablica, redoblando las acciones de promoci\u00f3n, y otra de impulso de la comercializaci\u00f3n por parte de las empresas.<\/p>\n<p>\u201cEste dec\u00e1logo de medidas ha sido dialogado y consensuado con los empresarios de las zonas afectadas y tambi\u00e9n a nivel regional. Son acciones de promoci\u00f3n, de apoyo a la comercializaci\u00f3n y tambi\u00e9n del Gobierno de Espa\u00f1a. Ayudar\u00e1n a las empresas a comercializar sus productos y mantener el empleo\u201d, ha asegurado.<\/p>\n<p>Francisco Mart\u00edn ha explicado que varias medidas tienen como objetivo posicionar el destino Extremadura en medios de comunicaci\u00f3n masivos, como la televisi\u00f3n y la radio, y especializados, como la gu\u00eda de viajes Lonely Planet. En esta estrategia se inscriben iniciativas como los patrocinios de la Vuelta Ciclista a Espa\u00f1a y la Vuelta Ciclista a Extremadura, los especiales de Extremadura en el programa \u2018Miradas Viajeras\u2019 del canal de televisi\u00f3n Movistar + y de Capital Radio y la campa\u00f1a de promoci\u00f3n \u2018Recupera el poder de so\u00f1ar. Todo lo que imaginas, donde no te lo imaginas, ven este oto\u00f1o a Extremadura\u2019, con una inversi\u00f3n de 1,2 millones de euros en medios nacionales e internacionales y diferentes soportes publicitarios.<\/p>\n<p>Otro conjunto de medidas, ha recordado el director basic de Turismo, tiene que ver con la organizaci\u00f3n de viajes de prensa y agentes tur\u00edsticos a Extremadura, como los realizados recientemente con periodistas portugueses y alemanes, y la participaci\u00f3n en encuentros profesionales, entre ellos, el VIII Congreso Europeo de Turismo Rural, que tiene lugar hoy y ma\u00f1ana en Cazalla de la Sierra (Sevilla), o la II Convenci\u00f3n de Turespa\u00f1a, que reunir\u00e1 del 3 al 5 de octubre a representantes de 30 Oficinas Espa\u00f1olas de Turismo de los cinco continentes. Adem\u00e1s, en las pr\u00f3ximas semanas, la regi\u00f3n estar\u00e1 presente en destacados eventos para profesionales y p\u00fablico remaining, entre ellos, San Sebasti\u00e1n Gastronomika, Termatalia (Ourense), INTUR (Valladolid), IBTM (Barcelona) e Iberian MICE Discussion board (Sevilla).<\/p>\n<p>Dos citas importantes para la comercializaci\u00f3n del destino ser\u00e1n los encuentros empresariales Meet Extremadura en Sevilla (6 de octubre) y Lisboa (27 de octubre), organizados por la Direcci\u00f3n Common de Turismo, que propiciar\u00e1n reuniones entre empresas extreme\u00f1as y agentes de viajes y turoperadores de Andaluc\u00eda y Portugal, respectivamente.<\/p>\n<p>En su intervenci\u00f3n, Francisco Mart\u00edn ha apuntado que otra de las medidas es la declaraci\u00f3n de zona catastr\u00f3fica, por parte del Gobierno de Espa\u00f1a, para las zonas afectadas por los incendios forestales en Extremadura, decisi\u00f3n que facilitar\u00e1 ayudas directas a los titulares de establecimientos industriales, mercantiles y de servicios, incluidos los tur\u00edsticos, de hasta 9.224 euros, adem\u00e1s de una serie de beneficios fiscales.<\/p>\n<p><b>PLAN DE FORMACI\u00d3N PROFESIONAL<\/b><\/p>\n<p>Asimismo, ha anunciado que el pr\u00f3ximo lunes, 3 de octubre, se presentar\u00e1 el Plan de Formaci\u00f3n Profesional para el Empleo del Turismo y la Hosteler\u00eda de Extremadura, concertado con los agentes econ\u00f3micos y sociales, y que incluir\u00e1 decenas de acciones formativas hasta diciembre de 2023. En este sentido, ha a\u00f1adido que se han hecho dos consultas por escrito para saber cu\u00e1les son las necesidades de las empresas y que, desde hace meses, la Consejer\u00eda de Cultura, Turismo y Deportes y la de Educaci\u00f3n y Empleo est\u00e1n trabajando en un plan innovador que llegar\u00e1 a cientos de beneficiarios.<\/p>\n<p>Por \u00faltimo, el director basic de Turismo ha destacado que la Junta de Extremadura ha abonado 47.974.026 euros en ayudas COVID al sector tur\u00edstico y hotelero, para sostener a las empresas durante la pandemia, y que en las pr\u00f3ximas reuniones de seguimiento de los Planes de Sostenibilidad de Ambroz-C\u00e1parra, La Vera-Valle del Jerte y Las Hurdes-Sierra de Gata, dotados con nueve millones de euros, se estudiar\u00e1 c\u00f3mo aplicar una parte de este presupuesto a la reparaci\u00f3n de las infraestructuras tur\u00edsticas afectadas por los incendios forestales.<\/p>\n<\/div>\n\n<p><em> &#8221; Fuentes www.juntaex.es &#8221; <\/em><\/p>\n","protected":false},"excerpt":{"rendered":"<p>El Plan de Formaci\u00f3n Profesional para el Empleo en el Turismo y la Hosteler\u00eda se dar\u00e1 a conocer el pr\u00f3ximo lunes 3 de octubre El director basic de Turismo, Francisco Mart\u00edn Sim\u00f3n, ha presentado hoy en la Asamblea de Extremadura diez medidas para reactivar la demanda tur\u00edstica durante este oto\u00f1o e invierno, posicionar la regi\u00f3n [&hellip;]<\/p>\n","protected":false},"author":4,"featured_media":395246,"comment_status":"open","ping_status":"closed","sticky":false,"template":"","format":"standard","meta":{"om_disable_all_campaigns":false,"jnews-multi-image_gallery":[],"jnews_single_post":[],"jnews_primary_category":[],"jnews_social_meta":[],"footnotes":""},"categories":[40],"tags":[2390,8554],"class_list":["post-395245","post","type-post","status-publish","format-standard","has-post-thumbnail","hentry","category-industria","tag-comunicacion","tag-juntaex"],"_links":{"self":[{"href":"https:\/\/dimensionturistica.com\/es\/wp-json\/wp\/v2\/posts\/395245","targetHints":{"allow":["GET"]}}],"collection":[{"href":"https:\/\/dimensionturistica.com\/es\/wp-json\/wp\/v2\/posts"}],"about":[{"href":"https:\/\/dimensionturistica.com\/es\/wp-json\/wp\/v2\/types\/post"}],"author":[{"embeddable":true,"href":"https:\/\/dimensionturistica.com\/es\/wp-json\/wp\/v2\/users\/4"}],"replies":[{"embeddable":true,"href":"https:\/\/dimensionturistica.com\/es\/wp-json\/wp\/v2\/comments?post=395245"}],"version-history":[{"count":0,"href":"https:\/\/dimensionturistica.com\/es\/wp-json\/wp\/v2\/posts\/395245\/revisions"}],"wp:featuredmedia":[{"embeddable":true,"href":"https:\/\/dimensionturistica.com\/es\/wp-json\/wp\/v2\/media\/395246"}],"wp:attachment":[{"href":"https:\/\/dimensionturistica.com\/es\/wp-json\/wp\/v2\/media?parent=395245"}],"wp:term":[{"taxonomy":"category","embeddable":true,"href":"https:\/\/dimensionturistica.com\/es\/wp-json\/wp\/v2\/categories?post=395245"},{"taxonomy":"post_tag","embeddable":true,"href":"https:\/\/dimensionturistica.com\/es\/wp-json\/wp\/v2\/tags?post=395245"}],"curies":[{"name":"wp","href":"https:\/\/api.w.org\/{rel}","templated":true}]}}