{"id":395030,"date":"2022-09-28T03:13:30","date_gmt":"2022-09-28T03:13:30","guid":{"rendered":"https:\/\/dimensionturistica.com\/es\/?p=395030"},"modified":"2022-09-28T03:13:30","modified_gmt":"2022-09-28T03:13:30","slug":"quintana-roo-mantendra-su-consejo-de-promocion-turistica-pero-no-habra-gasto-en-frivolidades-advierte-gobernadora","status":"publish","type":"post","link":"https:\/\/dimensionturistica.com\/es\/quintana-roo-mantendra-su-consejo-de-promocion-turistica-pero-no-habra-gasto-en-frivolidades-advierte-gobernadora\/","title":{"rendered":"Quintana Roo mantendr\u00e1 su Consejo de Promoci\u00f3n Tur\u00edstica, pero no habr\u00e1 gasto &#8220;en frivolidades&#8221;, advierte gobernadora"},"content":{"rendered":"<p> <br \/>\n<\/p>\n<div>\n<p>Ante empresarios\u00a0del sector, reunidos en Canc\u00fan, a prop\u00f3sito\u00a0del <strong>D\u00eda Mundial\u00a0del Turismo<\/strong>, la\u00a0gobernadora\u00a0de\u00a0Quintana\u00a0Roo, <strong>\u201cMara\u201d Lezama<\/strong>, anunci\u00f3 que mantendr\u00e1 en operaci\u00f3n el\u00a0<u><strong><a rel=\"nofollow noopener\" target=\"_blank\" href=\"https:\/\/www.eluniversal.com.mx\/minuto-x-minuto?seccion=13\">Consejo\u00a0de\u00a0Promoci\u00f3n Tur\u00edstica\u00a0del estado (CPTQ)<\/a><\/strong><\/u>,\u00a0pero\u00a0advirti\u00f3 que se cuidar\u00e1 que los recursos p\u00fablicos que se le asignen, \u201cno\u00a0se vayan\u00a0en frivolidades\u201d.\u00a0<br \/>\u00a0<br \/>El\u00a0decreto\u00a0de\u00a0creaci\u00f3n\u00a0del organismo encargado\u00a0de\u00a0coordinar, homologar y centralizar los trabajos para publicitar tur\u00edsticamente los\u00a0destinos\u00a0del Caribe Mexicano, comercializar\u00a0sus marcas y\u00a0desarrollar programas y proyectos en la materia, entr\u00f3 en vigor el 21\u00a0de\u00a0diciembre\u00a0de\u00a02017,\u00a0pero\u00a0su\u00a0operaci\u00f3n inici\u00f3 en enero\u00a0de\u00a02018, durante el sexenio\u00a0del entonces gobernador, Carlos Joaqu\u00edn Gonz\u00e1lez.\u00a0<br \/>\u00a0<br \/>Al frente\u00a0del\u00a0Consejo, en esa \u00e9poca, fue\u00a0nombrado <strong>Dar\u00edo Flota Ocampo<\/strong>, quien ser\u00e1 relevado\u00a0del cargo con el cambio\u00a0de\u00a0gobierno, por Javier Aranda Pedrero, quien as\u00ed lo confirm\u00f3 hoy.\u00a0<br \/>\u00a0<br \/>El organismo report\u00f3, semanas atr\u00e1s, una\u00a0deuda con proveedores que ronda en los 650 millones\u00a0de\u00a0pesos, conforme a lo informado a <strong>EL UNIVERSAL<\/strong> por Flota Ocampo, quien se\u00f1al\u00f3 que se contrat\u00f3 un instrumento bancario para pagar 300 millones\u00a0del monto complete.\u00a0<br \/>\u00a0<br \/>A pregunta expresa, la\u00a0gobernadora\u00a0indic\u00f3 que se est\u00e1n revisando los pasivos en todas las\u00a0dependencias y organismos, entre ellas la situaci\u00f3n\u00a0del\u00a0Consejo.\u00a0<br \/>\u00a0<br \/>\u201cTenemos que ser\u00a0sumamente creativos porque evidentemente la falta\u00a0de\u00a0recurso merma la posibilidad\u00a0de\u00a0hacer algunos proyectos, por eso hablaba\u00a0de\u00a0la importancia\u00a0de\u00a0combatir la corrupci\u00f3n,\u00a0de\u00a0quitar esas grietas por donde se escapa el dinero p\u00fablico.\u00a0<\/p>\n<p><img decoding=\"async\" alt=\"img-20220927-wa0017_1.jpg\" style=\"width:567px;height:330px;\" src=\"https:\/\/www.eluniversal.com.mx\/sites\/default\/files\/upload\/u253845\/img-20220927-wa0017_1.jpg\"\/><br \/>\u00a0<br \/>\u201cPorque si tenemos un pasivo y por otro lado se va el dinero por esas grietas que\u00a0de\u00a0repente se esconden, ser\u00eda imposible hacer nada en torno al turismo, sino\u00a0no\u00a0hacer ning\u00fan programa ni proyecto\u201d, respondi\u00f3.\u00a0<br \/>\u00a0<br \/>Lezama Espinosa aprovech\u00f3 para aclarar que cuando anunci\u00f3 que prevalecer\u00e1 la austeridad en\u00a0su\u00a0gobierno, se refer\u00eda a la eliminaci\u00f3n\u00a0de\u00a0\u201cgastos\u00a0superfluos,\u00a0gastos a los que estaban acostumbrados en gobiernos anteriores, en donde sin ton ni son se agarra dinero que es\u00a0del pueblo\u201d.\u00a0<br \/>\u00a0<br \/>La jefa\u00a0del Ejecutivo inaugur\u00f3 hoy el foro \u201cRepensar el Turismo\u201d, espacio que\u00a0defini\u00f3 como un momento necesario para \u201chacer un alto\u201d y marcar hacia d\u00f3nde dirigir los esfuerzos que permitan que el Caribe Mexicano mantenga\u00a0su\u00a0liderazgo,\u00a0pero\u00a0con una mejor distribuci\u00f3n\u00a0de\u00a0su\u00a0riqueza, para hacerla permear en la poblaci\u00f3n.\u00a0<br \/>\u00a0<br \/>La industria tur\u00edstica\u00a0del estado aporta el 15.5 por ciento\u00a0del Producto Interno Bruto (PIB), genera casi el 50 por ciento (43.4%)\u00a0de\u00a0las divisas que recibe M\u00e9xico, por concepto\u00a0de\u00a0turismo y genera el 8.8 por ciento\u00a0de\u00a0los empleos\u00a0del pa\u00eds.\u00a0<br \/>\u00a0<br \/>Sin embargo,\u00a0subray\u00f3 que el retorno\u00a0de\u00a0esos recursos, por parte\u00a0de\u00a0la federaci\u00f3n, es insuficiente y que la distribuci\u00f3n\u00a0de\u00a0la riqueza es\u00a0desigual.\u00a0<br \/>\u00a0<br \/>Adelant\u00f3 que los empe\u00f1os en materia tur\u00edstica se enfocar\u00e1n en incursionar en atraer al mercado\u00a0de\u00a0Turismo Rural, actualmente en boga e im\u00e1n\u00a0del 5 por ciento\u00a0de\u00a0vacacionistas en el mundo, con tasas\u00a0de\u00a0crecimiento anual\u00a0del 6 por ciento.\u00a0<br \/>\u00a0<br \/>Lezama Espinosa consider\u00f3 que\u00a0no\u00a0se trata\u00a0de\u00a0un \u201ctipo\u00a0de\u00a0turismo\u201d, sino\u00a0de\u00a0un nuevo modelo\u00a0de\u00a0desarrollo social.\u00a0<br \/>\u00a0<br \/>En entrevista, coment\u00f3 que ya present\u00f3 al presidente\u00a0de\u00a0la Rep\u00fablica, Andr\u00e9s Manuel L\u00f3pez Obrador, dos proyectos\u00a0de\u00a0desarrollo pensados para la reactivaci\u00f3n\u00a0del\u00a0sur\u00a0del estado, cuyos\u00a0detalles dar\u00e1 a conocer la pr\u00f3xima semana.\u00a0<br \/>\u00a0<br \/>Durante\u00a0su\u00a0intervenci\u00f3n, el titular\u00a0de\u00a0la Secretar\u00eda\u00a0de\u00a0Turismo (Sedetur), Bernardo Cueto, indic\u00f3 que tan solo el verano pasado,\u00a0Quintana\u00a0Roo\u00a0recibi\u00f3 a 3.7 millones\u00a0de\u00a0turistas, lo que significa 20 por ciento m\u00e1s respecto al 2021. \u00a0<br \/>\u00a0<br \/>Durante el pasado \u201cpuente patrio\u201d, arribaron al estado 343 mil vacacionistas, es\u00a0decir, 50 por ciento m\u00e1s frente a ese mismo per\u00edodo\u00a0pero\u00a0del 2021.\u00a0<br \/>\u00a0<br \/>La entidad cuenta con 125 mil habitaciones\u00a0de\u00a0lodge, tres aeropuertos internacionales y 12 centros tur\u00edsticos. \u00a0<br \/>\u00a0<br \/>En el mismo evento la alcaldesa\u00a0de\u00a0Canc\u00fan, Ana Patricia Peralta,\u00a0destac\u00f3 que\u00a0de\u00a0enero a junio\u00a0de\u00a0este a\u00f1o, este centro tur\u00edstico capt\u00f3 el 46.9 por ciento\u00a0del complete\u00a0de\u00a0turistas extranjeros\u00a0del pa\u00eds.\u00a0<br \/>\u00a0<br \/>La edil, quien ayer rindi\u00f3 protesta al cargo, en\u00a0sustituci\u00f3n\u00a0de\u00a0Lezama Espinosa, admiti\u00f3 que el modelo tur\u00edstico tradicional ha generado problemas ambientales, lo que obliga a migrar a nuevos modelos, m\u00e1s sostenibles.\u00a0<\/p>\n<p> <em><a rel=\"nofollow noopener\" target=\"_blank\" href=\"https:\/\/www.eluniversal.com.mx\/newsletters\"><u>Suscr\u00edbete aqu\u00ed<\/u><\/a> para recibir directo en tu correo nuestras newsletters sobre noticias del d\u00eda, opini\u00f3n, opciones para el fin de semana, Qatar 2022 y muchas opciones m\u00e1s.<\/em><\/p>\n<p>cls<\/p>\n<p>\u00a0<\/p>\n<\/div>\n<p><script async defer crossorigin=\"anonymous\" src=\"https:\/\/connect.facebook.net\/es_LA\/sdk.js#xfbml=1&#038;version=v10.0&#038;appId=163316950407128&#038;autoLogAppEvents=1\"><\/script><br \/>\n<br \/><\/p>\n<p><em> &#8221; Fuentes www.eluniversal.com.mx &#8221; <\/em><\/p>\n","protected":false},"excerpt":{"rendered":"<p>Ante empresarios\u00a0del sector, reunidos en Canc\u00fan, a prop\u00f3sito\u00a0del D\u00eda Mundial\u00a0del Turismo, la\u00a0gobernadora\u00a0de\u00a0Quintana\u00a0Roo, \u201cMara\u201d Lezama, anunci\u00f3 que mantendr\u00e1 en operaci\u00f3n el\u00a0Consejo\u00a0de\u00a0Promoci\u00f3n Tur\u00edstica\u00a0del estado (CPTQ),\u00a0pero\u00a0advirti\u00f3 que se cuidar\u00e1 que los recursos p\u00fablicos que se le asignen, \u201cno\u00a0se vayan\u00a0en frivolidades\u201d.\u00a0\u00a0El\u00a0decreto\u00a0de\u00a0creaci\u00f3n\u00a0del organismo encargado\u00a0de\u00a0coordinar, homologar y centralizar los trabajos para publicitar tur\u00edsticamente los\u00a0destinos\u00a0del Caribe Mexicano, comercializar\u00a0sus marcas y\u00a0desarrollar programas y [&hellip;]<\/p>\n","protected":false},"author":4,"featured_media":395031,"comment_status":"open","ping_status":"closed","sticky":false,"template":"","format":"standard","meta":{"om_disable_all_campaigns":false,"jnews-multi-image_gallery":[],"jnews_single_post":[],"jnews_primary_category":[],"jnews_social_meta":[],"footnotes":""},"categories":[40],"tags":[1064],"class_list":["post-395030","post","type-post","status-publish","format-standard","has-post-thumbnail","hentry","category-industria","tag-quintana-roo"],"_links":{"self":[{"href":"https:\/\/dimensionturistica.com\/es\/wp-json\/wp\/v2\/posts\/395030","targetHints":{"allow":["GET"]}}],"collection":[{"href":"https:\/\/dimensionturistica.com\/es\/wp-json\/wp\/v2\/posts"}],"about":[{"href":"https:\/\/dimensionturistica.com\/es\/wp-json\/wp\/v2\/types\/post"}],"author":[{"embeddable":true,"href":"https:\/\/dimensionturistica.com\/es\/wp-json\/wp\/v2\/users\/4"}],"replies":[{"embeddable":true,"href":"https:\/\/dimensionturistica.com\/es\/wp-json\/wp\/v2\/comments?post=395030"}],"version-history":[{"count":0,"href":"https:\/\/dimensionturistica.com\/es\/wp-json\/wp\/v2\/posts\/395030\/revisions"}],"wp:featuredmedia":[{"embeddable":true,"href":"https:\/\/dimensionturistica.com\/es\/wp-json\/wp\/v2\/media\/395031"}],"wp:attachment":[{"href":"https:\/\/dimensionturistica.com\/es\/wp-json\/wp\/v2\/media?parent=395030"}],"wp:term":[{"taxonomy":"category","embeddable":true,"href":"https:\/\/dimensionturistica.com\/es\/wp-json\/wp\/v2\/categories?post=395030"},{"taxonomy":"post_tag","embeddable":true,"href":"https:\/\/dimensionturistica.com\/es\/wp-json\/wp\/v2\/tags?post=395030"}],"curies":[{"name":"wp","href":"https:\/\/api.w.org\/{rel}","templated":true}]}}