{"id":395003,"date":"2022-09-28T01:21:56","date_gmt":"2022-09-28T01:21:56","guid":{"rendered":"https:\/\/dimensionturistica.com\/es\/?p=395003"},"modified":"2022-09-28T01:21:56","modified_gmt":"2022-09-28T01:21:56","slug":"las-plazas-se-agotaran-esta-semana","status":"publish","type":"post","link":"https:\/\/dimensionturistica.com\/es\/las-plazas-se-agotaran-esta-semana\/","title":{"rendered":"las plazas se agotar\u00e1n esta semana"},"content":{"rendered":"<p> <br \/>\n<\/p>\n<div id=\"article-body-content\" data-action=\"toggle\" data-status=\"on\">\n<p id=\"paragraph_1\">El <strong>programa social del Imserso para la temporada 2022-2023<\/strong> es la prueba de que el turismo se est\u00e1 recuperando y de que la pandemia de la Covid-19 ya no es un problema. Ya se han vendido la mayor\u00eda de las 844.471 plazas para viajar entre octubre de este a\u00f1o y mayo del a\u00f1o que viene. <a rel=\"nofollow noopener\" target=\"_blank\" href=\"https:\/\/www.elespanol.com\/invertia\/empresas\/turismo\/20220920\/arranca-venta-viajes-imserso-plazas-hoteles-costa\/704679535_0.html\">Las ventas arrancaron el 20 de septiembre<\/a> y se espera que a finales de semana se agoten las plazas.<\/p>\n<p id=\"paragraph_2\"><strong>Turismo Social,<\/strong> que gestiona el <strong>lote 3 (turismo inside y de procedencia europea),<\/strong> ya ha vendido <strong>150.000 plazas de las 170.000 que pusieron a la venta.\u00a0<\/strong><\/p>\n<p id=\"paragraph_3\">Por su parte, <strong>Mundiplan (Iberia, IAG7 Viajes y Alsa)<\/strong>, que gestiona los lotes 1 (costa peninsular) y 2 (islas), ha vendido 505.500 plazas de las casi 674.000 que comercializan esta temporada.<\/p>\n<p id=\"paragraph_4\"><em><a rel=\"nofollow noopener\" target=\"_blank\" cmp-ltrk=\"links-parrafos\" cmp-ltrk-idx=\"6\" href=\"https:\/\/www.elespanol.com\/invertia\/empresas\/turismo\/20220907\/tension-viajes-imserso-estreno-hoteles-precios-ipc\/701180048_0.html\" mrfobservableid=\"13b080d9-82a0-4487-bcef-97c77e9549ff\">[Tensi\u00f3n en los viajes del Imserso a d\u00edas de su estreno: los hoteles piden subir precios para luchar contra el IPC]<\/a><\/em><\/p>\n<p id=\"paragraph_5\">Esto hace que se hayan vendido m\u00e1s de 655.500 plazas entre los tres lotes y, por tanto, <strong>quedan 188.971 plazas por comercializar<\/strong>. Seg\u00fan avanzan fuentes del sector, se agotar\u00e1n esta semana con complete seguridad.\u00a0<\/p>\n<p id=\"paragraph_6\">Y eso que el programa de este a\u00f1o tampoco estuvo exento de pol\u00e9mica. Muchos hoteles, especialmente de costa, declinaron participar este a\u00f1o porque no les compensaban los bajos precios que percib\u00edan (22 euros por habitaci\u00f3n).\u00a0<\/p>\n<h3 class=\"content__summary-title\">M\u00e1s plazas<\/h3>\n<p id=\"paragraph_7\">Eso no ha sido problema para que al last incluso se hayan aumentado plazas. En concreto, la semana pasada se\u00a0<a rel=\"nofollow noopener\" target=\"_blank\" href=\"https:\/\/www.elespanol.com\/invertia\/empresas\/turismo\/20220922\/imserso-incrementa-numero-plazas-viajen-mayores\/705179914_0.html\">incrementaron en 28.442,<\/a> pasando as\u00ed de las 816.029 inicialmente previstas hasta las 844.471 para esta temporada 2022-2023.\u00a0<\/p>\n<p id=\"paragraph_8\">Pero no todos los solicitantes podr\u00e1n viajar con el programa del Imserso.\u00a0Para la temporada 2022\/2023, el plazo de presentaci\u00f3n de solicitudes comenz\u00f3 el 27 de junio de 2022 y termin\u00f3 el 19 de julio. Los pensionistas y acompa\u00f1antes que se han acreditado para aspirar a alguna de esas plazas han registrado <strong>una cifra r\u00e9cord de 2,6 millones de acreditaciones.\u00a0<\/strong><\/p>\n<p id=\"paragraph_9\">Los precios para esta nueva temporada oscilar\u00e1n entre los 115 euros para una estancia de 4 d\u00edas y 3 noches en una capital de inside y los 455 euros para estancias de 10 d\u00edas (9 noches) en zona costera peninsular o Baleares.\u00a0<\/p>\n<p id=\"paragraph_10\">Por otro lado, las arcas p\u00fablicas tambi\u00e9n se benefician de este programa. Se calcula que por cada euro que <strong>el Gobierno invierte en los viajes del Imserso recibe 1,56 euros<\/strong>. Ese beneficio lo consigue gracias a que estos viajes favorecen la creaci\u00f3n y el mantenimiento del empleo en el sector tur\u00edstico.<\/p>\n<p id=\"paragraph_11\">Sin estos viajes, muchos trabajadores de estos establecimientos acabar\u00edan en el paro por lo que tendr\u00edan que cobrar una pensi\u00f3n de desempleo a cargo del Estado. As\u00ed, el Gobierno sigue recaudando el IVA, impuesto de sociedades e IRPF y se ahorra el pago del desempleo.\u00a0<\/p>\n<h3 class=\"follow-topics-title\"><span class=\"follow-topics-title__icon\"\/>Sigue los temas que te interesan<\/h3>\n<\/p><\/div>\n\n<p><em> &#8221; Fuentes www.elespanol.com &#8221; <\/em><\/p>\n","protected":false},"excerpt":{"rendered":"<p>El programa social del Imserso para la temporada 2022-2023 es la prueba de que el turismo se est\u00e1 recuperando y de que la pandemia de la Covid-19 ya no es un problema. Ya se han vendido la mayor\u00eda de las 844.471 plazas para viajar entre octubre de este a\u00f1o y mayo del a\u00f1o que viene. [&hellip;]<\/p>\n","protected":false},"author":4,"featured_media":395004,"comment_status":"open","ping_status":"closed","sticky":false,"template":"","format":"standard","meta":{"om_disable_all_campaigns":false,"jnews-multi-image_gallery":[],"jnews_single_post":[],"jnews_primary_category":[],"jnews_social_meta":[],"footnotes":""},"categories":[39],"tags":[813,544],"class_list":["post-395003","post","type-post","status-publish","format-standard","has-post-thumbnail","hentry","category-viajes","tag-imserso","tag-turismo"],"_links":{"self":[{"href":"https:\/\/dimensionturistica.com\/es\/wp-json\/wp\/v2\/posts\/395003","targetHints":{"allow":["GET"]}}],"collection":[{"href":"https:\/\/dimensionturistica.com\/es\/wp-json\/wp\/v2\/posts"}],"about":[{"href":"https:\/\/dimensionturistica.com\/es\/wp-json\/wp\/v2\/types\/post"}],"author":[{"embeddable":true,"href":"https:\/\/dimensionturistica.com\/es\/wp-json\/wp\/v2\/users\/4"}],"replies":[{"embeddable":true,"href":"https:\/\/dimensionturistica.com\/es\/wp-json\/wp\/v2\/comments?post=395003"}],"version-history":[{"count":0,"href":"https:\/\/dimensionturistica.com\/es\/wp-json\/wp\/v2\/posts\/395003\/revisions"}],"wp:featuredmedia":[{"embeddable":true,"href":"https:\/\/dimensionturistica.com\/es\/wp-json\/wp\/v2\/media\/395004"}],"wp:attachment":[{"href":"https:\/\/dimensionturistica.com\/es\/wp-json\/wp\/v2\/media?parent=395003"}],"wp:term":[{"taxonomy":"category","embeddable":true,"href":"https:\/\/dimensionturistica.com\/es\/wp-json\/wp\/v2\/categories?post=395003"},{"taxonomy":"post_tag","embeddable":true,"href":"https:\/\/dimensionturistica.com\/es\/wp-json\/wp\/v2\/tags?post=395003"}],"curies":[{"name":"wp","href":"https:\/\/api.w.org\/{rel}","templated":true}]}}