{"id":394956,"date":"2022-09-27T23:26:43","date_gmt":"2022-09-27T23:26:43","guid":{"rendered":"https:\/\/dimensionturistica.com\/es\/?p=394956"},"modified":"2022-09-27T23:26:43","modified_gmt":"2022-09-27T23:26:43","slug":"cusco-visitantes-son-recibidos-por-el-inca-pachacutec-en-el-dia-mundial-del-turismo-noticias","status":"publish","type":"post","link":"https:\/\/dimensionturistica.com\/es\/cusco-visitantes-son-recibidos-por-el-inca-pachacutec-en-el-dia-mundial-del-turismo-noticias\/","title":{"rendered":"Cusco: visitantes son recibidos por el inca Pachac\u00fatec en el D\u00eda Mundial del Turismo | Noticias"},"content":{"rendered":"<p> <br \/>\n<\/p>\n<div>\n<p>                        <!-- \/\/\/\/\/\/\/\/\/\/\/\/\/\/\/\/\/\/\/\/\/\/\/\/\/\/\/\/\/\/  DESCRIPCION  \/\/\/\/\/\/\/\/\/\/\/\/\/\/\/\/\/\/\/\/\/\/\/\/\/\/\/ --><br \/>\n                        Turistas nacionales y extranjeros fueron recibidos hoy por el inca Pachac\u00fatec y su s\u00e9quito imperial, entre danzas t\u00edpicas y regalos consistentes en artesan\u00eda native, en el aeropuerto Teniente Alejandro Velasco Astete de la ciudad del Cusco, con ocasi\u00f3n del D\u00eda Mundial del Turismo.<\/p>\n<p>                        <!-- \/\/\/\/\/\/\/\/\/\/\/\/\/\/\/\/\/\/\/\/\/\/\/\/\/\/\/\/\/\/  CONTENIDO DE LA NOTICIA \/\/\/\/\/\/\/\/\/\/\/\/\/\/\/\/\/\/\/\/\/\/\/\/\/\/\/\/ --><\/p>\n<p>Los actos de recepci\u00f3n, organizados por el private de la <strong>Gerencia Regional de Comercio Exterior y Turismo (Gercetur)<\/strong> de Cusco y polic\u00edas de la Comisar\u00eda de Turismo, se desarrollaron desde las 6:00 de la ma\u00f1ana en los pasillos de salida del terminal a\u00e9reo e incluso en exteriores.<\/p>\n<p>El subgerente de Facilitaci\u00f3n de Calidad de la Gercetur, Hernando Galindo, inform\u00f3 a la Agencia Andina que los visitantes, en principio, mostraron algo de desconfianza por la sorpresiva recepci\u00f3n, pero <strong>luego se dibuj\u00f3 la alegr\u00eda en sus rostros al ver al inca, <\/strong>las danzas y los coloridos presentes.<\/p>\n<div>El funcionario destac\u00f3 que <strong><a rel=\"nofollow noopener\" target=\"_blank\" href=\"https:\/\/andina.pe\/agencia\/noticia-conoce-las-opciones-ofrece-cusco-para-hacer-turismo-bajo-presupuesto-862716.aspx\" class=\"ApplyClass\">el turismo se reactiva de forma positiva<\/a><\/strong> y ser\u00e1 en menos de 5 a\u00f1os, tiempo que se hab\u00eda estimado para que \u201ctodo volver\u00eda a ser como antes\u201d. Explic\u00f3 que, por el momento, el flujo de visitas se compone de un 65 % de extranjeros y un 35 % de nacionales.<\/div>\n<p>&#8220;Vienen de Norteam\u00e9rica, Latinoam\u00e9rica, de Lima, del norte de Chile&#8221;, detall\u00f3 Galindo, al sostener que entre las 6:00 y las 12:00 horas de hoy arribaron 10 vuelos, cada avi\u00f3n con unos 120 pasajeros.<\/p>\n<p><img decoding=\"async\" alt=\"\" src=\"https:\/\/portal.andina.pe\/EDPFotografia3\/thumbnail\/2022\/09\/27\/000901492W.jpg\" width=\"580px\"\/><\/p>\n<h3>\n<p><strong>Cusco: regi\u00f3n privilegiada<\/strong><\/p>\n<\/h3>\n<div>Galindo mostr\u00f3 satisfacci\u00f3n por el privilegio de la regi\u00f3n al contar con una serie de parques arqueol\u00f3gicos, como Machu Picchu, Sacsayhuaman, Pisac, <strong><a rel=\"nofollow noopener\" target=\"_blank\" href=\"https:\/\/andina.pe\/agencia\/noticia-ollantaytambo-hace-especial-a-este-destino-turistico-y-distinciones-tiene-910910.aspx\" class=\"ApplyClass\">Ollantaytambo <\/a><\/strong>y Chinchero, entre otros. Adem\u00e1s, atractivos naturales como el cerro Vinicunca, la laguna de Humantay y circuitos religiosos e hist\u00f3ricos.<\/div>\n<p>Respecto a la capacidad de recepci\u00f3n en hoteles, restaurantes y agencias de viaje, sostuvo que hay suficiente espacio, que el sector nunca colaps\u00f3 y que todos estos establecimientos <em>\u201cest\u00e1n en camino a la formalizaci\u00f3n<\/em> con la participaci\u00f3n de autoridades multisectoriales\u201d.<\/p>\n<p><img decoding=\"async\" alt=\"\" src=\"https:\/\/portal.andina.pe\/EDPFotografia3\/thumbnail\/2022\/09\/27\/000901490W.jpg\" width=\"580px\"\/><\/p>\n<h3>\n<p><strong>M\u00e1s en Andina:<\/strong><\/p>\n<\/h3>\n<blockquote class=\"twitter-tweet\">\n<p lang=\"es\" dir=\"ltr\">?????? D\u00eda Mundial del Turismo: conoce potajes peruanos m\u00e1s reconocidos por turistas extranjeros <a rel=\"nofollow noopener\" target=\"_blank\" href=\"https:\/\/t.co\/FSoxMoI6oN\">https:\/\/t.co\/FSoxMoI6oN<\/a> <\/p>\n<p>El cebiche, lomo saltado, pollo a la brasa, papa a la huanca\u00edna y la pachamanca son algunos de los preferidos. <a rel=\"nofollow noopener\" target=\"_blank\" href=\"https:\/\/t.co\/FC8HE37iPX\">pic.twitter.com\/FC8HE37iPX<\/a><\/p>\n<p>\u2014 Agencia Andina (@Agencia_Andina) <a rel=\"nofollow noopener\" target=\"_blank\" href=\"https:\/\/twitter.com\/Agencia_Andina\/status\/1574862944877400066?ref_src=twsrc%5Etfw\">September 27, 2022<\/a><\/p><\/blockquote>\n<p>(FIN) PHS\/CCH<\/p>\n<p>\nPublicado: 27\/9\/2022<\/p>\n<p>                        <!-- PUBLICIDAD MGID --><br \/>\n                      <!-- Composite Start --><\/p>\n<p>                      <!-- Composite End --><\/p><\/div>\n<p><script async src=\"\/\/platform.twitter.com\/widgets.js\" charset=\"utf-8\"><\/script><br \/>\n<br \/><\/p>\n<p><em> &#8221; Fuentes andina.pe &#8221; <\/em><\/p>\n","protected":false},"excerpt":{"rendered":"<p>Turistas nacionales y extranjeros fueron recibidos hoy por el inca Pachac\u00fatec y su s\u00e9quito imperial, entre danzas t\u00edpicas y regalos consistentes en artesan\u00eda native, en el aeropuerto Teniente Alejandro Velasco Astete de la ciudad del Cusco, con ocasi\u00f3n del D\u00eda Mundial del Turismo. Los actos de recepci\u00f3n, organizados por el private de la Gerencia Regional [&hellip;]<\/p>\n","protected":false},"author":4,"featured_media":394957,"comment_status":"open","ping_status":"closed","sticky":false,"template":"","format":"standard","meta":{"om_disable_all_campaigns":false,"jnews-multi-image_gallery":[],"jnews_single_post":[],"jnews_primary_category":[],"jnews_social_meta":[],"footnotes":""},"categories":[40],"tags":[43169,1454,32391,6825,27569,54268,48316,48315,54269],"class_list":["post-394956","post","type-post","status-publish","format-standard","has-post-thumbnail","hentry","category-industria","tag-chinchero","tag-cusco","tag-dia-mundial-del-turismo","tag-machu-picchu","tag-ollantaytambo","tag-pachacutec","tag-pisac","tag-sacsayhuaman","tag-velasco-astete"],"_links":{"self":[{"href":"https:\/\/dimensionturistica.com\/es\/wp-json\/wp\/v2\/posts\/394956","targetHints":{"allow":["GET"]}}],"collection":[{"href":"https:\/\/dimensionturistica.com\/es\/wp-json\/wp\/v2\/posts"}],"about":[{"href":"https:\/\/dimensionturistica.com\/es\/wp-json\/wp\/v2\/types\/post"}],"author":[{"embeddable":true,"href":"https:\/\/dimensionturistica.com\/es\/wp-json\/wp\/v2\/users\/4"}],"replies":[{"embeddable":true,"href":"https:\/\/dimensionturistica.com\/es\/wp-json\/wp\/v2\/comments?post=394956"}],"version-history":[{"count":0,"href":"https:\/\/dimensionturistica.com\/es\/wp-json\/wp\/v2\/posts\/394956\/revisions"}],"wp:featuredmedia":[{"embeddable":true,"href":"https:\/\/dimensionturistica.com\/es\/wp-json\/wp\/v2\/media\/394957"}],"wp:attachment":[{"href":"https:\/\/dimensionturistica.com\/es\/wp-json\/wp\/v2\/media?parent=394956"}],"wp:term":[{"taxonomy":"category","embeddable":true,"href":"https:\/\/dimensionturistica.com\/es\/wp-json\/wp\/v2\/categories?post=394956"},{"taxonomy":"post_tag","embeddable":true,"href":"https:\/\/dimensionturistica.com\/es\/wp-json\/wp\/v2\/tags?post=394956"}],"curies":[{"name":"wp","href":"https:\/\/api.w.org\/{rel}","templated":true}]}}