{"id":394795,"date":"2022-09-27T19:28:58","date_gmt":"2022-09-27T19:28:58","guid":{"rendered":"https:\/\/dimensionturistica.com\/es\/?p=394795"},"modified":"2022-09-27T19:28:59","modified_gmt":"2022-09-27T19:28:59","slug":"escrache-vecinal-en-la-sede-de-turisme-de-barcelona-en-defensa-de-una-ciudad-habitable","status":"publish","type":"post","link":"https:\/\/dimensionturistica.com\/es\/escrache-vecinal-en-la-sede-de-turisme-de-barcelona-en-defensa-de-una-ciudad-habitable\/","title":{"rendered":"Escrache vecinal en la sede de Turisme de Barcelona en defensa de una &#8220;ciudad habitable&#8221;"},"content":{"rendered":"<p> <br \/>\n<\/p>\n<div>\n<p>\t <!-- --><\/p>\n<p>Sucede en pocas ocasiones que en una <strong>protesta callejera<\/strong> haya casi m\u00e1s polic\u00eda que manifestantes. En el caso que nos ocupa, una <strong>concentraci\u00f3n contra el turismo en Barcelona<\/strong>, se ha dado esta peculiar situaci\u00f3n, con decenas de <strong>Mossos <\/strong>creando un cord\u00f3n alrededor de la <strong>Pedrera <\/strong>y agentes de la <strong>Guardia Urbana<\/strong> controlando accesos y calles. Quiz\u00e1s haya tenido algo que ver el efecto fiestas de la Merc\u00e8&#8230; Han sido un centenar las personas que se han hecho carne en el paseo de Gr\u00e0cia para reclamar el decrecimiento del &#8216;<strong>forasterismo&#8217; <\/strong>en la ciudad, una plaga, dicen, que echa a los vecinos y agrava la disaster clim\u00e1tica. A pesar del dispositivo de seguridad, el ondulado <strong>edificio de Antoni Gaud\u00ed<\/strong> period solo el punto de encuentro. Desde ah\u00ed, peque\u00f1o &#8216;tour&#8217; por Proven\u00e7a, Rambla Catalunya y pasaje de la Concepci\u00f3 para terminar en la <strong>sede de Turisme de Barcelona<\/strong>, que ha quedado irreconocible. As\u00ed ha sido el d\u00eda internacional del turismo de los barceloneses que no ten\u00edan nada que celebrar. <\/p>\n<p> Los convocantes forman parte de la <strong>crimson SET<\/strong> (Sur de Europa contra la Turistizaci\u00f3n), donde comparten cruzada con ciudadanos de urbes como G\u00e9nova, Lisboa, N\u00e1poles, Ibiza, Venecia, C\u00f3rdoba, San Sebasti\u00e1n o Madrid. Hablan de una situaci\u00f3n &#8220;insostenible agravada por la crisis clim\u00e1tica econ\u00f3mica y energ\u00e9tica&#8221;, y exponen reclamaciones que van m\u00e1s all\u00e1 de los males asidos al turismo: rechazan la <strong>ampliaci\u00f3n del aeropuerto de El Prat o del puerto de Barcelona, exigen abandonar cualquier pretensi\u00f3n de organizar grandes acontecimientos como los<\/strong> Juegos de Invierno o la <strong>Copa Am\u00e9rica<\/strong> y reclaman frenar cualquier operaci\u00f3n urban\u00edstica o inmobiliaria que tenga que ver con los visitantes. Tambi\u00e9n quieren <strong>incrementar un 50% la tasa tur\u00edstica<\/strong> y <strong>disolver Turisme de Barcelona<\/strong>, un organismo, denuncian, que funciona con fondos p\u00fablicos pero que en el fondo es &#8220;un lobi que vela por <strong>intereses privados<\/strong>&#8220;. <\/p>\n<h3>La &#8220;rendici\u00f3n&#8221; de los &#8216;comuns&#8217;<\/h3>\n<p>Daniel Pardo, de la <strong>Asamblea de Barrios por el Decrecimiento Tur\u00edstico<\/strong>, se ha encargado de empujar el carro con los enseres de la manifestaci\u00f3n (escalera, amplificador, pegatinas, pancartas&#8230;). Period, por lo tanto, la persona excellent para resumir la esencia de la convocatoria. Admite, de entrada, que ellos no tienen la soluci\u00f3n m\u00e1gica, que lo que buscan es &#8220;abrir el debate sobre el modelo de ciudad&#8221;. Algo, cube, que ha echado de menos por parte del <strong>gobierno de Barcelona en Com\u00fa<\/strong>: &#8220;Han sido una <strong>gran decepci\u00f3n<\/strong>. Al principio ilusionaban, pero el declive ha sido constante. Adem\u00e1s han cedido el tema del <strong>turismo en el PSC.<\/strong>.., una <strong>clara rendici\u00f3n<\/strong>&#8220;. <\/p>\n<p>\t <!-- --><\/p>\n<p>\t<span class=\"smallTitle center\">Noticias relacionadas<\/span><\/p>\n<p>Quieren eliminar los cruceros -&#8220;de manera progresiva&#8221;, conceden-, reducir la oferta de habitaciones en hoteles y apartamentos tur\u00edsticos y &#8220;dejar de depender de una econom\u00eda vulnerable que adem\u00e1s <strong>expulsa a las personas de sus casas<\/strong>&#8220;. Todo ello lo han resumido, adem\u00e1s de con la lectura de un manifiesto, con un escrache redondo en la <strong>sede de Turisme de Barcelona<\/strong>, cuya fachada se ha convertido en una inmensa pancarta contra el propio organismo. &#8216;La<strong> ciudad para quien la habita<\/strong>&#8216;, &#8216;no a la ampliaci\u00f3n del aeropuerto&#8217;, &#8216;emergencia clim\u00e1tica&#8217; o &#8216;ninguna vecina fuera de los barrios&#8217; son algunos de los lemas que han quedado pegados al edificio. A ambos lados, por cierto, agentes de los Mossos y de la Urbana, que han han observado desde la prudente distancia. Al tratarse de un <strong>pasaje estrecho y con solo dos salidas<\/strong>, cualquier intervenci\u00f3n habr\u00eda tenido un ultimate incierto.<\/p>\n<h3>Estado de la preocupaci\u00f3n <\/h3>\n<p>En el <strong>bar\u00f3metro municipal de mayo de 2017<\/strong>, el turismo se col\u00f3 en lo m\u00e1s alto de las <strong>preocupaciones ciudadanas<\/strong>, desbancando a los asuntos que suelen ocupar este puesto, como la todopoderosa <strong>inseguridad, el paro y la econom\u00ed acquainted o el acceso a la vivienda<\/strong>. Cuando <strong>Ada Colau<\/strong> asumi\u00f3 la alcald\u00eda, en junio de 2015, solo el 5,3% de los barceloneses se\u00f1alaban a los <strong>forasteros <\/strong>como el principal mal de la ciudad. Dos a\u00f1os m\u00e1s tarde eran el 19%. El pasado mayo eran solo el 6,1%. Qu\u00e9 duda cabe que Barcelona se ha vuelto a llenar este verano de forasteros, que los congresos volver\u00e1n a traer miles de personas durante todo el a\u00f1o, que los cruceros igualar\u00e1n cifras de 2019 y que los hoteles y apartamentos tur\u00edsticos luchar\u00e1n para <strong>desestacionalizar el turismo<\/strong>. Tendr\u00e1n en frente a estos vecinos. Y est\u00e1 por ver qu\u00e9 actitud toma el gobierno que salga de las elecciones de mayo de 2023. <\/p>\n<\/p><\/div>\n\n<p><em> &#8221; Fuentes www.elperiodico.com &#8221; <\/em><\/p>\n","protected":false},"excerpt":{"rendered":"<p>Sucede en pocas ocasiones que en una protesta callejera haya casi m\u00e1s polic\u00eda que manifestantes. En el caso que nos ocupa, una concentraci\u00f3n contra el turismo en Barcelona, se ha dado esta peculiar situaci\u00f3n, con decenas de Mossos creando un cord\u00f3n alrededor de la Pedrera y agentes de la Guardia Urbana controlando accesos y calles. [&hellip;]<\/p>\n","protected":false},"author":4,"featured_media":394796,"comment_status":"open","ping_status":"closed","sticky":false,"template":"","format":"standard","meta":{"om_disable_all_campaigns":false,"jnews-multi-image_gallery":[],"jnews_single_post":[],"jnews_primary_category":[],"jnews_social_meta":[],"footnotes":""},"categories":[41],"tags":[544],"class_list":["post-394795","post","type-post","status-publish","format-standard","has-post-thumbnail","hentry","category-cruceros","tag-turismo"],"_links":{"self":[{"href":"https:\/\/dimensionturistica.com\/es\/wp-json\/wp\/v2\/posts\/394795","targetHints":{"allow":["GET"]}}],"collection":[{"href":"https:\/\/dimensionturistica.com\/es\/wp-json\/wp\/v2\/posts"}],"about":[{"href":"https:\/\/dimensionturistica.com\/es\/wp-json\/wp\/v2\/types\/post"}],"author":[{"embeddable":true,"href":"https:\/\/dimensionturistica.com\/es\/wp-json\/wp\/v2\/users\/4"}],"replies":[{"embeddable":true,"href":"https:\/\/dimensionturistica.com\/es\/wp-json\/wp\/v2\/comments?post=394795"}],"version-history":[{"count":0,"href":"https:\/\/dimensionturistica.com\/es\/wp-json\/wp\/v2\/posts\/394795\/revisions"}],"wp:featuredmedia":[{"embeddable":true,"href":"https:\/\/dimensionturistica.com\/es\/wp-json\/wp\/v2\/media\/394796"}],"wp:attachment":[{"href":"https:\/\/dimensionturistica.com\/es\/wp-json\/wp\/v2\/media?parent=394795"}],"wp:term":[{"taxonomy":"category","embeddable":true,"href":"https:\/\/dimensionturistica.com\/es\/wp-json\/wp\/v2\/categories?post=394795"},{"taxonomy":"post_tag","embeddable":true,"href":"https:\/\/dimensionturistica.com\/es\/wp-json\/wp\/v2\/tags?post=394795"}],"curies":[{"name":"wp","href":"https:\/\/api.w.org\/{rel}","templated":true}]}}