{"id":394525,"date":"2022-09-27T12:54:37","date_gmt":"2022-09-27T12:54:37","guid":{"rendered":"https:\/\/dimensionturistica.com\/es\/?p=394525"},"modified":"2022-09-27T12:54:37","modified_gmt":"2022-09-27T12:54:37","slug":"el-verano-deja-en-la-region-cifras-record-de-visitantes-y-de-empleo-en-el","status":"publish","type":"post","link":"https:\/\/dimensionturistica.com\/es\/el-verano-deja-en-la-region-cifras-record-de-visitantes-y-de-empleo-en-el\/","title":{"rendered":"El verano deja en la Regi\u00f3n cifras r\u00e9cord de visitantes y de empleo en el&#8230;"},"content":{"rendered":"<p> <br \/>\n<\/p>\n<div>\n<p><strong>La Comunidad celebra el D\u00eda Mundial del Turismo tras finalizar un verano \u201cque ha batido cifras hist\u00f3ricas de visitantes y de empleo en el sector\u201d,<\/strong> inform\u00f3 el consejero de Turismo, <a rel=\"nofollow noopener\" target=\"_blank\" href=\"https:\/\/www.murciadiario.com\/tags\/marcos-ortuno\"><strong><u>Marcos Ortu\u00f1o<\/u><\/strong><\/a>. Han sido los meses con mejor registro mensual de viajeros en los hoteles de la Regi\u00f3n desde que se tienen datos, con m\u00e1s de 165.000\u00a0en agosto, un 11,6% m\u00e1s que en 2019, y m\u00e1s de 156.000\u00a0visitantes en julio.<\/p>\n<p><strong>La Regi\u00f3n fue en agosto la comunidad con mayor tasa de crecimiento de viajeros respecto al periodo previo a la pandemia<\/strong>, mientras que la Costa C\u00e1lida se posicion\u00f3 como el cuarto destino tur\u00edstico con mayor crecimiento en Espa\u00f1a, hasta aumentar el 12,8% el n\u00famero de turistas de 2019.<\/p>\n<p>Adem\u00e1s,<strong> la temporada tur\u00edstica ha permitido recuperar los niveles de empleo en el sector de la hosteler\u00eda y agencias de viaje anteriores a la disaster sanitaria.<\/strong> De esta forma, agosto obtuvo el mejor registro de afiliados en los ocho primeros meses del a\u00f1o (43.590), encadenando el decimonoveno mes de crecimiento consecutivo e incorporando m\u00e1s de 6.000 nuevos afiliados a la Seguridad Social, que reducen la cifra de desempleo en el sector en alrededor de un millar de personas con respecto a 2019.<\/p>\n<p><strong>\u201cHa sido un verano tur\u00edstico extraordinario\u201d, afirm\u00f3 el consejero, quien destac\u00f3 la capacidad de este sector para recuperar la actividad, que se confirm\u00f3 al registrar 3,2 millones de turistas en la Regi\u00f3n,<\/strong> mientras que entre enero y agosto de 2022 se ha logrado alcanzar niveles previos a la pandemia.<\/p>\n<p><strong>Ortu\u00f1o reivindic\u00f3 el D\u00eda Mundial del Turismo, que este a\u00f1o se celebra bajo el lema de &#8216;Repensar el Turismo&#8217;\u2019, como \u201cuna oportunidad inmejorable para sensibilizar, tanto a quienes nos visitan como a quienes tenemos la fortuna de vivir en la Regi\u00f3n de Murcia<\/strong>, de la calidad y diversidad de nuestra oferta tur\u00edstica, que ya se encuentra completamente reactivada despu\u00e9s de dos a\u00f1os de limitaciones por la pandemia\u201d.<\/p>\n<p>En este sentido, Ortu\u00f1o record\u00f3 el <strong>valor econ\u00f3mico, social y cultural de esta industria, que en 2019, \u00faltimo a\u00f1o previo a la disaster sanitaria, atrajo a la Regi\u00f3n a 5,3 millones de viajeros y gener\u00f3 un PIB tur\u00edstico que alcanz\u00f3 su m\u00e1ximo hist\u00f3rico, con 3.686 millones de euros,<\/strong> lo que supuso una participaci\u00f3n del turismo en el PIB regional del 11,3%, con un crecimiento continuado de casi un punto desde 2014.<\/p>\n<p>El consejero\u00a0precis\u00f3 que, una vez finalizada la temporada alta,<strong> \u201cel Gobierno regional continuar\u00e1 impulsando el turismo, poniendo el foco especialmente en modalidades como el turismo deportivo, el turismo gastron\u00f3mico y el turismo cultural como principales atractores de visitantes para lo que queda de a\u00f1o\u201d.<\/strong><\/p>\n<\/div>\n\n<p><em> &#8221; Fuentes www.murciadiario.com &#8221; <\/em><\/p>\n","protected":false},"excerpt":{"rendered":"<p>La Comunidad celebra el D\u00eda Mundial del Turismo tras finalizar un verano \u201cque ha batido cifras hist\u00f3ricas de visitantes y de empleo en el sector\u201d, inform\u00f3 el consejero de Turismo, Marcos Ortu\u00f1o. Han sido los meses con mejor registro mensual de viajeros en los hoteles de la Regi\u00f3n desde que se tienen datos, con m\u00e1s [&hellip;]<\/p>\n","protected":false},"author":4,"featured_media":394526,"comment_status":"open","ping_status":"closed","sticky":false,"template":"","format":"standard","meta":{"om_disable_all_campaigns":false,"jnews-multi-image_gallery":[],"jnews_single_post":[],"jnews_primary_category":[],"jnews_social_meta":[],"footnotes":""},"categories":[40],"tags":[715,54192,952,544],"class_list":["post-394525","post","type-post","status-publish","format-standard","has-post-thumbnail","hentry","category-industria","tag-economia","tag-marcos-ortuno","tag-murcia","tag-turismo"],"_links":{"self":[{"href":"https:\/\/dimensionturistica.com\/es\/wp-json\/wp\/v2\/posts\/394525","targetHints":{"allow":["GET"]}}],"collection":[{"href":"https:\/\/dimensionturistica.com\/es\/wp-json\/wp\/v2\/posts"}],"about":[{"href":"https:\/\/dimensionturistica.com\/es\/wp-json\/wp\/v2\/types\/post"}],"author":[{"embeddable":true,"href":"https:\/\/dimensionturistica.com\/es\/wp-json\/wp\/v2\/users\/4"}],"replies":[{"embeddable":true,"href":"https:\/\/dimensionturistica.com\/es\/wp-json\/wp\/v2\/comments?post=394525"}],"version-history":[{"count":0,"href":"https:\/\/dimensionturistica.com\/es\/wp-json\/wp\/v2\/posts\/394525\/revisions"}],"wp:featuredmedia":[{"embeddable":true,"href":"https:\/\/dimensionturistica.com\/es\/wp-json\/wp\/v2\/media\/394526"}],"wp:attachment":[{"href":"https:\/\/dimensionturistica.com\/es\/wp-json\/wp\/v2\/media?parent=394525"}],"wp:term":[{"taxonomy":"category","embeddable":true,"href":"https:\/\/dimensionturistica.com\/es\/wp-json\/wp\/v2\/categories?post=394525"},{"taxonomy":"post_tag","embeddable":true,"href":"https:\/\/dimensionturistica.com\/es\/wp-json\/wp\/v2\/tags?post=394525"}],"curies":[{"name":"wp","href":"https:\/\/api.w.org\/{rel}","templated":true}]}}