{"id":394463,"date":"2022-09-27T11:03:13","date_gmt":"2022-09-27T11:03:13","guid":{"rendered":"https:\/\/dimensionturistica.com\/es\/?p=394463"},"modified":"2022-09-27T11:03:13","modified_gmt":"2022-09-27T11:03:13","slug":"en-busca-del-delfin-rosa-del-amazonas","status":"publish","type":"post","link":"https:\/\/dimensionturistica.com\/es\/en-busca-del-delfin-rosa-del-amazonas\/","title":{"rendered":"En busca del delf\u00edn rosa del Amazonas"},"content":{"rendered":"<p> <br \/>\n<\/p>\n<div>\n<div id=\"involveds\" class=\"involveds wrap\">\n<div class=\"involved-authors only-author\">\n<div class=\"first-author\">\n<figure class=\"thumb col-xs-3\">&#13;<img loading=\"lazy\" decoding=\"async\" src=\"https:\/\/viajes.nationalgeographic.com.es\/medio\/2021\/12\/14\/lucia-newsletter_247c03b6_600x600.png\" alt=\"Luc\u00eda Newsletter\" class=\"lazyload\" width=\"600\" height=\"600\" data-aspectratio=\"600\/600\"\/><noscript><img decoding=\"async\" src=\"https:\/\/viajes.nationalgeographic.com.es\/medio\/2021\/12\/14\/lucia-newsletter_247c03b6_600x600.png\" alt=\"Luc\u00eda Newsletter\"\/><\/noscript>&#13;<\/figure>\n<\/div>\n<\/div>\n<\/div>\n<p class=\"date\"> <time itemprop=\"dateModified\" datetime=\"2022-09-27T11:11:00+02:00\" data-timestamp=\"1664277060\">&#13;27 de septiembre de 2022 \u00b7 11:11<\/time>&#13;<\/p>\n<\/div>\n<div id=\"article-sumary\">\n<div class=\"article-txt ad-mobile-top\">\n<p>Recorrer navegando las profundidades de la Reserva Nacional Pacaya Samiria, es el objetivo del que fuera el <strong>primer barco Relais &amp; Ch\u00e2teaux del mundo: <a rel=\"nofollow noopener\" target=\"_blank\" href=\"https:\/\/www.relaischateaux.com\/es\/peru\/delfin-amazon-cruises-iquitos\">Delf\u00edn Amazon Cruises<\/a><\/strong>, una embarcaci\u00f3n de lujo que permite adentrarse en el Amazonas peruano para <strong>ver de cerca una de sus especies m\u00e1s singulares, el delf\u00edn rosa, adem\u00e1s de conocer algunas de las comunidades ind\u00edgenas <\/strong>que pueblan la zona y adentrarse en lo m\u00e1s profundo de la selva.<\/p>\n<\/div>\n<\/div>\n\n<p><em> &#8221; Fuentes viajes.nationalgeographic.com.es &#8221; <\/em><\/p>\n","protected":false},"excerpt":{"rendered":"<p>&#13;&#13; &#13;27 de septiembre de 2022 \u00b7 11:11&#13; Recorrer navegando las profundidades de la Reserva Nacional Pacaya Samiria, es el objetivo del que fuera el primer barco Relais &amp; Ch\u00e2teaux del mundo: Delf\u00edn Amazon Cruises, una embarcaci\u00f3n de lujo que permite adentrarse en el Amazonas peruano para ver de cerca una de sus especies m\u00e1s [&hellip;]<\/p>\n","protected":false},"author":4,"featured_media":344479,"comment_status":"open","ping_status":"closed","sticky":false,"template":"","format":"standard","meta":{"om_disable_all_campaigns":false,"jnews-multi-image_gallery":[],"jnews_single_post":[],"jnews_primary_category":[],"jnews_social_meta":[],"footnotes":""},"categories":[39],"tags":[47258,47257],"class_list":["post-394463","post","type-post","status-publish","format-standard","has-post-thumbnail","hentry","category-viajes","tag-cargado-desde-el-fichero-de-recursos","tag-keywords-por-defecto"],"_links":{"self":[{"href":"https:\/\/dimensionturistica.com\/es\/wp-json\/wp\/v2\/posts\/394463","targetHints":{"allow":["GET"]}}],"collection":[{"href":"https:\/\/dimensionturistica.com\/es\/wp-json\/wp\/v2\/posts"}],"about":[{"href":"https:\/\/dimensionturistica.com\/es\/wp-json\/wp\/v2\/types\/post"}],"author":[{"embeddable":true,"href":"https:\/\/dimensionturistica.com\/es\/wp-json\/wp\/v2\/users\/4"}],"replies":[{"embeddable":true,"href":"https:\/\/dimensionturistica.com\/es\/wp-json\/wp\/v2\/comments?post=394463"}],"version-history":[{"count":0,"href":"https:\/\/dimensionturistica.com\/es\/wp-json\/wp\/v2\/posts\/394463\/revisions"}],"wp:featuredmedia":[{"embeddable":true,"href":"https:\/\/dimensionturistica.com\/es\/wp-json\/wp\/v2\/media\/344479"}],"wp:attachment":[{"href":"https:\/\/dimensionturistica.com\/es\/wp-json\/wp\/v2\/media?parent=394463"}],"wp:term":[{"taxonomy":"category","embeddable":true,"href":"https:\/\/dimensionturistica.com\/es\/wp-json\/wp\/v2\/categories?post=394463"},{"taxonomy":"post_tag","embeddable":true,"href":"https:\/\/dimensionturistica.com\/es\/wp-json\/wp\/v2\/tags?post=394463"}],"curies":[{"name":"wp","href":"https:\/\/api.w.org\/{rel}","templated":true}]}}