{"id":394037,"date":"2022-09-26T19:52:33","date_gmt":"2022-09-26T19:52:33","guid":{"rendered":"https:\/\/dimensionturistica.com\/es\/?p=394037"},"modified":"2022-09-26T19:52:33","modified_gmt":"2022-09-26T19:52:33","slug":"andrea-y-axel-los-mejores-alumnos-de-la-utu-que-ganaron-un-viaje-para-aprender-mas-de-campo","status":"publish","type":"post","link":"https:\/\/dimensionturistica.com\/es\/andrea-y-axel-los-mejores-alumnos-de-la-utu-que-ganaron-un-viaje-para-aprender-mas-de-campo\/","title":{"rendered":"Andrea y Axel, los mejores alumnos de la UTU que ganaron un viaje para aprender m\u00e1s de campo"},"content":{"rendered":"<p> <br \/>\n<\/p>\n<p><strong>Andrea Fabreu y Axel Gallo <\/strong>est\u00e1n en pleno vuelo hacia Nueva Zelanda. <strong>Ambos fueron elegidos como los mejores alumnos de la UTU y, por ese m\u00e9rito, se ganaron un viaje a Nueva Zelanda para perfeccionarse en sistemas de producci\u00f3n agropecuaria<\/strong>.<\/p>\n<div id=\"cuerpo_piano\">\n<p>Andrea fue alumna de la Escuela de Lecher\u00eda de Nueva Helvecia, en Colonia, y Axel estudi\u00f3 en la Escuela Agraria de Melo, en Cerro Largo.<\/p>\n<p>Ambos se mostraron muy felices este lunes en el Aeropuerto Internacional de Carrasco, desde donde partieron para disfrutar de una experiencia educativa innovadora, esta vez lejos de sus casas.<\/p>\n<div class=\"boxepigrafe\"><img decoding=\"async\" src=\"https:\/\/media.cdnp.elobservador.com.uy\/092022\/1664218313584.webp?&amp;extw=jpg&amp;cw=1024\"\/><\/p>\n<p class=\"copyright\">UTU<\/p>\n<\/div>\n<p class=\"epigrafe\">Andrea y Alex son de Colonia y Cerro Largo.<\/p>\n<p><strong>Para Andrea la emoci\u00f3n de viajar fue doble, porque el vuelo fue una especie de regalo, ya que este lunes 26 de setiembre est\u00e1 cumpliendo a\u00f1os. <\/strong>\u201cHoy es mi cumplea\u00f1os (&#8230;) desde que dieron la fecha yo no pod\u00eda creer que era justo el 26, terrible regalo. Mi familia y todos est\u00e1n hiper contentos\u201d, dijo al equipo de comunicaci\u00f3n de la UTU, y agreg\u00f3 que <strong>su objetivo es ir a \u201caprender todo lo que pueda aprender y de todo lo que pueda aprender\u201d<\/strong>.<\/p>\n<p><strong>Para Alex la alegr\u00eda tambi\u00e9n es muy grande, es la primera vez que viaja en avi\u00f3n, y eso lo llen\u00f3 de emoci\u00f3n<\/strong>, seg\u00fan dijo. \u201cLa idea es aprender sistemas nuevos. En cuanto a tambos, ver las grandes praderas de las que suelen hablar de Nueva Zelanda, observar todo, aprender todo, vivir la experiencia y sobre todo llenar los ojos del paisaje de all\u00e1\u201d, sostuvo.<\/p>\n<div class=\"boxepigrafe\"><img decoding=\"async\" src=\"https:\/\/media.cdnp.elobservador.com.uy\/092022\/1664218314384.webp?&amp;extw=jpg&amp;cw=1024\"\/><\/p>\n<p class=\"copyright\">UTU<\/p>\n<\/div>\n<p class=\"epigrafe\">Los j\u00f3venes fueron despedidos por sus familias.<\/p>\n<p><strong>Ambos estudiantes recorrer\u00e1n diferentes campos para ver la actividad productiva, visitar\u00e1n tambos, caba\u00f1as y bodegas, y tambi\u00e9n har\u00e1n un recorrido por diferentes ciudades.<\/strong><\/p>\n<h2>Donaci\u00f3n de Don Augusto Agro<\/h2>\n<p><strong>Los pasajes fueron donados por Don Augusto Agro<\/strong>, empresa agropecuaria a cargo del senador Sebasti\u00e1n Da Silva. En 2021 el legislador inform\u00f3 en su cuenta de Twitter que la empresa que dirige hab\u00eda ganado (en un sorteo del frigor\u00edfico San Jacinto) dos pasajes a Nueva Zelanda, en el marco de un programa de cordero pesado.<\/p>\n<p>En ese entonces, Da Silva anunci\u00f3 que el premio ser\u00eda donado al mejor alumno egresado de escuelas agrarias de UTU y al que hubiera demostrado el mayor esfuerzo a lo largo de sus estudios.<\/p>\n<blockquote class=\"twitter-tweet\">\n<p dir=\"ltr\" lang=\"es\">Nirea S.A realiza un sorteo anual de dos pasajes a Nueva Zelandia en el marco de su programa de Cordero Pesado. Hoy tuvimos la llamada de <a rel=\"nofollow noopener\" target=\"_blank\" href=\"https:\/\/twitter.com\/jasoyjaso?ref_src=twsrc%5Etfw\">@jasoyjaso<\/a>, nuestro consignatario, con la buena noticia, que la empresa que dirigimos fue la ganadora del sorteo. <a rel=\"nofollow noopener\" target=\"_blank\" href=\"https:\/\/t.co\/nhUXblJMjP\">pic.twitter.com\/nhUXblJMjP<\/a><\/p>\n<p>\u2014 Sebastian Da Silva (@camboue) <a rel=\"nofollow noopener\" target=\"_blank\" href=\"https:\/\/twitter.com\/camboue\/status\/1466842403948703752?ref_src=twsrc%5Etfw\">December 3, 2021<\/a><\/p><\/blockquote>\n<p>Este lunes, Da Silva fue al Aeropuerto de Carrasco a despedir a los estudiantes, junto al director del Programa de Educaci\u00f3n para el Agro de la UTU, Juan Jos\u00e9 Fitipaldo.<\/p>\n<div class=\"boxepigrafe\"><img decoding=\"async\" src=\"https:\/\/media.cdnp.elobservador.com.uy\/092022\/1664218308365.webp?&amp;extw=jpg&amp;cw=1024\"\/><\/p>\n<p class=\"copyright\">UTU<\/p>\n<\/div>\n<p class=\"epigrafe\">El senador Da Silva y el director del Programa de Educaci\u00f3n para el Agro, Fitipaldo, fueron a despedir a los j\u00f3venes.<\/p>\n<p>El legislador coment\u00f3 que el sue\u00f1o de Don Augusto Agro es fomentar la ruralidad, y en ese marco reconocer el esfuerzo que hacen las escuelas agrarias de la UTU. Los estudiantes<strong> \u201cvan a recorrer el coraz\u00f3n productivo de un pa\u00eds rural y agropecuario como es Nueva Zelanda, donde la cultura agropecuaria es muy diferente a la uruguaya\u201d<\/strong>, dijo, y agreg\u00f3 que en el caso de la producci\u00f3n lechera, los productores neozelandeses, junto con los uruguayos son \u201clos mejores tamberos pastoriles del mundo\u201d.<\/p>\n<p>Por su parte, Fitipaldo agreg\u00f3: <strong>\u201cEstamos muy contentos, vinimos a despedirlos y a \u00a0ayudarlos en su nuevo emprendimiento, y a la vuelta estaremos para que puedan transmitir toda su experiencia\u201d<\/strong>.<\/p>\n<\/div>\n<p><script async src=\"\/\/platform.twitter.com\/widgets.js\" charset=\"utf-8\"><\/script><script async defer=\"defer\" crossorigin=\"anonymous\" src=\"https:\/\/connect.facebook.net\/es_LA\/all.js#xfbml=1&#038;autoLogAppEvents=1&#038;version=v4.0&#038;appId=208735172470952\"><\/script><br \/>\n<br \/><\/p>\n<p><em> &#8221; Fuentes www.elobservador.com.uy &#8221; <\/em><\/p>\n","protected":false},"excerpt":{"rendered":"<p>Andrea Fabreu y Axel Gallo est\u00e1n en pleno vuelo hacia Nueva Zelanda. Ambos fueron elegidos como los mejores alumnos de la UTU y, por ese m\u00e9rito, se ganaron un viaje a Nueva Zelanda para perfeccionarse en sistemas de producci\u00f3n agropecuaria. Andrea fue alumna de la Escuela de Lecher\u00eda de Nueva Helvecia, en Colonia, y Axel [&hellip;]<\/p>\n","protected":false},"author":4,"featured_media":394038,"comment_status":"open","ping_status":"closed","sticky":false,"template":"","format":"standard","meta":{"om_disable_all_campaigns":false,"jnews-multi-image_gallery":[],"jnews_single_post":[],"jnews_primary_category":[],"jnews_social_meta":[],"footnotes":""},"categories":[39],"tags":[54120,54121,54119,54118,11565,54117],"class_list":["post-394037","post","type-post","status-publish","format-standard","has-post-thumbnail","hentry","category-viajes","tag-andrea-fabreu","tag-axel-gallo","tag-don-augusto-agro","tag-escuela-agraria","tag-nueva-zelanda","tag-utu"],"_links":{"self":[{"href":"https:\/\/dimensionturistica.com\/es\/wp-json\/wp\/v2\/posts\/394037","targetHints":{"allow":["GET"]}}],"collection":[{"href":"https:\/\/dimensionturistica.com\/es\/wp-json\/wp\/v2\/posts"}],"about":[{"href":"https:\/\/dimensionturistica.com\/es\/wp-json\/wp\/v2\/types\/post"}],"author":[{"embeddable":true,"href":"https:\/\/dimensionturistica.com\/es\/wp-json\/wp\/v2\/users\/4"}],"replies":[{"embeddable":true,"href":"https:\/\/dimensionturistica.com\/es\/wp-json\/wp\/v2\/comments?post=394037"}],"version-history":[{"count":0,"href":"https:\/\/dimensionturistica.com\/es\/wp-json\/wp\/v2\/posts\/394037\/revisions"}],"wp:featuredmedia":[{"embeddable":true,"href":"https:\/\/dimensionturistica.com\/es\/wp-json\/wp\/v2\/media\/394038"}],"wp:attachment":[{"href":"https:\/\/dimensionturistica.com\/es\/wp-json\/wp\/v2\/media?parent=394037"}],"wp:term":[{"taxonomy":"category","embeddable":true,"href":"https:\/\/dimensionturistica.com\/es\/wp-json\/wp\/v2\/categories?post=394037"},{"taxonomy":"post_tag","embeddable":true,"href":"https:\/\/dimensionturistica.com\/es\/wp-json\/wp\/v2\/tags?post=394037"}],"curies":[{"name":"wp","href":"https:\/\/api.w.org\/{rel}","templated":true}]}}