{"id":393929,"date":"2022-09-26T16:55:59","date_gmt":"2022-09-26T16:55:59","guid":{"rendered":"https:\/\/dimensionturistica.com\/es\/?p=393929"},"modified":"2022-09-26T16:55:59","modified_gmt":"2022-09-26T16:55:59","slug":"la-embajada-de-italia-en-mexico-y-el-instituto-italiano-de-cultura-proyectaran-sobre-la-fachada-neoclasica-del-munal-2","status":"publish","type":"post","link":"https:\/\/dimensionturistica.com\/es\/la-embajada-de-italia-en-mexico-y-el-instituto-italiano-de-cultura-proyectaran-sobre-la-fachada-neoclasica-del-munal-2\/","title":{"rendered":"La Embajada de Italia en M\u00e9xico y el Instituto Italiano de Cultura proyectaran sobre la fachada neocl\u00e1sica del MUNAL"},"content":{"rendered":"<p>El Excelent\u00edsimo Embajador de Italia en M\u00e9xico, Luigi de Chiara, en colaboraci\u00f3n con el Instituto Italiano de Cultura y el apoyo de la Secretar\u00eda de Cultura del Gobierno de M\u00e9xico y el Instituto<img decoding=\"async\" class=\"size-medium wp-image-393729 alignright\" src=\"https:\/\/dimensionturistica.com\/es\/wp-content\/uploads\/2022\/09\/Embajador-de-Italia-en-Mexico-Luiggi-de-Chiara-300x225.jpg\" alt=\"\" width=\"300\" height=\"225\" srcset=\"https:\/\/dimensionturistica.com\/es\/wp-content\/uploads\/2022\/09\/Embajador-de-Italia-en-Mexico-Luiggi-de-Chiara-300x225.jpg 300w, https:\/\/dimensionturistica.com\/es\/wp-content\/uploads\/2022\/09\/Embajador-de-Italia-en-Mexico-Luiggi-de-Chiara.jpg 474w\" sizes=\"(max-width: 300px) 100vw, 300px\" \/> Nacional de Bellas Artes y Literatura se complacen en invitar al espect\u00e1culo de video mapping: MAPPA MUNDI, Ciudades y patrimonio cultural hacia el futuro. Esta gran experiencia visual se presentar\u00e1 en la Fachada del Museo Nacional de Arte.<br \/>\nHistoria y la arquitectura se mezclan con el arte digital y visual. Y la imponente fachada del Museo Nacional de Arte ser\u00e1 el prestigioso escenario de un impactante espect\u00e1culo de videomapping que organizan la Embajada de Italia y el Instituto Italiano de Cultura en colaboraci\u00f3n con el INBAL y la Secretar\u00eda de Cultura en ocasi\u00f3n de MUNDIACULT, en conferencia mundial de la Unesco sobre pol\u00edticas culturales que del 28 al 30 de septiembre reunir\u00e1 a miles de profesionales del sector en M\u00e9xico.<br \/>\nTrece de los estudios italianos m\u00e1s importantes de arte digital se juntaron bajo la curadur\u00eda de Stefano Fake para realizar este emocionante espect\u00e1culo que dar\u00e1 vida por una noche a la imponente fachada neocl\u00e1sica del MUNAL, con im\u00e1genes on\u00edricas y emocionantes. A trav\u00e9s de un lenguaje visual nuevo y atractivo, la proyecci\u00f3n abordar\u00e1 temas centrales en el debate contempor\u00e1neo, como las ciudades del futuro, la sustentabilidad ambiental, el patrimonio cultural y el muralismo mexicano al cual se reservar\u00e1 un homenaje especial, siendo M\u00e9xico uno de los pa\u00edses que con su riqueza y diversidad cultural m\u00e1s presencia tiene en el panorama art\u00edstico<img decoding=\"async\" class=\"size-medium wp-image-393731 alignright\" src=\"https:\/\/dimensionturistica.com\/es\/wp-content\/uploads\/2022\/09\/MUNAL-300x189.jpg\" alt=\"\" width=\"300\" height=\"189\" srcset=\"https:\/\/dimensionturistica.com\/es\/wp-content\/uploads\/2022\/09\/MUNAL-300x189.jpg 300w, https:\/\/dimensionturistica.com\/es\/wp-content\/uploads\/2022\/09\/MUNAL.jpg 474w\" sizes=\"(max-width: 300px) 100vw, 300px\" \/> contempor\u00e1neo.<br \/>\nAl mismo tiempo, el evento nos ofrecer\u00e1 un escaparate extraordinario sobre Italia, presentando al p\u00fablico la imagen de un pa\u00eds que innova en el arte y en la cultura, atento a los desaf\u00edos de la modernidad y capaz de combinar la prestigiosa herencia del pasado con las formas m\u00e1s innovadoras de expresi\u00f3n art\u00edstica contempor\u00e1nea.<br \/>\nEl proyecto de videomapping forma parte de Be IT. Be IT es una campa\u00f1a de nation branding promocionada por El Ministerio de Asuntos Exteriores y de Cooperaci\u00f3n Internacional (MAECI) y por la Agencia ITA (Italian Trade Agency) la cual lleva exactamente un a\u00f1o promocionando la excelencia italiana en los sectores m\u00e1s importantes del Made in Italy en todo el mundo a trav\u00e9s de la televisi\u00f3n, las redes sociales, los influencers, la p\u00e1gina web oficial y destacados medios de prensa de los pa\u00edses elegidos (25, incluido M\u00e9xico).<br \/>\nEl objetivo de la campa\u00f1a es impulsar la promoci\u00f3n del Made in Italy y de Italia en el mundo y, a trav\u00e9s de seis pilares \u2013 pasi\u00f3n, creatividad, diversidad, innovaci\u00f3n, estilo, patrimonio-, pretende mostrar el dinamismo de Italia en todos los sectores, desde la cultura al dise\u00f1o, desde la medicina a la alta tecnolog\u00eda.<\/p>\n","protected":false},"excerpt":{"rendered":"<p>El Excelent\u00edsimo Embajador de Italia en M\u00e9xico, Luigi de Chiara, en colaboraci\u00f3n con el Instituto Italiano de Cultura y el apoyo de la Secretar\u00eda de Cultura del Gobierno de M\u00e9xico y el Instituto Nacional de Bellas Artes y Literatura se complacen en invitar al espect\u00e1culo de video mapping: MAPPA MUNDI, Ciudades y patrimonio cultural hacia [&hellip;]<\/p>\n","protected":false},"author":1,"featured_media":393730,"comment_status":"open","ping_status":"closed","sticky":false,"template":"","format":"standard","meta":{"om_disable_all_campaigns":false,"jnews-multi-image_gallery":[],"jnews_single_post":{"source_name":"","source_url":"","via_name":"","via_url":"","override_template":"0","override":[{"template":"1","single_blog_custom":"","parallax":"1","fullscreen":"1","layout":"right-sidebar","sidebar":"default-sidebar","second_sidebar":"default-sidebar","sticky_sidebar":"1","share_position":"top","share_float_style":"share-monocrhome","show_share_counter":"1","show_view_counter":"1","show_featured":"1","show_post_meta":"1","show_post_author":"1","show_post_author_image":"1","show_post_date":"1","post_date_format":"default","post_date_format_custom":"Y\/m\/d","show_post_category":"1","show_post_reading_time":"0","post_reading_time_wpm":"300","show_zoom_button":"0","zoom_button_out_step":"2","zoom_button_in_step":"3","show_post_tag":"1","show_prev_next_post":"1","show_popup_post":"1","number_popup_post":"1","show_author_box":"0","show_post_related":"0","show_inline_post_related":"0"}],"override_image_size":"0","image_override":[{"single_post_thumbnail_size":"crop-500","single_post_gallery_size":"crop-500"}],"trending_post":"0","trending_post_position":"meta","trending_post_label":"Trending","sponsored_post":"0","sponsored_post_label":"Sponsored by","sponsored_post_name":"","sponsored_post_url":"","sponsored_post_logo_enable":"0","sponsored_post_logo":"","sponsored_post_desc":"","disable_ad":"0"},"jnews_primary_category":{"id":""},"jnews_social_meta":{"fb_title":"","fb_description":"","fb_image":"","twitter_title":"","twitter_description":"","twitter_image":""},"footnotes":""},"categories":[39],"tags":[],"class_list":["post-393929","post","type-post","status-publish","format-standard","has-post-thumbnail","hentry","category-viajes"],"_links":{"self":[{"href":"https:\/\/dimensionturistica.com\/es\/wp-json\/wp\/v2\/posts\/393929","targetHints":{"allow":["GET"]}}],"collection":[{"href":"https:\/\/dimensionturistica.com\/es\/wp-json\/wp\/v2\/posts"}],"about":[{"href":"https:\/\/dimensionturistica.com\/es\/wp-json\/wp\/v2\/types\/post"}],"author":[{"embeddable":true,"href":"https:\/\/dimensionturistica.com\/es\/wp-json\/wp\/v2\/users\/1"}],"replies":[{"embeddable":true,"href":"https:\/\/dimensionturistica.com\/es\/wp-json\/wp\/v2\/comments?post=393929"}],"version-history":[{"count":0,"href":"https:\/\/dimensionturistica.com\/es\/wp-json\/wp\/v2\/posts\/393929\/revisions"}],"wp:featuredmedia":[{"embeddable":true,"href":"https:\/\/dimensionturistica.com\/es\/wp-json\/wp\/v2\/media\/393730"}],"wp:attachment":[{"href":"https:\/\/dimensionturistica.com\/es\/wp-json\/wp\/v2\/media?parent=393929"}],"wp:term":[{"taxonomy":"category","embeddable":true,"href":"https:\/\/dimensionturistica.com\/es\/wp-json\/wp\/v2\/categories?post=393929"},{"taxonomy":"post_tag","embeddable":true,"href":"https:\/\/dimensionturistica.com\/es\/wp-json\/wp\/v2\/tags?post=393929"}],"curies":[{"name":"wp","href":"https:\/\/api.w.org\/{rel}","templated":true}]}}