{"id":393887,"date":"2022-09-26T16:21:48","date_gmt":"2022-09-26T16:21:48","guid":{"rendered":"https:\/\/dimensionturistica.com\/es\/?p=393887"},"modified":"2022-09-26T16:21:48","modified_gmt":"2022-09-26T16:21:48","slug":"despues-del-diagnostico-de-alzheimer-cuanto-apoyo-reciben-pacientes-y-cuidadores","status":"publish","type":"post","link":"https:\/\/dimensionturistica.com\/es\/despues-del-diagnostico-de-alzheimer-cuanto-apoyo-reciben-pacientes-y-cuidadores\/","title":{"rendered":"Despu\u00e9s del diagn\u00f3stico de Alzheimer, \u00bfCu\u00e1nto apoyo reciben pacientes y cuidadores?"},"content":{"rendered":"<p><img decoding=\"async\" class=\"size-medium wp-image-393894 alignright\" src=\"https:\/\/dimensionturistica.com\/es\/wp-content\/uploads\/2022\/09\/ANZM3-300x201.jpg\" alt=\"\" width=\"300\" height=\"201\" srcset=\"https:\/\/dimensionturistica.com\/es\/wp-content\/uploads\/2022\/09\/ANZM3-300x201.jpg 300w, https:\/\/dimensionturistica.com\/es\/wp-content\/uploads\/2022\/09\/ANZM3.jpg 474w\" sizes=\"(max-width: 300px) 100vw, 300px\" \/>La Alzheimer &#8216;s Disease International (ADI), estima que hasta el 75% de las personas con demencia a nivel mundial no son diagnosticadas y que el n\u00famero se elevar\u00e1 hasta 90%, sobre todo en pa\u00edses de ingresos medianos y bajos. Y aunque el diagn\u00f3stico es el primer paso para hacerle frente a la enfermedad, no es el \u00fanico y, tristemente, es la excepci\u00f3n y no la norma para la mayor\u00eda de las personas con demencia.<br \/>\nEn su Informe Mundial sobre el Alzheimer 2022, la ADI pone bajo el reflector c\u00f3mo es la vida de pacientes, familiares y personas cuidadoras tras el diagn\u00f3stico, y qu\u00e9 tanto apoyo obtienen m\u00e1s<img decoding=\"async\" class=\"size-medium wp-image-393892 alignright\" src=\"https:\/\/dimensionturistica.com\/es\/wp-content\/uploads\/2022\/09\/ANZM1-300x166.jpg\" alt=\"\" width=\"300\" height=\"166\" srcset=\"https:\/\/dimensionturistica.com\/es\/wp-content\/uploads\/2022\/09\/ANZM1-300x166.jpg 300w, https:\/\/dimensionturistica.com\/es\/wp-content\/uploads\/2022\/09\/ANZM1.jpg 474w\" sizes=\"(max-width: 300px) 100vw, 300px\" \/> all\u00e1 de la informaci\u00f3n que se les proporciona luego de su diagn\u00f3stico.<br \/>\nAsimismo, destaca que el apoyo posterior al diagn\u00f3stico se entiende como un t\u00e9rmino general que abarca la variedad de servicios e informaci\u00f3n formal e informal, destinados a promover la salud, el bienestar social y psicol\u00f3gico de personas con demencia y de sus cuidadores.<br \/>\nLos hallazgos del informe que comprende 24 cap\u00edtulos divididos en ocho grandes tem\u00e1ticas, se derivan de encuestas cuantitativas y cualitativas realizadas a 1669 cuidadores informales en 68 pa\u00edses, 893 cuidadores profesionales en 69 pa\u00edses y 365 personas con demencia de 41 pa\u00edses:<img decoding=\"async\" class=\"size-medium wp-image-393900 alignright\" src=\"https:\/\/dimensionturistica.com\/es\/wp-content\/uploads\/2022\/09\/ANZM5-300x187.jpg\" alt=\"\" width=\"300\" height=\"187\" srcset=\"https:\/\/dimensionturistica.com\/es\/wp-content\/uploads\/2022\/09\/ANZM5-300x187.jpg 300w, https:\/\/dimensionturistica.com\/es\/wp-content\/uploads\/2022\/09\/ANZM5.jpg 474w\" sizes=\"(max-width: 300px) 100vw, 300px\" \/><br \/>\nEn 2019 hab\u00eda un estimado de 55 millones de personas viviendo con demencia. Se estima que la cifra aumentar\u00e1 a 139 millones para 2050.<br \/>\nEn los pa\u00edses de ingresos bajos, el 45% de los encuestados indic\u00f3 que no se les hab\u00eda ofrecido apoyo. En los pa\u00edses de ingresos altos, la cifra fue de 37%.<br \/>\nEl 64% de las personas que viven con demencia indicaron que no contaban con un plan de atenci\u00f3n personalizado, es decir, una hoja de ruta que indique c\u00f3mo querr\u00edan recibir atenci\u00f3n a lo largo de la progresi\u00f3n de la enfermedad.<br \/>\nEl 52% de los pacientes (de pa\u00edses de ingresos altos y bajos) indic\u00f3 que se les prescribi\u00f3 un medicamento espec\u00edfico para la demencia. Al 34% se le aconsej\u00f3 ponerse en contacto con una<img decoding=\"async\" class=\"size-medium wp-image-393893 alignright\" src=\"https:\/\/dimensionturistica.com\/es\/wp-content\/uploads\/2022\/09\/ANZM2-300x137.jpg\" alt=\"\" width=\"300\" height=\"137\" srcset=\"https:\/\/dimensionturistica.com\/es\/wp-content\/uploads\/2022\/09\/ANZM2-300x137.jpg 300w, https:\/\/dimensionturistica.com\/es\/wp-content\/uploads\/2022\/09\/ANZM2.jpg 474w\" sizes=\"(max-width: 300px) 100vw, 300px\" \/> asociaci\u00f3n de demencia o Alzheimer, y al 28% se le brind\u00f3 orientaci\u00f3n sobre nutrici\u00f3n y ejercicio.<br \/>\nLas personas cuidadoras indicaron que el estr\u00e9s era uno de los factores m\u00e1s comunes al hacerle frente a sus responsabilidades de cuidado. Hasta un 54% report\u00f3 sentir estr\u00e9s con frecuencia o todo el tiempo.<br \/>\nEl 59% de los profesionales de la salud mencion\u00f3 no tener suficiente tiempo en la consulta con sus<img decoding=\"async\" class=\"size-medium wp-image-393895 alignright\" src=\"https:\/\/dimensionturistica.com\/es\/wp-content\/uploads\/2022\/09\/ANZM6-300x250.jpg\" alt=\"\" width=\"300\" height=\"250\" srcset=\"https:\/\/dimensionturistica.com\/es\/wp-content\/uploads\/2022\/09\/ANZM6-300x250.jpg 300w, https:\/\/dimensionturistica.com\/es\/wp-content\/uploads\/2022\/09\/ANZM6.jpg 520w\" sizes=\"(max-width: 300px) 100vw, 300px\" \/> pacientes.<br \/>\nEstos y otros resultados son una muestra clara de que debemos hacer m\u00e1s para apoyar a las personas que viven con demencia, as\u00ed como a sus familiares y cuidadores.<br \/>\nPor ello, la ADI comparte una serie de recomendaciones que van desde: priorizar la demencia; brindar atenci\u00f3n centrada en la persona, culturalmente apropiada e inclusiva; mejorar y ampliar la educaci\u00f3n sobre la demencia, hasta reafirmar la lucha contra el estigma.<\/p>\n","protected":false},"excerpt":{"rendered":"<p>La Alzheimer &#8216;s Disease International (ADI), estima que hasta el 75% de las personas con demencia a nivel mundial no son diagnosticadas y que el n\u00famero se elevar\u00e1 hasta 90%, sobre todo en pa\u00edses de ingresos medianos y bajos. Y aunque el diagn\u00f3stico es el primer paso para hacerle frente a la enfermedad, no es [&hellip;]<\/p>\n","protected":false},"author":1,"featured_media":393896,"comment_status":"open","ping_status":"closed","sticky":false,"template":"","format":"standard","meta":{"om_disable_all_campaigns":false,"jnews-multi-image_gallery":[],"jnews_single_post":{"source_name":"","source_url":"","via_name":"","via_url":"","override_template":"0","override":[{"template":"1","single_blog_custom":"","parallax":"1","fullscreen":"1","layout":"right-sidebar","sidebar":"default-sidebar","second_sidebar":"default-sidebar","sticky_sidebar":"1","share_position":"top","share_float_style":"share-monocrhome","show_share_counter":"1","show_view_counter":"1","show_featured":"1","show_post_meta":"1","show_post_author":"1","show_post_author_image":"1","show_post_date":"1","post_date_format":"default","post_date_format_custom":"Y\/m\/d","show_post_category":"1","show_post_reading_time":"0","post_reading_time_wpm":"300","show_zoom_button":"0","zoom_button_out_step":"2","zoom_button_in_step":"3","show_post_tag":"1","show_prev_next_post":"1","show_popup_post":"1","number_popup_post":"1","show_author_box":"0","show_post_related":"0","show_inline_post_related":"0"}],"override_image_size":"0","image_override":[{"single_post_thumbnail_size":"crop-500","single_post_gallery_size":"crop-500"}],"trending_post":"0","trending_post_position":"meta","trending_post_label":"Trending","sponsored_post":"0","sponsored_post_label":"Sponsored by","sponsored_post_name":"","sponsored_post_url":"","sponsored_post_logo_enable":"0","sponsored_post_logo":"","sponsored_post_desc":"","disable_ad":"0"},"jnews_primary_category":{"id":""},"jnews_social_meta":{"fb_title":"","fb_description":"","fb_image":"","twitter_title":"","twitter_description":"","twitter_image":""},"footnotes":""},"categories":[40],"tags":[],"class_list":["post-393887","post","type-post","status-publish","format-standard","has-post-thumbnail","hentry","category-industria"],"_links":{"self":[{"href":"https:\/\/dimensionturistica.com\/es\/wp-json\/wp\/v2\/posts\/393887","targetHints":{"allow":["GET"]}}],"collection":[{"href":"https:\/\/dimensionturistica.com\/es\/wp-json\/wp\/v2\/posts"}],"about":[{"href":"https:\/\/dimensionturistica.com\/es\/wp-json\/wp\/v2\/types\/post"}],"author":[{"embeddable":true,"href":"https:\/\/dimensionturistica.com\/es\/wp-json\/wp\/v2\/users\/1"}],"replies":[{"embeddable":true,"href":"https:\/\/dimensionturistica.com\/es\/wp-json\/wp\/v2\/comments?post=393887"}],"version-history":[{"count":0,"href":"https:\/\/dimensionturistica.com\/es\/wp-json\/wp\/v2\/posts\/393887\/revisions"}],"wp:featuredmedia":[{"embeddable":true,"href":"https:\/\/dimensionturistica.com\/es\/wp-json\/wp\/v2\/media\/393896"}],"wp:attachment":[{"href":"https:\/\/dimensionturistica.com\/es\/wp-json\/wp\/v2\/media?parent=393887"}],"wp:term":[{"taxonomy":"category","embeddable":true,"href":"https:\/\/dimensionturistica.com\/es\/wp-json\/wp\/v2\/categories?post=393887"},{"taxonomy":"post_tag","embeddable":true,"href":"https:\/\/dimensionturistica.com\/es\/wp-json\/wp\/v2\/tags?post=393887"}],"curies":[{"name":"wp","href":"https:\/\/api.w.org\/{rel}","templated":true}]}}