{"id":393786,"date":"2022-09-26T15:04:21","date_gmt":"2022-09-26T15:04:21","guid":{"rendered":"https:\/\/dimensionturistica.com\/es\/?p=393786"},"modified":"2022-09-26T15:04:21","modified_gmt":"2022-09-26T15:04:21","slug":"ait-y-viva-aerobus-festejan-el-regreso-de-la-aerolinea-a-toluca-con-la-inauguracion-de-su-nueva-ruta-asi-como-la-reactivacion-de-dos-mas","status":"publish","type":"post","link":"https:\/\/dimensionturistica.com\/es\/ait-y-viva-aerobus-festejan-el-regreso-de-la-aerolinea-a-toluca-con-la-inauguracion-de-su-nueva-ruta-asi-como-la-reactivacion-de-dos-mas\/","title":{"rendered":"AIT y Viva Aerobus festejan el regreso de la aerol\u00ednea a Toluca, con la inauguraci\u00f3n de su nueva ruta asi como la reactivaci\u00f3n de dos mas"},"content":{"rendered":"<p><img decoding=\"async\" class=\" wp-image-393803 alignright\" src=\"https:\/\/dimensionturistica.com\/es\/wp-content\/uploads\/2022\/09\/TOLUCA-300x137.jpg\" alt=\"\" width=\"423\" height=\"193\" srcset=\"https:\/\/dimensionturistica.com\/es\/wp-content\/uploads\/2022\/09\/TOLUCA-300x137.jpg 300w, https:\/\/dimensionturistica.com\/es\/wp-content\/uploads\/2022\/09\/TOLUCA.jpg 474w\" sizes=\"(max-width: 423px) 100vw, 423px\" \/>Hoy, Hugo Alberto Delgado Ortega, Director General del Aeropuerto Internacional de Toluca (AIT), y directivos de Viva Aerobus celebraron el regreso de la aerol\u00ednea a la capital mexiquense con la inauguraci\u00f3n de la ruta a M\u00e9rida y la reactivaci\u00f3n de los servicios a Canc\u00fan y Monterrey.<br \/>\nEl primer vuelo que marc\u00f3 el reinicio del servicio de Viva en la capital del Estado de M\u00e9xico aterriz\u00f3 a las 07:20hrs, con m\u00e1s de 100 pasajeros a bordo desde Monterrey.<br \/>\nM\u00e1s tarde, y recibi\u00e9ndolo con el tradicional arco de agua, el vuelo VB9246 lleg\u00f3 a las 12:50 a Toluca desde M\u00e9rida. Poco despu\u00e9s, se despidi\u00f3 esta aeronave, trat\u00e1ndose pr\u00e1cticamente de un vuelo lleno, para dirigirse a las playas de Canc\u00fan.<br \/>\nCon el inicio de estas tres rutas, Viva estar\u00e1 operando 180 vuelos al mes desde Toluca, poniendo as\u00ed a disposici\u00f3n de los pasajeros m\u00e1s de 400 mil asientos al a\u00f1o.<br \/>\nAl respecto, Hugo Alberto Delgado Ortega, Director General del AIT, mencion\u00f3: \u201cel reinicio de operaciones de Viva Aerobus con los destinos Monterrey y Canc\u00fan, as\u00ed como el lanzamiento de M\u00e9rida en esta terminal a\u00e9rea, ser\u00e1 para todos una puerta de oportunidades de crecimiento y desarrollo para el Estado de M\u00e9xico y la zona metropolitana del Valle de M\u00e9xico, fungiendo como<img decoding=\"async\" class=\" wp-image-393799 alignright\" src=\"https:\/\/dimensionturistica.com\/es\/wp-content\/uploads\/2022\/09\/Viva-Aerobus_Toluca-1-185x300.jpeg\" alt=\"\" width=\"285\" height=\"462\" srcset=\"https:\/\/dimensionturistica.com\/es\/wp-content\/uploads\/2022\/09\/Viva-Aerobus_Toluca-1-185x300.jpeg 185w, https:\/\/dimensionturistica.com\/es\/wp-content\/uploads\/2022\/09\/Viva-Aerobus_Toluca-1.jpeg 630w\" sizes=\"(max-width: 285px) 100vw, 285px\" \/> un \u00e1rea de conexi\u00f3n entre la capital del Estado y el mundo\u201d.<br \/>\nAdicionalmente, la aerol\u00ednea record\u00f3 que pr\u00f3ximamente, en noviembre, tambi\u00e9n comenzar\u00e1 a operar los vuelos de la ciudad mexiquense a Puerto Vallarta.<br \/>\n\u201cCon el reinicio de nuestras operaciones en Toluca, se marca una nueva etapa de conectividad a\u00e9rea para la Zona Metropolitana del Valle de M\u00e9xico. Con nuestra operaci\u00f3n en el AICM, el AIFA y AIT fortalecemos el Sistema Aeroportuario Metropolitano ante la creciente demanda en la regi\u00f3n para beneficio de los pasajeros. Ahora, los viajeros tienen la oportunidad de elegir desde donde volar para su mayor comodidad con una oferta distinguida por vuelos punto a punto, aviones nuevos y precios realmente bajos\u201d, manifest\u00f3 Juan Carlos Zuazua, Director General de Viva Aerobus.<br \/>\nTodas estas rutas dan a los pasajeros la oportunidad de volar con las tarifas m\u00e1s bajas del mercado, en vuelos directos y en la flota m\u00e1s nueva de M\u00e9xico y la tercera de Norteam\u00e9rica, conformados por aeronaves Airbus de la familia A320 con una edad promedio de tan s\u00f3lo cinco a\u00f1os.<br \/>\nLos pasajeros pueden adquirir sus boletos en el sitio oficial de la aerol\u00ednea Viva: https: \/\/www.vivaaerobus.com\/mx, en las Viva Tiendas, en la Viva App o llamando al Call Center (LADA sin costo) 0181 82 150 150<\/p>\n<p>&nbsp;<\/p>\n","protected":false},"excerpt":{"rendered":"<p>Hoy, Hugo Alberto Delgado Ortega, Director General del Aeropuerto Internacional de Toluca (AIT), y directivos de Viva Aerobus celebraron el regreso de la aerol\u00ednea a la capital mexiquense con la inauguraci\u00f3n de la ruta a M\u00e9rida y la reactivaci\u00f3n de los servicios a Canc\u00fan y Monterrey. El primer vuelo que marc\u00f3 el reinicio del servicio [&hellip;]<\/p>\n","protected":false},"author":1,"featured_media":393798,"comment_status":"open","ping_status":"closed","sticky":false,"template":"","format":"standard","meta":{"om_disable_all_campaigns":false,"jnews-multi-image_gallery":[],"jnews_single_post":{"source_name":"","source_url":"","via_name":"","via_url":"","override_template":"0","override":[{"template":"1","single_blog_custom":"","parallax":"1","fullscreen":"1","layout":"right-sidebar","sidebar":"default-sidebar","second_sidebar":"default-sidebar","sticky_sidebar":"1","share_position":"top","share_float_style":"share-monocrhome","show_share_counter":"1","show_view_counter":"1","show_featured":"1","show_post_meta":"1","show_post_author":"1","show_post_author_image":"1","show_post_date":"1","post_date_format":"default","post_date_format_custom":"Y\/m\/d","show_post_category":"1","show_post_reading_time":"0","post_reading_time_wpm":"300","show_zoom_button":"0","zoom_button_out_step":"2","zoom_button_in_step":"3","show_post_tag":"1","show_prev_next_post":"1","show_popup_post":"1","number_popup_post":"1","show_author_box":"0","show_post_related":"0","show_inline_post_related":"0"}],"override_image_size":"0","image_override":[{"single_post_thumbnail_size":"crop-500","single_post_gallery_size":"crop-500"}],"trending_post":"0","trending_post_position":"meta","trending_post_label":"Trending","sponsored_post":"0","sponsored_post_label":"Sponsored by","sponsored_post_name":"","sponsored_post_url":"","sponsored_post_logo_enable":"0","sponsored_post_logo":"","sponsored_post_desc":"","disable_ad":"0"},"jnews_primary_category":{"id":""},"jnews_social_meta":{"fb_title":"","fb_description":"","fb_image":"","twitter_title":"","twitter_description":"","twitter_image":""},"footnotes":""},"categories":[39],"tags":[],"class_list":["post-393786","post","type-post","status-publish","format-standard","has-post-thumbnail","hentry","category-viajes"],"_links":{"self":[{"href":"https:\/\/dimensionturistica.com\/es\/wp-json\/wp\/v2\/posts\/393786","targetHints":{"allow":["GET"]}}],"collection":[{"href":"https:\/\/dimensionturistica.com\/es\/wp-json\/wp\/v2\/posts"}],"about":[{"href":"https:\/\/dimensionturistica.com\/es\/wp-json\/wp\/v2\/types\/post"}],"author":[{"embeddable":true,"href":"https:\/\/dimensionturistica.com\/es\/wp-json\/wp\/v2\/users\/1"}],"replies":[{"embeddable":true,"href":"https:\/\/dimensionturistica.com\/es\/wp-json\/wp\/v2\/comments?post=393786"}],"version-history":[{"count":0,"href":"https:\/\/dimensionturistica.com\/es\/wp-json\/wp\/v2\/posts\/393786\/revisions"}],"wp:featuredmedia":[{"embeddable":true,"href":"https:\/\/dimensionturistica.com\/es\/wp-json\/wp\/v2\/media\/393798"}],"wp:attachment":[{"href":"https:\/\/dimensionturistica.com\/es\/wp-json\/wp\/v2\/media?parent=393786"}],"wp:term":[{"taxonomy":"category","embeddable":true,"href":"https:\/\/dimensionturistica.com\/es\/wp-json\/wp\/v2\/categories?post=393786"},{"taxonomy":"post_tag","embeddable":true,"href":"https:\/\/dimensionturistica.com\/es\/wp-json\/wp\/v2\/tags?post=393786"}],"curies":[{"name":"wp","href":"https:\/\/api.w.org\/{rel}","templated":true}]}}