{"id":393575,"date":"2022-09-26T08:43:46","date_gmt":"2022-09-26T08:43:46","guid":{"rendered":"https:\/\/dimensionturistica.com\/es\/?p=393575"},"modified":"2022-09-26T08:43:46","modified_gmt":"2022-09-26T08:43:46","slug":"air-malta-amplia-la-conexion-directa-entre-madrid-y-malta","status":"publish","type":"post","link":"https:\/\/dimensionturistica.com\/es\/air-malta-amplia-la-conexion-directa-entre-madrid-y-malta\/","title":{"rendered":"Air Malta amplia la conexi\u00f3n directa entre Madrid y Malta"},"content":{"rendered":"<p> <br \/>\n<\/p>\n<div id=\"textoNoticia\">\n<p><a rel=\"nofollow noopener\" target=\"_blank\" href=\"https:\/\/airmalta.com\/en\">Air Malta<\/a>, la compa\u00f1\u00eda de bandera de las islas maltesas, acaba de anunciar la extensi\u00f3n de su ruta entre Madrid y Malta a lo largo de la pr\u00f3xima temporada de oto\u00f1o e invierno 2022\/2023.<\/p>\n<p>La aerol\u00ednea maltesa sigue reforzando su apuesta por el mercado espa\u00f1ol tras la acogida sumamente positiva del enlace directo entre ambas capitales que inaugur\u00f3 el pasado mes de abril.<\/p>\n<p>Air Malta enlazar\u00e1 Madrid con Malta dos veces por semana, todos los lunes y viernes, entre los pr\u00f3ximos 31 de octubre de 2022 y 24 de marzo de 2023. La compa\u00f1\u00eda emplear\u00e1 sus nuevos aparatos A320neo para servir esta ruta.<\/p>\n<p>\u201cEstamos encantados de anunciar la ampliaci\u00f3n de nuestra conexi\u00f3n directa entre Madrid y Malta. Esta decisi\u00f3n obedece a una excelente respuesta ante esta nueva ruta por parte de nuestros principales socios comerciales de la industria (turoperadores, agencias de viajes\u2026), clientes, as\u00ed como de las principales instituciones hispano-maltesas. Con esta expansi\u00f3n de nuestra operativa directa Air Malta a\u00f1adir\u00e1 hasta 15.000 asientos entre Espa\u00f1a y Malta\u201d, ha comentado Jose Espartero, Regional Gross sales &amp; Advertising Supervisor de Air Malta.<\/p>\n<p>\u201cEsta ampliaci\u00f3n en la conexi\u00f3n directa entre Madrid y Malta es el resultado del compromiso de Malta con el mercado espa\u00f1ol y del inter\u00e9s que han mostrado los viajeros espa\u00f1oles por descubrir las islas maltesas a lo largo del a\u00f1o. El invierno es, adem\u00e1s, un gran momento para realizar una escapada a Malta; a menos de tres horas de viaje, los visitantes podr\u00e1n disfrutar recorriendo los templos megal\u00edticos, el hipogeo de Hal Saflieni y la ciudad de Valletta, todos ellos declarados Patrimonio de la Humanidad por la Unesco, adem\u00e1s de disfrutar de su rica agenda de eventos. Otra forma especial de descubrir la mezcla de culturas del destino es a trav\u00e9s de la gastronom\u00eda y el enoturismo. Sin duda, Malta ofrece un amplio abanico de posibilidades: divertirse en Gozo, la isla por excelencia del turismo activo, perfecta para descubrir a pie, en bici o en kayak; desconectar de la rutina a trav\u00e9s de diferentes actividades wellness y excursiones en luzzu por el Mediterr\u00e1neo; as\u00ed como disfrutar de alojamientos con encanto, ya que hay una amplia gama de hoteles boutique repartidos por las islas. Todo ello amparado por un clima agradable durante todo el a\u00f1o y la caracter\u00edstica hospitalidad maltesa\u201d, ha a\u00f1adido Monika Diez Gansert, Representante de Go to Malta en Espa\u00f1a y Portugal.<\/p>\n<p>Air Malta volar\u00e1 a 13 destinos europeos durante esta pr\u00f3xima temporada de invierno, en el marco de su plan de recuperaci\u00f3n publish pandemia.<\/p>\n<\/div>\n<p><script>\n!function(f,b,e,v,n,t,s){if(f.fbq)return;n=f.fbq=function(){n.callMethod?\nn.callMethod.apply(n,arguments):n.queue.push(arguments)};if(!f._fbq)f._fbq=n;\nn.push=n;n.loaded=!0;n.version='2.0';n.queue=[];t=b.createElement(e);t.async=!0;\nt.src=v;s=b.getElementsByTagName(e)[0];s.parentNode.insertBefore(t,s)}(window,\ndocument,'script','\/\/connect.facebook.net\/en_US\/fbevents.js');\nfbq('init', '1760867457466831');\nfbq('track', \"PageView\");<\/script><br \/>\n<br \/><\/p>\n<p><em> &#8221; Fuentes www.inoutviajes.com &#8221; <\/em><\/p>\n","protected":false},"excerpt":{"rendered":"<p>Air Malta, la compa\u00f1\u00eda de bandera de las islas maltesas, acaba de anunciar la extensi\u00f3n de su ruta entre Madrid y Malta a lo largo de la pr\u00f3xima temporada de oto\u00f1o e invierno 2022\/2023. La aerol\u00ednea maltesa sigue reforzando su apuesta por el mercado espa\u00f1ol tras la acogida sumamente positiva del enlace directo entre ambas [&hellip;]<\/p>\n","protected":false},"author":4,"featured_media":393576,"comment_status":"open","ping_status":"closed","sticky":false,"template":"","format":"standard","meta":{"om_disable_all_campaigns":false,"jnews-multi-image_gallery":[],"jnews_single_post":[],"jnews_primary_category":[],"jnews_social_meta":[],"footnotes":""},"categories":[40],"tags":[13583,3583,6967,6628,4625,700,12649],"class_list":["post-393575","post","type-post","status-publish","format-standard","has-post-thumbnail","hentry","category-industria","tag-air","tag-amplia","tag-conexion","tag-directa","tag-entre","tag-madrid","tag-malta"],"_links":{"self":[{"href":"https:\/\/dimensionturistica.com\/es\/wp-json\/wp\/v2\/posts\/393575","targetHints":{"allow":["GET"]}}],"collection":[{"href":"https:\/\/dimensionturistica.com\/es\/wp-json\/wp\/v2\/posts"}],"about":[{"href":"https:\/\/dimensionturistica.com\/es\/wp-json\/wp\/v2\/types\/post"}],"author":[{"embeddable":true,"href":"https:\/\/dimensionturistica.com\/es\/wp-json\/wp\/v2\/users\/4"}],"replies":[{"embeddable":true,"href":"https:\/\/dimensionturistica.com\/es\/wp-json\/wp\/v2\/comments?post=393575"}],"version-history":[{"count":0,"href":"https:\/\/dimensionturistica.com\/es\/wp-json\/wp\/v2\/posts\/393575\/revisions"}],"wp:featuredmedia":[{"embeddable":true,"href":"https:\/\/dimensionturistica.com\/es\/wp-json\/wp\/v2\/media\/393576"}],"wp:attachment":[{"href":"https:\/\/dimensionturistica.com\/es\/wp-json\/wp\/v2\/media?parent=393575"}],"wp:term":[{"taxonomy":"category","embeddable":true,"href":"https:\/\/dimensionturistica.com\/es\/wp-json\/wp\/v2\/categories?post=393575"},{"taxonomy":"post_tag","embeddable":true,"href":"https:\/\/dimensionturistica.com\/es\/wp-json\/wp\/v2\/tags?post=393575"}],"curies":[{"name":"wp","href":"https:\/\/api.w.org\/{rel}","templated":true}]}}