{"id":393528,"date":"2022-09-26T07:04:34","date_gmt":"2022-09-26T07:04:34","guid":{"rendered":"https:\/\/dimensionturistica.com\/es\/?p=393528"},"modified":"2022-09-26T07:04:34","modified_gmt":"2022-09-26T07:04:34","slug":"la-venta-exclusiva-de-entradas-de-los-centros-es-contraria-al-perfil-premium","status":"publish","type":"post","link":"https:\/\/dimensionturistica.com\/es\/la-venta-exclusiva-de-entradas-de-los-centros-es-contraria-al-perfil-premium\/","title":{"rendered":"&#8220;La venta exclusiva de entradas de los centros es contraria al perfil Premium&#8221;"},"content":{"rendered":"<p> <br \/>\n<\/p>\n<div>\n<p>                <span itemprop=\"articleBody\"><\/p>\n<div class=\"jeg_video_container jeg_video_content\"><iframe loading=\"lazy\" title=\"&quot;La venta exclusiva de entradas de los centros es contraria al perfil Premium&quot;\" width=\"500\" height=\"281\" src=\"https:\/\/www.youtube.com\/embed\/Y3ZTwx6YWs4?feature=oembed\" frameborder=\"0\" allow=\"accelerometer; autoplay; clipboard-write; encrypted-media; gyroscope; picture-in-picture; web-share\" referrerpolicy=\"strict-origin-when-cross-origin\" allowfullscreen><\/iframe><\/div>\n<p>&#13;<\/p>\n<p><strong>La Federaci\u00f3n Tur\u00edstica critica que se descarten las posibilidades que ofrece el hecho de que tambi\u00e9n vendan entradas agencias de viajes y turoperadores<\/strong><\/p>\n<p>&#13;<br \/>\n &#13;<\/p>\n<p>\u00a0<\/p>\n<p>&#13;<\/p>\n<li class=\"texto\"><i class=\"fa fa-file-text-o\"\/>Lancelot Digital<\/li>\n<p>&#13;<\/p>\n<p>\u00a0<\/p>\n<p>&#13;<\/p>\n<p>La Federaci\u00f3n Tur\u00edstica ha alzado su voz contra la decisi\u00f3n unilateral de la direcci\u00f3n de los Centros Tur\u00edsticos de vender de forma on-line y en exclusiva las entradas a los centros. Su presidenta ha querido destacar la modernizaci\u00f3n y digitalizaci\u00f3n del sistema, pero cree que esta medida es perjudicial al descartar las posibilidades que ofrece el hecho de que tambi\u00e9n vendan entradas agencias de viajes y turoperadores. \u201cValoramos positivamente el cambio digital, pero esto no es incompatible con la venta de entradas y bonos por parte de agencias de viajes y turoperadores. No es incompatible. Ning\u00fan producto tur\u00edstico excluye de su venta online a las agencias de viajes, independientemente de que el cliente pueda comprarlo por su cuenta, ya sean billetes de avi\u00f3n, alojamiento o cualquier otra actividad tur\u00edstica\u201d.<\/p>\n<p>&#13;<\/p>\n<p>\u00a0<\/p>\n<p>&#13;<\/p>\n<p>Pero \u00bfcu\u00e1les son las consecuencias de esta decisi\u00f3n?<\/p>\n<p>&#13;<\/p>\n<p>\u00a0<\/p>\n<p>&#13;<\/p>\n<p>P\u00e9rez lo tiene claro. \u201cLa imposibilidad de que los Centros Tur\u00edsticos puedan formar parte de experiencias tur\u00edsticas, de paquetes, precisamente paquetes tur\u00edsticos que las agencias de viaje confeccionan para ese turista individual. Justo para ese turista premium que el Cabildo de Lanzarote, a trav\u00e9s de Turismo Lanzarote, quiere llegar\u201d.<\/p>\n<p>&#13;<\/p>\n<p>\u00a0<\/p>\n<p>&#13;<\/p>\n<p>Tampoco ha gustado a la federaci\u00f3n tur\u00edstica las formas empleadas para abordar estos cambios. \u201cLas formas no han sido las adecuadas. Nos hemos enterado por los medios. Nosotros, desde la Federaci\u00f3n, como miembros del Consejo, nos hemos opuesto\u201d.<\/p>\n<p>&#13;<\/p>\n<p>\u00a0<\/p>\n<p>&#13;<\/p>\n<p>\u00a0<\/p>\n<p>&#13;<\/p>\n<p>La Federaci\u00f3n Tur\u00edstica ha solicitado una reuni\u00f3n urgente y espera que se corrija esta situaci\u00f3n que perjudica no solo a agencias y turoperadores sino a los propios centros tur\u00edsticos.<\/p>\n<p>&#13;<\/p>\n<p>\u00a0<\/p>\n<p>&#13;<\/p>\n<p>\u00a0<\/p>\n<p>                    <\/span><\/p><\/div>\n<p><script src=\"https:\/\/connect.facebook.net\/es_ES\/all.js#xfbml=1\" type=\"text\/javascript\"><\/script><script type=\"text\/javascript\">\n\/\/<![CDATA[\n   \twindow.fbAsyncInit = function() {\n\t\tFB.init({ appId: '171342606239806', \n\t\t\tstatus: true, \n\t\t\tcookie: true,\n\t\t\txfbml: true,\n\t\t\toauth: true\n\t\t});\n   \t\t    \n\t  \t\t};\n    \/\/      \n    jQuery(window).load(function() {\n    \t(function(){\n    \t\tif(!document.getElementById('fb-root')) {\n    \t\t\tvar root = document.createElement('div');\n    \t\t\troot.id = 'fb-root';\n    \t\t\tdocument.getElementById('gkfb-root').appendChild(root);\n    \t\t\tvar e = document.createElement('script');\n    \t\t\te.src = document.location.protocol + '\/\/connect.facebook.net\/es_ES\/all.js';\n    \t\t\te.async = true;\n    \t\t\tdocument.getElementById('fb-root').appendChild(e);\n    \t\t}  \n    \t})();\n    });\n    \/\/]]>\n<\/script><br \/>\n<br \/><\/p>\n<p><em> &#8221; Fuentes www.lancelotdigital.com &#8221; <\/em><\/p>\n","protected":false},"excerpt":{"rendered":"<p>&#13; La Federaci\u00f3n Tur\u00edstica critica que se descarten las posibilidades que ofrece el hecho de que tambi\u00e9n vendan entradas agencias de viajes y turoperadores &#13; &#13; \u00a0 &#13; Lancelot Digital &#13; \u00a0 &#13; La Federaci\u00f3n Tur\u00edstica ha alzado su voz contra la decisi\u00f3n unilateral de la direcci\u00f3n de los Centros Tur\u00edsticos de vender de forma [&hellip;]<\/p>\n","protected":false},"author":4,"featured_media":393529,"comment_status":"open","ping_status":"closed","sticky":false,"template":"","format":"standard","meta":{"om_disable_all_campaigns":false,"jnews-multi-image_gallery":[],"jnews_single_post":[],"jnews_primary_category":[],"jnews_social_meta":[],"footnotes":""},"categories":[40],"tags":[946],"class_list":["post-393528","post","type-post","status-publish","format-standard","has-post-thumbnail","hentry","category-industria","tag-lancelot-digital-noticias-lanzarote-diario-digital-periodico-canarias-sucesos-deportes-cultura-vida-social-opinion-semanario-revista"],"_links":{"self":[{"href":"https:\/\/dimensionturistica.com\/es\/wp-json\/wp\/v2\/posts\/393528","targetHints":{"allow":["GET"]}}],"collection":[{"href":"https:\/\/dimensionturistica.com\/es\/wp-json\/wp\/v2\/posts"}],"about":[{"href":"https:\/\/dimensionturistica.com\/es\/wp-json\/wp\/v2\/types\/post"}],"author":[{"embeddable":true,"href":"https:\/\/dimensionturistica.com\/es\/wp-json\/wp\/v2\/users\/4"}],"replies":[{"embeddable":true,"href":"https:\/\/dimensionturistica.com\/es\/wp-json\/wp\/v2\/comments?post=393528"}],"version-history":[{"count":0,"href":"https:\/\/dimensionturistica.com\/es\/wp-json\/wp\/v2\/posts\/393528\/revisions"}],"wp:featuredmedia":[{"embeddable":true,"href":"https:\/\/dimensionturistica.com\/es\/wp-json\/wp\/v2\/media\/393529"}],"wp:attachment":[{"href":"https:\/\/dimensionturistica.com\/es\/wp-json\/wp\/v2\/media?parent=393528"}],"wp:term":[{"taxonomy":"category","embeddable":true,"href":"https:\/\/dimensionturistica.com\/es\/wp-json\/wp\/v2\/categories?post=393528"},{"taxonomy":"post_tag","embeddable":true,"href":"https:\/\/dimensionturistica.com\/es\/wp-json\/wp\/v2\/tags?post=393528"}],"curies":[{"name":"wp","href":"https:\/\/api.w.org\/{rel}","templated":true}]}}