{"id":393196,"date":"2022-09-25T13:12:20","date_gmt":"2022-09-25T13:12:20","guid":{"rendered":"https:\/\/dimensionturistica.com\/es\/?p=393196"},"modified":"2022-09-25T13:12:20","modified_gmt":"2022-09-25T13:12:20","slug":"radio-habana-cuba-fitsaludcuba-atrae-atencion-de-especialista-en-el-sector","status":"publish","type":"post","link":"https:\/\/dimensionturistica.com\/es\/radio-habana-cuba-fitsaludcuba-atrae-atencion-de-especialista-en-el-sector\/","title":{"rendered":"Radio Habana Cuba | FITSaludCuba atrae\u00a0atenci\u00f3n de especialista en el sector"},"content":{"rendered":"<p> <br \/>\n<\/p>\n<div>\n<div class=\"innerImage front center\"><img decoding=\"async\" alt=\"\" height=\"498\" src=\"https:\/\/www.radiohc.cu\/articles\/cropped\/aEpE-39518345-pltv-fitsalud.jpg\" width=\"748\"\/><\/p>\n<p class=\"subtitle\">FITSaludCuba, oportunidad para nuevos negocios y colaboraciones. Foto: Web<\/p>\n<\/div>\n<p>La Habana, 25 sep (RHC)\u00a0La I Feria Internacional de Turismo M\u00e9dico y Bienestar (FITSaludCuba) atrae\u00a0la atenci\u00f3n de especialista en el sector de los viajes en el mundo.<\/p>\n<p>Comentarios del Ministerio de Turismo (Mintur) y especialistas del segmento sanitario coinciden en que esta reuni\u00f3n est\u00e1 en la cartera de muchos turoperadores y agentes de viajes atentos debido al prestigio del sector m\u00e9dico en este pa\u00eds.<\/p>\n<p>La cita est\u00e1 convocada del 17 al 20 de octubre pr\u00f3ximo y tendr\u00e1 como escenario el recito ferial perif\u00e9rico de esta capital Pabexpo.<\/p>\n<p>Refieren los organizadores que el encuentro sesionar\u00e1 en el marco de la XV Feria Salud Para Todos, y ser\u00e1 espacio propicio para socializar la estrategia de este pa\u00eds en el abordaje de la pandemia de la Covid-19.<\/p>\n<p>Contar\u00e1 la reuni\u00f3n con el apoyo y la gesti\u00f3n del Ministerio de Salud P\u00fablica, la Comercializadora de Servicios M\u00e9dicos Cubanos, S.A. (instituci\u00f3n que arriba a sus 10 a\u00f1os) y la C\u00e1mara de Comercio.<\/p>\n<p>Refiere la convocatoria, que el prop\u00f3sito de FITSaludCuba es exponer los productos, experiencias y avances del turismo de salud en el archipi\u00e9lago y en el mundo, para consolidar alianzas en el desarrollo sostenible de esta modalidad.<\/p>\n<p>Adem\u00e1s, se desarrollar\u00e1 el I Seminario Internacional de Turismo M\u00e9dico y Bienestar, centrado en las tem\u00e1ticas: Modelos de comercializaci\u00f3n del turismo m\u00e9dico y Tendencias de desarrollo del turismo de bienestar. <strong>(Fuente: <a rel=\"nofollow noopener\" target=\"_blank\" href=\"https:\/\/www.prensa-latina.cu\/2022\/09\/25\/crecen-expectativas-sobre-feria-de-salud-de-cuba\">Prensa Latina<\/a>)<\/strong><\/p>\n<\/p><\/div>\n\n<p><em> &#8221; Fuentes www.radiohc.cu &#8221; <\/em><\/p>\n","protected":false},"excerpt":{"rendered":"<p>FITSaludCuba, oportunidad para nuevos negocios y colaboraciones. Foto: Web La Habana, 25 sep (RHC)\u00a0La I Feria Internacional de Turismo M\u00e9dico y Bienestar (FITSaludCuba) atrae\u00a0la atenci\u00f3n de especialista en el sector de los viajes en el mundo. Comentarios del Ministerio de Turismo (Mintur) y especialistas del segmento sanitario coinciden en que esta reuni\u00f3n est\u00e1 en la [&hellip;]<\/p>\n","protected":false},"author":4,"featured_media":393197,"comment_status":"open","ping_status":"closed","sticky":false,"template":"","format":"standard","meta":{"om_disable_all_campaigns":false,"jnews-multi-image_gallery":[],"jnews_single_post":[],"jnews_primary_category":[],"jnews_social_meta":[],"footnotes":""},"categories":[40],"tags":[956,1061,649],"class_list":["post-393196","post","type-post","status-publish","format-standard","has-post-thumbnail","hentry","category-industria","tag-cuba","tag-feria","tag-salud"],"_links":{"self":[{"href":"https:\/\/dimensionturistica.com\/es\/wp-json\/wp\/v2\/posts\/393196","targetHints":{"allow":["GET"]}}],"collection":[{"href":"https:\/\/dimensionturistica.com\/es\/wp-json\/wp\/v2\/posts"}],"about":[{"href":"https:\/\/dimensionturistica.com\/es\/wp-json\/wp\/v2\/types\/post"}],"author":[{"embeddable":true,"href":"https:\/\/dimensionturistica.com\/es\/wp-json\/wp\/v2\/users\/4"}],"replies":[{"embeddable":true,"href":"https:\/\/dimensionturistica.com\/es\/wp-json\/wp\/v2\/comments?post=393196"}],"version-history":[{"count":0,"href":"https:\/\/dimensionturistica.com\/es\/wp-json\/wp\/v2\/posts\/393196\/revisions"}],"wp:featuredmedia":[{"embeddable":true,"href":"https:\/\/dimensionturistica.com\/es\/wp-json\/wp\/v2\/media\/393197"}],"wp:attachment":[{"href":"https:\/\/dimensionturistica.com\/es\/wp-json\/wp\/v2\/media?parent=393196"}],"wp:term":[{"taxonomy":"category","embeddable":true,"href":"https:\/\/dimensionturistica.com\/es\/wp-json\/wp\/v2\/categories?post=393196"},{"taxonomy":"post_tag","embeddable":true,"href":"https:\/\/dimensionturistica.com\/es\/wp-json\/wp\/v2\/tags?post=393196"}],"curies":[{"name":"wp","href":"https:\/\/api.w.org\/{rel}","templated":true}]}}