{"id":393141,"date":"2022-09-25T09:58:12","date_gmt":"2022-09-25T09:58:12","guid":{"rendered":"https:\/\/dimensionturistica.com\/es\/?p=393141"},"modified":"2022-09-25T09:58:12","modified_gmt":"2022-09-25T09:58:12","slug":"viajes-a-la-historia-fatima-y-los-monasterios-de-alcobaca-y-batalha","status":"publish","type":"post","link":"https:\/\/dimensionturistica.com\/es\/viajes-a-la-historia-fatima-y-los-monasterios-de-alcobaca-y-batalha\/","title":{"rendered":"Viajes a la Historia. F\u00e1tima y los monasterios de Alcoba\u00e7a y Batalha."},"content":{"rendered":"<p> <br \/>\n<\/p>\n<p>&#13;<br \/>\n        &#13;<\/p>\n<h2 class=\"lede\">Carmelo Jord\u00e1 nos traslada a la ciudad portuguesa de F\u00e1tima y como sus visitantes sienten la fe religiosa. <\/h2>\n<\/p>\n<div id=\"embed\">\n<p>Copia el c\u00f3digo HTML para insertar el audio &#8220;Viajes a la Historia. F\u00e1tima y los monasterios de Alcoba\u00e7a y Batalha.&#8221; en tu weblog, p\u00e1gina net o en un foro. Puedes cambiar el ancho antes de copiar y pegar el c\u00f3digo.<\/p>\n<p><span>Ancho: <\/span><input type=\"text\" id=\"ancho\" value=\"100%\" maxlenght=\"4\" size=\"5\"\/><\/p>\n<p><span>C\u00f3digo: <\/span><textarea id=\"codigoembed\" readonly=\"readonly\">&lt;iframe width=&#8221;100%&#8221; peak=&#8221;40&#8243; src=&#8221;https:\/\/esradio.libertaddigital.com\/fonoteca\/embed\/6936006.html&#8221; frameborder=&#8221;0&#8243; scrolling=&#8221;no&#8221;&gt;&lt;\/iframe&gt;<\/textarea><\/p>\n<p><button onclick=\"navigator.clipboard.writeText($('#codigoembed').text()).then(function() { alert('Se ha copiado la URL al portapapeles'); }, function(err) { alert('Hubo un error al copiar: ', err); });return false;\">Copiar al portapapeles<\/button><\/p>\n<\/div>\n\n<p><em> &#8221; Fuentes esradio.libertaddigital.com &#8221; <\/em><\/p>\n","protected":false},"excerpt":{"rendered":"<p>&#13; &#13; Carmelo Jord\u00e1 nos traslada a la ciudad portuguesa de F\u00e1tima y como sus visitantes sienten la fe religiosa. Copia el c\u00f3digo HTML para insertar el audio &#8220;Viajes a la Historia. F\u00e1tima y los monasterios de Alcoba\u00e7a y Batalha.&#8221; en tu weblog, p\u00e1gina net o en un foro. Puedes cambiar el ancho antes de [&hellip;]<\/p>\n","protected":false},"author":4,"featured_media":376670,"comment_status":"open","ping_status":"closed","sticky":false,"template":"","format":"standard","meta":{"om_disable_all_campaigns":false,"jnews-multi-image_gallery":[],"jnews_single_post":[],"jnews_primary_category":[],"jnews_social_meta":[],"footnotes":""},"categories":[39],"tags":[1511,54032,545],"class_list":["post-393141","post","type-post","status-publish","format-standard","has-post-thumbnail","hentry","category-viajes","tag-portugal","tag-religion-catolica","tag-viajes"],"_links":{"self":[{"href":"https:\/\/dimensionturistica.com\/es\/wp-json\/wp\/v2\/posts\/393141","targetHints":{"allow":["GET"]}}],"collection":[{"href":"https:\/\/dimensionturistica.com\/es\/wp-json\/wp\/v2\/posts"}],"about":[{"href":"https:\/\/dimensionturistica.com\/es\/wp-json\/wp\/v2\/types\/post"}],"author":[{"embeddable":true,"href":"https:\/\/dimensionturistica.com\/es\/wp-json\/wp\/v2\/users\/4"}],"replies":[{"embeddable":true,"href":"https:\/\/dimensionturistica.com\/es\/wp-json\/wp\/v2\/comments?post=393141"}],"version-history":[{"count":0,"href":"https:\/\/dimensionturistica.com\/es\/wp-json\/wp\/v2\/posts\/393141\/revisions"}],"wp:featuredmedia":[{"embeddable":true,"href":"https:\/\/dimensionturistica.com\/es\/wp-json\/wp\/v2\/media\/376670"}],"wp:attachment":[{"href":"https:\/\/dimensionturistica.com\/es\/wp-json\/wp\/v2\/media?parent=393141"}],"wp:term":[{"taxonomy":"category","embeddable":true,"href":"https:\/\/dimensionturistica.com\/es\/wp-json\/wp\/v2\/categories?post=393141"},{"taxonomy":"post_tag","embeddable":true,"href":"https:\/\/dimensionturistica.com\/es\/wp-json\/wp\/v2\/tags?post=393141"}],"curies":[{"name":"wp","href":"https:\/\/api.w.org\/{rel}","templated":true}]}}