{"id":392878,"date":"2022-09-24T18:20:43","date_gmt":"2022-09-24T18:20:43","guid":{"rendered":"https:\/\/dimensionturistica.com\/es\/?p=392878"},"modified":"2022-09-24T18:22:25","modified_gmt":"2022-09-24T18:22:25","slug":"volaris-fortalece-su-estrategia-bus-switching-con-nuevas-rutas-a-oaxaca","status":"publish","type":"post","link":"https:\/\/dimensionturistica.com\/es\/volaris-fortalece-su-estrategia-bus-switching-con-nuevas-rutas-a-oaxaca\/","title":{"rendered":"Volaris fortalece su estrategia bus switching con nuevas rutas a Oaxaca"},"content":{"rendered":"<p><img decoding=\"async\" class=\"size-medium wp-image-392923 alignright\" src=\"https:\/\/dimensionturistica.com\/es\/wp-content\/uploads\/2022\/09\/HUATULCO-300x168.jpg\" alt=\"\" width=\"300\" height=\"168\" srcset=\"https:\/\/dimensionturistica.com\/es\/wp-content\/uploads\/2022\/09\/HUATULCO-300x168.jpg 300w, https:\/\/dimensionturistica.com\/es\/wp-content\/uploads\/2022\/09\/HUATULCO.jpg 474w\" sizes=\"(max-width: 300px) 100vw, 300px\" \/>\u00a0Volaris, la aerol\u00ednea de ultra bajo costo que opera en M\u00e9xico, Estados Unidos, Centro y Sudam\u00e9rica, inicia operaciones de las nuevas rutas AIFA-Puerto Escondido y AIFA-Oaxaca que conectan a la capital con dos de los principales destinos al sur del pa\u00eds.<br \/>\nDe acuerdo con la Secretar\u00eda de Turismo de Oaxaca, Puerto Escondido y la ciudad de Oaxaca gozan de una gran popularidad local, nacional e internacional, tan solo de enero a julio de este a\u00f1o, ambos destinos sumaron m\u00e1s de 500 mil turistas que llegaron v\u00eda a\u00e9rea, lo que representa un crecimiento del 40 y 50 por ciento, respectivamente, a comparaci\u00f3n del a\u00f1o anterior.<br \/>\n\u201cCelebramos que Volaris abra estas nuevas rutas para incrementar la conectividad en el Estado de Oaxaca y contribuir al intercambio de visitantes\u201d se\u00f1al\u00f3, Mtro. Juan Carlos Rivera Castellanos, secretario de turismo del estado de Oaxaca.<br \/>\nEsta apertura representa el quinto destino de playa que Volaris ofrece desde el Aeropuerto Internacional Felipe \u00c1ngeles y la segunda ruta a la ciudad de Oaxaca desde el Sistema Aeroportuario Metropolitano (SAM). De igual forma, la aerol\u00ednea reafirma su confianza en ambos destinos al ser el operador con m\u00e1s rutas y asientos disponibles, cuatro desde Puerto Escondido y seis en Oaxaca, con un total de 13 en toda la entidad.<img decoding=\"async\" class=\"size-medium wp-image-392924 alignright\" src=\"https:\/\/dimensionturistica.com\/es\/wp-content\/uploads\/2022\/09\/OAXACA-300x200.jpg\" alt=\"\" width=\"300\" height=\"200\" srcset=\"https:\/\/dimensionturistica.com\/es\/wp-content\/uploads\/2022\/09\/OAXACA-300x200.jpg 300w, https:\/\/dimensionturistica.com\/es\/wp-content\/uploads\/2022\/09\/OAXACA.jpg 474w\" sizes=\"(max-width: 300px) 100vw, 300px\" \/><br \/>\n\u201cEstas conexiones consolidan nuestra estrategia de bus switching desde el Sistema Aeroportuario Metropolitano, permitiendo a m\u00e1s personas cambiar el autob\u00fas por el avi\u00f3n, reduciendo el tiempo de traslado, al pasar m\u00e1s de 20 horas de camino a solo 1 hora de vuelo.\u201d, finaliz\u00f3 Omar Carrera Marquez, director comercial de Volaris.<br \/>\nLos interesados en experimentar estas rutas podr\u00e1n hacerlo en los siguientes itinerarios:<br \/>\nAIFA-Puerto Escondido<br \/>\nInicio de operaciones: jueves 15 de septiembre 2022<br \/>\nFrecuencia: martes, jueves y s\u00e1bado<br \/>\nSaliendo de Puerto Escondido a las 08:17 hrs., llegando a AIFA a las 09:39 hrs.<br \/>\nSaliendo de AIFA a las 06:36 hrs., llegando a Puerto Escondido a las 07:45 hrs.<br \/>\nAIFA-Oaxaca<br \/>\nInicio de operaciones: viernes 16 de septiembre 2022<br \/>\nFrecuencia: lunes, mi\u00e9rcoles, viernes y domingo<br \/>\nSaliendo de Oaxaca a las 08:13 hrs., llegando a AIFA a las 09:22 hrs.<br \/>\nSaliendo de AIFA a las 06:30 hrs., llegando a Oaxaca a las 07:31 hrs.<br \/>\nVolaris recomienda comprar con tiempo, a trav\u00e9s de todos los canales de venta disponibles: sitio web oficial www.volaris.com, app Volaris y agencias de viajes autorizadas.<\/p>\n","protected":false},"excerpt":{"rendered":"<p>\u00a0Volaris, la aerol\u00ednea de ultra bajo costo que opera en M\u00e9xico, Estados Unidos, Centro y Sudam\u00e9rica, inicia operaciones de las nuevas rutas AIFA-Puerto Escondido y AIFA-Oaxaca que conectan a la capital con dos de los principales destinos al sur del pa\u00eds. De acuerdo con la Secretar\u00eda de Turismo de Oaxaca, Puerto Escondido y la ciudad [&hellip;]<\/p>\n","protected":false},"author":1,"featured_media":392033,"comment_status":"open","ping_status":"closed","sticky":false,"template":"","format":"standard","meta":{"om_disable_all_campaigns":false,"jnews-multi-image_gallery":[],"jnews_single_post":{"source_name":"","source_url":"","via_name":"","via_url":"","override_template":"0","override":[{"template":"1","single_blog_custom":"","parallax":"1","fullscreen":"1","layout":"right-sidebar","sidebar":"default-sidebar","second_sidebar":"default-sidebar","sticky_sidebar":"1","share_position":"top","share_float_style":"share-monocrhome","show_share_counter":"1","show_view_counter":"1","show_featured":"1","show_post_meta":"1","show_post_author":"1","show_post_author_image":"1","show_post_date":"1","post_date_format":"default","post_date_format_custom":"Y\/m\/d","show_post_category":"1","show_post_reading_time":"0","post_reading_time_wpm":"300","show_zoom_button":"0","zoom_button_out_step":"2","zoom_button_in_step":"3","show_post_tag":"1","show_prev_next_post":"1","show_popup_post":"1","number_popup_post":"1","show_author_box":"0","show_post_related":"0","show_inline_post_related":"0"}],"override_image_size":"0","image_override":[{"single_post_thumbnail_size":"crop-500","single_post_gallery_size":"crop-500"}],"trending_post":"0","trending_post_position":"meta","trending_post_label":"Trending","sponsored_post":"0","sponsored_post_label":"Sponsored by","sponsored_post_name":"","sponsored_post_url":"","sponsored_post_logo_enable":"0","sponsored_post_logo":"","sponsored_post_desc":"","disable_ad":"0"},"jnews_primary_category":{"id":""},"jnews_social_meta":{"fb_title":"","fb_description":"","fb_image":"","twitter_title":"","twitter_description":"","twitter_image":""},"footnotes":""},"categories":[39],"tags":[],"class_list":["post-392878","post","type-post","status-publish","format-standard","has-post-thumbnail","hentry","category-viajes"],"_links":{"self":[{"href":"https:\/\/dimensionturistica.com\/es\/wp-json\/wp\/v2\/posts\/392878","targetHints":{"allow":["GET"]}}],"collection":[{"href":"https:\/\/dimensionturistica.com\/es\/wp-json\/wp\/v2\/posts"}],"about":[{"href":"https:\/\/dimensionturistica.com\/es\/wp-json\/wp\/v2\/types\/post"}],"author":[{"embeddable":true,"href":"https:\/\/dimensionturistica.com\/es\/wp-json\/wp\/v2\/users\/1"}],"replies":[{"embeddable":true,"href":"https:\/\/dimensionturistica.com\/es\/wp-json\/wp\/v2\/comments?post=392878"}],"version-history":[{"count":0,"href":"https:\/\/dimensionturistica.com\/es\/wp-json\/wp\/v2\/posts\/392878\/revisions"}],"wp:featuredmedia":[{"embeddable":true,"href":"https:\/\/dimensionturistica.com\/es\/wp-json\/wp\/v2\/media\/392033"}],"wp:attachment":[{"href":"https:\/\/dimensionturistica.com\/es\/wp-json\/wp\/v2\/media?parent=392878"}],"wp:term":[{"taxonomy":"category","embeddable":true,"href":"https:\/\/dimensionturistica.com\/es\/wp-json\/wp\/v2\/categories?post=392878"},{"taxonomy":"post_tag","embeddable":true,"href":"https:\/\/dimensionturistica.com\/es\/wp-json\/wp\/v2\/tags?post=392878"}],"curies":[{"name":"wp","href":"https:\/\/api.w.org\/{rel}","templated":true}]}}