{"id":392343,"date":"2022-09-23T14:10:03","date_gmt":"2022-09-23T14:10:03","guid":{"rendered":"https:\/\/dimensionturistica.com\/es\/?p=392343"},"modified":"2022-09-23T14:10:03","modified_gmt":"2022-09-23T14:10:03","slug":"hoy-recala-en-punta-arenas-el-primer-crucero-de-la-temporada","status":"publish","type":"post","link":"https:\/\/dimensionturistica.com\/es\/hoy-recala-en-punta-arenas-el-primer-crucero-de-la-temporada\/","title":{"rendered":"Hoy recala en Punta Arenas el primer crucero de la temporada"},"content":{"rendered":"<p> <br \/>\n<\/p>\n<div>\n    <!-- Incluir libreria justo antes de <\/head> --><\/p>\n<p class=\"parao_u10d74\"><span class=\"charo_u6b\" id=\"txsr_a:1:{s:4:&quot;phzs&quot;;s:20:&quot;D_110.00000000000001&quot;;}\">La<br \/>\n nave de 91 metros de eslora y que arribar\u00e1 con 100 pasajeros a bordo,<br \/>\npermanecer\u00e1 en principio casi seis d\u00edas en la ciudad, para zarpar el 28<br \/>\nde septiembre.<\/span><\/p>\n<p class=\"parao_u10d74\"><span class=\"charo_u6b\" id=\"txsr_a:1:{s:4:&quot;phzs&quot;;s:20:&quot;D_110.00000000000001&quot;;}\">Recordemos<br \/>\n que para esta temporada est\u00e1n anunciadas 170 recaladas, 123 de ellas en<br \/>\n Punta Arenas, 34 en Puerto Williams y 13 en Puerto Natales. Lo anterior<br \/>\n implica un movimiento de alrededor de 80.000 pasajeros, con un promedio<br \/>\n de estad\u00eda en las ciudades de 19 horas.<\/span><\/p>\n<p class=\"parao_u10d74\"><span class=\"charo_u6b\" id=\"txsr_a:3:{s:4:&quot;infl&quot;;s:3:&quot;U_0&quot;;s:4:&quot;phzs&quot;;s:20:&quot;D_110.00000000000001&quot;;s:4:&quot;ptfs&quot;;s:6:&quot;c_Bold&quot;;}\"><strong>Nav\u00edos de gran tama\u00f1o<strong\/><\/strong><\/span><\/p>\n<p class=\"parao_u10d74\"><span class=\"charo_u6b\" id=\"txsr_a:1:{s:4:&quot;phzs&quot;;s:20:&quot;D_110.00000000000001&quot;;}\">En<br \/>\n cuanto a la envergadura de las naves, de acuerdo con la informaci\u00f3n<br \/>\ndisponible al d\u00eda de hoy, se espera 31 naves de m\u00e1s de 250 m de eslora,<br \/>\n18 de m\u00e1s de 200 m y 121 de eslora inferior a 200 m. <\/span><\/p>\n<p class=\"parao_u10d74\"><span class=\"charo_u6b\" id=\"txsr_a:1:{s:4:&quot;phzs&quot;;s:20:&quot;D_110.00000000000001&quot;;}\">Al<br \/>\n respecto, el gerente Normal de EPAustral, Rodrigo Pommiez record\u00f3 que<br \/>\n\u201cestamos con el proyecto de aumento de capacidad de recepci\u00f3n para<br \/>\ncruceros m\u00e1s grandes en el Muelle Prat de Punta Arenas, y esperamos<br \/>\nterminarlo a fines de este a\u00f1o, en paralelo a la preparaci\u00f3n previa de<br \/>\nla habitabilidad y los flujos de coordinaci\u00f3n con las compa\u00f1\u00edas para que<br \/>\n el servicio a los turistas sea \u00f3ptimo. Hoy podemos amarrar cruceros de<br \/>\nhasta 250 m de eslora y terminada la segunda etapa de ampliaci\u00f3n del<br \/>\nMuelle Prat podremos amarrar cruceros hasta 300 m por los sitios lado<br \/>\nsur, disminuyendo la cantidad de recaladas de buques que quedan a la<br \/>\ngira y la atenci\u00f3n de barcos con tender\u201d.<\/span><\/p>\n<\/div>\n<p>\n    <strong>Ping\u00fcino Multimedia<\/strong> entrega este espacio a su p\u00fablico para la expresi\u00f3n private de opiniones y<br \/>\n    comentarios, apelando al respeto entre los usuarios y deslig\u00e1ndose por completo del contenido de los comentarios<br \/>\n    emitidos.\n<\/p>\n<p><script>\n    (function(d, s, id) {\n        var js, fjs = d.getElementsByTagName(s)[0];\n        if (d.getElementById(id)) return;\n        js = d.createElement(s);\n        js.id = id;\n        js.src = \"\/\/connect.facebook.net\/es_LA\/all.js#xfbml=1&appId=326707310733016\";\n        fjs.parentNode.insertBefore(js, fjs);\n    }(document, 'script', 'facebook-jssdk'));\n    <\/script><script async defer crossorigin=\"anonymous\"\n    src=\"https:\/\/connect.facebook.net\/es_LA\/sdk.js#xfbml=1&#038;version=v7.0&#038;appId=2981943065256750&#038;autoLogAppEvents=1\"\n    nonce=\"WHAxAL2H\"><\/script><br \/>\n<br \/><\/p>\n<p><em> &#8221; Fuentes elpinguino.com &#8221; <\/em><\/p>\n","protected":false},"excerpt":{"rendered":"<p>La nave de 91 metros de eslora y que arribar\u00e1 con 100 pasajeros a bordo, permanecer\u00e1 en principio casi seis d\u00edas en la ciudad, para zarpar el 28 de septiembre. Recordemos que para esta temporada est\u00e1n anunciadas 170 recaladas, 123 de ellas en Punta Arenas, 34 en Puerto Williams y 13 en Puerto Natales. Lo [&hellip;]<\/p>\n","protected":false},"author":4,"featured_media":392344,"comment_status":"open","ping_status":"closed","sticky":false,"template":"","format":"standard","meta":{"om_disable_all_campaigns":false,"jnews-multi-image_gallery":[],"jnews_single_post":[],"jnews_primary_category":[],"jnews_social_meta":[],"footnotes":""},"categories":[41],"tags":[1280],"class_list":["post-392343","post","type-post","status-publish","format-standard","has-post-thumbnail","hentry","category-cruceros","tag-crucero"],"_links":{"self":[{"href":"https:\/\/dimensionturistica.com\/es\/wp-json\/wp\/v2\/posts\/392343","targetHints":{"allow":["GET"]}}],"collection":[{"href":"https:\/\/dimensionturistica.com\/es\/wp-json\/wp\/v2\/posts"}],"about":[{"href":"https:\/\/dimensionturistica.com\/es\/wp-json\/wp\/v2\/types\/post"}],"author":[{"embeddable":true,"href":"https:\/\/dimensionturistica.com\/es\/wp-json\/wp\/v2\/users\/4"}],"replies":[{"embeddable":true,"href":"https:\/\/dimensionturistica.com\/es\/wp-json\/wp\/v2\/comments?post=392343"}],"version-history":[{"count":0,"href":"https:\/\/dimensionturistica.com\/es\/wp-json\/wp\/v2\/posts\/392343\/revisions"}],"wp:featuredmedia":[{"embeddable":true,"href":"https:\/\/dimensionturistica.com\/es\/wp-json\/wp\/v2\/media\/392344"}],"wp:attachment":[{"href":"https:\/\/dimensionturistica.com\/es\/wp-json\/wp\/v2\/media?parent=392343"}],"wp:term":[{"taxonomy":"category","embeddable":true,"href":"https:\/\/dimensionturistica.com\/es\/wp-json\/wp\/v2\/categories?post=392343"},{"taxonomy":"post_tag","embeddable":true,"href":"https:\/\/dimensionturistica.com\/es\/wp-json\/wp\/v2\/tags?post=392343"}],"curies":[{"name":"wp","href":"https:\/\/api.w.org\/{rel}","templated":true}]}}