{"id":392222,"date":"2022-09-23T09:18:43","date_gmt":"2022-09-23T09:18:43","guid":{"rendered":"https:\/\/dimensionturistica.com\/es\/?p=392222"},"modified":"2022-09-23T09:18:44","modified_gmt":"2022-09-23T09:18:44","slug":"creo-que-va-siendo-hora-de-que-me-ponga-las-pilas-y-empiece-a-viajar-mas","status":"publish","type":"post","link":"https:\/\/dimensionturistica.com\/es\/creo-que-va-siendo-hora-de-que-me-ponga-las-pilas-y-empiece-a-viajar-mas\/","title":{"rendered":"&#8220;Creo que va siendo hora de que me ponga las pilas y empiece a viajar m\u00e1s&#8221;"},"content":{"rendered":"<p> <br \/>\n<\/p>\n<div>\n<aside class=\"subscription-highlighted\">\n<div class=\"subscription-container\">\n<div class=\"non-subscribed\">\n<p class=\"description\">Somos de rutas, no de rutinas. Descubre Viajes Nationwide Geographic<\/p>\n<p><a rel=\"nofollow noopener\" target=\"_blank\" href=\"https:\/\/tienda.rbarevistas.com\/por-que-viajes-national-geographic.html?rba_source=viajes.nationalgeographic.com.es&amp;rba_medium=referral&amp;rba_campaign=NGMV&amp;rba_content=frase-articulo\" class=\"more-link\">SABER M\u00c1S<\/a><\/div>\n<\/div>\n<\/aside>\n<p style=\"display: none;\"><img decoding=\"async\" id=\"ctl01_ctl00_phMain_phMain_ctl00_ctl02_ctl17_ctl01_imgContent\" src=\"https:\/\/viajes.nationalgeographic.com.es\/medio\/2022\/09\/22\/img-38889_99d674db_800x800.jpeg\" alt=\"img 38889\" style=\"border-width:0px;\"\/><\/p>\n<aside class=\"add300x250 publi-interior-top ad-container-r1 ad-inline\"\/>\n<p dir=\"ltr\"><strong><span id=\"docs-internal-guid-97708eea-7fff-d172-a5d3-c17a760b41e9\"><em>Modelo 77<\/em> es m\u00e1s que una historia carcelaria. Es un ejemplo de solidaridad y lucha: la de los presos de la COPEL. \u00bfQu\u00e9 sab\u00edas de <\/span>este colectivo antes de la pel\u00edcula?<\/strong><\/p>\n<p><span id=\"docs-internal-guid-97708eea-7fff-d172-a5d3-c17a760b41e9\">Pues la verdad es que poco. En aquella \u00e9poca yo period peque\u00f1o y no ten\u00eda mucha informaci\u00f3n. Luego, con el tiempo, s\u00ed que se hablaba mucho de los presos pol\u00edticos, pero poco de los presos comunes. Y, bueno, para hacer la pel\u00edcula es cuando me he documentado y he conocido muy bien todo lo que cuenta y lo que reclamaban los presos. Fue un movimiento, adem\u00e1s, tan necesario\u2026 Por eso creo que esta es una pel\u00edcula muy necesaria para todo el mundo, pero, sobre todo, para la gente joven, que no sabe nada de esta historia. Yo me siento muy identificado con ella, porque, al igual que se encerraba a la gente por concepts pol\u00edticas con unas condenas horrorosas de 14 \u00f3 16 a\u00f1os o lo que les diese la gana, tambi\u00e9n se la encerraba por su condici\u00f3n sexual. Igual, si llego a nacer 10 a\u00f1os antes y me hubiese pronunciado abiertamente sobre mi condici\u00f3n sexual, hubiese acabado preso. Me he preguntado much\u00edsimas veces qu\u00e9 hubiera pasado.<\/span><\/p>\n<p><strong><span id=\"docs-internal-guid-97708eea-7fff-d172-a5d3-c17a760b41e9\">A todo esos presos <\/span>les hab\u00eda juzgado una dictadura, pero les manten\u00eda en la c\u00e1rcel una democracia. M\u00e1s all\u00e1 del retrato de las c\u00e1rceles en los primeros a\u00f1os de la transici\u00f3n que hace la pel\u00edcula, \u00bfd\u00f3nde pone el foco <em>Modelo 77<\/em>?<\/strong><\/p>\n<p><span id=\"docs-internal-guid-97708eea-7fff-d172-a5d3-c17a760b41e9\">En lo que pas\u00f3 realmente, en la diferencia que hab\u00eda entre los presos comunes y los presos pol\u00edticos. Es una pel\u00edcula muy documentalista, que narra perfectamente lo que pasaba en las c\u00e1rceles, qui\u00e9nes eran los buenos, qui\u00e9nes los malos, la violencia que exist\u00eda, las atrocidades, esas condenas tan absurdas\u2026 Yo creo que pone el foco en lo que pasaba con la pol\u00edtica dentro de la c\u00e1rcel, no hab\u00eda los mismos derechos para la sociedad que para la gente que estaba presa. <\/span><\/p>\n<figure class=\"thumb zoom\"><img loading=\"lazy\" decoding=\"async\" sizes=\"auto, 100vw\" srcset=\"https:\/\/viajes.nationalgeographic.com.es\/medio\/2022\/09\/22\/cuba_f98841ee_720x478.jpg 720w,https:\/\/viajes.nationalgeographic.com.es\/medio\/2022\/09\/22\/cuba_20b53dee_1200x798.jpg 1200w\" src=\"https:\/\/viajes.nationalgeographic.com.es\/medio\/2022\/09\/22\/cuba_20b53dee_1200x798.jpg\" class=\"lazyload\" width=\"1200\" height=\"798\" data-aspectratio=\"1200\/798\"\/><noscript><img decoding=\"async\" src=\"https:\/\/viajes.nationalgeographic.com.es\/medio\/2022\/09\/22\/cuba_20b53dee_1200x798.jpg\"\/><\/noscript><\/p>\n<div class=\"info\">\n<div class=\"credit\">\n<p>Cuba es para Fernando Tejero\u00a0una de las experiencias m\u00e1s bonitas de mi vida.<\/p>\n<\/div><figcaption class=\"by\">&#13;Foto: iStock<\/figcaption><\/div>\n<\/figure>\n<p><strong><span id=\"docs-internal-guid-97708eea-7fff-d172-a5d3-c17a760b41e9\">Hasta \u201cEl Marbella\u201d, el patriarca gitano al que das vida, el \u201cmalo\u201d de la c\u00e1rcel, termina reivindicando, colectivamente, su libertad. \u00bfQu\u00e9 viaje hace el personaje a lo largo de la pel\u00edcula? Porque empieza en un sitio y termina en otro bien distinto\u2026<\/span><\/strong><\/p>\n<p><span id=\"docs-internal-guid-97708eea-7fff-d172-a5d3-c17a760b41e9\">Es un preso que se ha rendido, que ha asumido que tiene que pasar el resto de su vida en la c\u00e1rcel. Entonces, se convierte en un superviviente y cube: \u201cpues si voy a estar aqu\u00ed el resto de mi vida, voy a ser el due\u00f1o de la c\u00e1rcel\u201d. \u00bfQu\u00e9 hace para eso? Se al\u00eda con los funcionarios, que, en este caso, son los malos y sigue delinquiendo dentro de la c\u00e1rcel. Pero tiene coraz\u00f3n y, al last, acaba uni\u00e9ndose al resto de los presos que pide la amnist\u00eda y la libertad. Al principio, se le ve como a un malo, como un tipo bastante oscuro, porque est\u00e1 claro que lo es, pero todo lo hace por supervivencia o porque piensa que la mejor forma de pasar su vida en la c\u00e1rcel es siendo el m\u00e1s poderoso. <\/span><\/p>\n<p><strong><span id=\"docs-internal-guid-97708eea-7fff-d172-a5d3-c17a760b41e9\">Hac\u00eda tiempo que no te tocaba un personaje as\u00ed. \u00bfCu\u00e1nto lo has disfrutado?<\/span><\/strong><\/p>\n<p><span id=\"docs-internal-guid-97708eea-7fff-d172-a5d3-c17a760b41e9\">Much\u00edsimo, porque ten\u00eda much\u00edsimas ganas de trabajar con Alberto Rodr\u00edguez. Y bueno, en este pa\u00eds, tienden a encasillar a los actores que mayormente hacemos comedia, algo que me parece lamentable que todav\u00eda siga pasando. Yo ya hab\u00eda demostrado que puedo hacer drama en <\/span>Cinco metros cuadrados y alguna que otra pel\u00edcula, con muy buenas cr\u00edticas. Me negu\u00e9 a hacer cine porque me segu\u00edan ofreciendo m\u00e1s de lo mismo y este a\u00f1o voy tanto con la pel\u00edcula de Alberto Rodr\u00edguez como con un par m\u00e1s que tengo por estrenar, en las que tambi\u00e9n me han ofrecido drama. A ver si por fin hay un punto de inflexi\u00f3n en mi carrera y se dan cuenta de que un actor sirve para lo que le pongan por delante. Me parece muy merciless y absurdo que se encasille a los actores de comedia, cosa que no pasa, curiosamente, con los actores que en su mayor\u00eda hacen drama.<\/p>\n<blockquote>\n<p>Me gusta hacer turismo cultural, ir a una ciudad o pa\u00eds que no conoces y empaparte de lo desconocido.<\/p>\n<\/blockquote>\n<p><span id=\"docs-internal-guid-97708eea-7fff-d172-a5d3-c17a760b41e9\"><strong>Y si seguimos con lo de disfrutar, \u00bfcu\u00e1nto viajas por placer? <\/strong><\/span><\/p>\n<p><span id=\"docs-internal-guid-97708eea-7fff-d172-a5d3-c17a760b41e9\">Mucho menos de lo que me gustar\u00eda, porque, entre que siempre estoy trabajando y tengo tres perras (aunque pueda parecer absurdo), voy a menos sitios de los que me gustar\u00eda. Tengo una persona que las cuida y que se encarga de ellas, pero es cierto que he dejado de ir a muchos viajes por no poder llevarme a mis mascotas. Eso s\u00ed, viajar es una de las cosas que m\u00e1s me gusta del mundo y siempre digo: \u201cbueno, pues m\u00e1s adelante\u201d. Y ese \u201cm\u00e1s adelante\u201d nunca llega. Creo que va siendo hora de que me ponga las pilas y empiece a viajar m\u00e1s.<\/span><\/p>\n<p><strong><span id=\"docs-internal-guid-97708eea-7fff-d172-a5d3-c17a760b41e9\">\u00bfQu\u00e9 tipo de experiencias prefieres? <\/span><\/strong><\/p>\n<p><span id=\"docs-internal-guid-97708eea-7fff-d172-a5d3-c17a760b41e9\">Me gusta hacer turismo cultural, ir a una ciudad o pa\u00eds que no conoces y empaparte de lo desconocido. Los viajes de loosen up se pueden hacer en sitios m\u00e1s cercanos y no hace falta experimentar otra cultura y otra forma de vida para estar relajado. Siempre que hago un viaje intento empaparme de eso, de la cultura, de c\u00f3mo se vive en ese pa\u00eds. <\/span><\/p>\n<figure class=\"thumb zoom\"><img loading=\"lazy\" decoding=\"async\" sizes=\"auto, 100vw\" srcset=\"https:\/\/viajes.nationalgeographic.com.es\/medio\/2022\/09\/22\/mezquita-de-cordoba_3a574167_720x540.jpg 720w,https:\/\/viajes.nationalgeographic.com.es\/medio\/2022\/09\/22\/mezquita-de-cordoba_e982e76f_1200x900.jpg 1200w\" src=\"https:\/\/viajes.nationalgeographic.com.es\/medio\/2022\/09\/22\/mezquita-de-cordoba_e982e76f_1200x900.jpg\" class=\"lazyload\" width=\"1200\" height=\"900\" data-aspectratio=\"1200\/900\"\/><noscript><img decoding=\"async\" src=\"https:\/\/viajes.nationalgeographic.com.es\/medio\/2022\/09\/22\/mezquita-de-cordoba_e982e76f_1200x900.jpg\"\/><\/noscript><\/p>\n<div class=\"info\">\n<div class=\"credit\">\n<p>&#8220;C\u00f3rdoba me hace volver al ni\u00f1o que fui e incluso al hombre que soy&#8221;.<\/p>\n<\/div><figcaption class=\"by\">&#13;Foto: iStock<\/figcaption><\/div>\n<\/figure>\n<p><strong><span id=\"docs-internal-guid-97708eea-7fff-d172-a5d3-c17a760b41e9\">\u00bfCu\u00e1l es el viaje m\u00e1s inolvidable que has hecho en tu vida? <\/span><\/strong><\/p>\n<p><span id=\"docs-internal-guid-97708eea-7fff-d172-a5d3-c17a760b41e9\">Un crucero con el que visit\u00e9 varios lugares de Miami, Costa Rica&#8230; Por la diversidad de sitios que conoc\u00ed. Aunque es cierto que, al ser un crucero, estaba pocos d\u00edas en cada lugar. Otro viaje que recuerdo tambi\u00e9n con much\u00edsimo cari\u00f1o y como una de las experiencias m\u00e1s bonitas de mi vida es el que hice a Cuba. Period un lugar que ten\u00eda much\u00edsimas ganas de visitar. Me llamaba mucho la atenci\u00f3n por su gente y cultura. <\/span><\/p>\n<p><span id=\"docs-internal-guid-97708eea-7fff-d172-a5d3-c17a760b41e9\">\u00bf<strong>Y ese destino que cada d\u00eda que pasa tienes m\u00e1s pendiente? <\/strong><\/span><\/p>\n<p><span id=\"docs-internal-guid-97708eea-7fff-d172-a5d3-c17a760b41e9\">\u00a1Brasil! Me pasa como con Cuba, que, sin haber ido, me siento como muy aliado. Me llama mucho la atenci\u00f3n su gente, me gusta much\u00edsimo la m\u00fasica brasile\u00f1a y todo lo que he visto en documentales y reportajes sobre el pa\u00eds. S\u00e9 que me encantar\u00eda. Es una cuenta que tengo pendiente y espero saldarla lo antes posible.<\/span><\/p>\n<p><strong><span id=\"docs-internal-guid-97708eea-7fff-d172-a5d3-c17a760b41e9\">\u00bfCu\u00e1nto visitas tu C\u00f3rdoba natal? \u00bfCu\u00e1nto v\u00ednculo tienes con ella?<\/span><\/strong><\/p>\n<p><span id=\"docs-internal-guid-97708eea-7fff-d172-a5d3-c17a760b41e9\">Menos de lo que me gustar\u00eda, tambi\u00e9n. V\u00ednculo tengo mucho, pero all\u00ed est\u00e1n mi familia, mis amigos de la infancia\u2026 Tengo mis ra\u00edces y mi pasado. Siempre que veo que todo esto, todo lo que conlleva mi profesi\u00f3n se me va de las manos, vuelvo para saber de d\u00f3nde vengo. Siempre digo que, cuando uno no sabe de d\u00f3nde viene, no sabe a d\u00f3nde va. C\u00f3rdoba me hace volver al ni\u00f1o que fui e incluso al hombre que soy. Me vuelve a colocar en el lugar y eso a veces es muy importante.<\/span><\/p>\n<p><strong><span id=\"docs-internal-guid-97708eea-7fff-d172-a5d3-c17a760b41e9\">Vives en Madrid. \u00bfQu\u00e9 te enamora de la ciudad a la que llevas tantos a\u00f1os entregado? <\/span><\/strong><\/p>\n<p><span id=\"docs-internal-guid-97708eea-7fff-d172-a5d3-c17a760b41e9\">\u00a1Much\u00edsimas cosas! Me enamora lo cosmopolita que es, la variedad de gente, el nivel cultural\u2026 Me gusta much\u00edsimo que haya barrios que me recuerdan al barrio donde yo me cri\u00e9 en C\u00f3rdoba. Es una ciudad que lo tiene pr\u00e1cticamente todo, excepto el mar, si no ya ser\u00eda totalmente perfecta. A d\u00eda de hoy, entre C\u00f3rdoba y Madrid, ya no s\u00e9 de d\u00f3nde me siento m\u00e1s. Siento que Madrid me quiere y que la quiero. <\/span><\/p>\n<div class=\"cuadro-destacado\">\n<p class=\"overtitle\">coordenadas viajeras<\/p>\n<h3 class=\"title\">Fernando Tejero<\/h3>\n<ol class=\"destacado-list\">\n<li class=\"destacado-list-item\">\n<p class=\"list-item-title\">\u00bfAd\u00f3nde nos llevas si vamos al norte?<\/p>\n<p dir=\"ltr\"><span id=\"docs-internal-guid-e661fdce-7fff-187f-57cb-6b599cb9707f\">Soy de los que piensan que viajar fuera es maravilloso, pero que tambi\u00e9n hay que conocer nuestro pa\u00eds. Lo tenemos todo. Es maravilloso. \u00a1Es tan distinto el norte del sur! Hay una ciudad que me parece una de las m\u00e1s bonitas de Espa\u00f1a: San Sebasti\u00e1n, de donde acabo de venir [del Festival Internacional de Cine de San Sebasti\u00e1n]<\/span><\/p>\n<\/li>\n<li class=\"destacado-list-item\">\n<p class=\"list-item-title\"><span id=\"docs-internal-guid-c15e43f6-7fff-7aac-a564-cc30e7360745\">\u00bfQu\u00e9 destino eliges mirando al sur?<\/span><\/p>\n<p class=\"list-item-text\"><span id=\"docs-internal-guid-ca9d7668-7fff-5d55-ece8-b8484381dcba\">Me quedo con Granada, porque las pocas veces que he ido me ha parecido un lugar maravilloso. Recuerdo un d\u00eda que fui a hacer teatro y que, paseando solo por el Paseo de los Tristes (igual esto queda muy filos\u00f3fico), entend\u00ed lo que period el embrujo. Es una ciudad muy andaluza y lorquiana. Y tiene nieve, mar, su parte verde, rincones maravillosos\u2026 Y mucha juventud y vida.<\/span><\/p>\n<\/li>\n<li class=\"destacado-list-item\">\n<p class=\"list-item-title\"><span id=\"docs-internal-guid-0b8bd6b9-7fff-a2c8-8828-0a287952363e\">\u00bfY si vamos al este?<\/span><\/p>\n<p class=\"list-item-text\"><span id=\"docs-internal-guid-5e3eb71e-7fff-8d4e-1aac-b194a40dcb69\">Me encanta la costa alicantina: J\u00e1vea, Altea y todos esos pueblos preciosos. Tengo all\u00ed mucha familia y amigos y he pasado much\u00edsimas vacaciones por toda esa zona. Creo que no est\u00e1 lo suficientemente valorada y a m\u00ed me parece tan bonita.<\/span><\/p>\n<\/li>\n<li class=\"destacado-list-item\">\n<p class=\"list-item-title\">Toca el oeste&#8230;<\/p>\n<p class=\"list-item-text\"><span id=\"docs-internal-guid-ec1de825-7fff-cf6e-2cc4-e44146810009\">Me voy a salir de Espa\u00f1a y me voy a ir a Portugal, que tambi\u00e9n es uno de los de los lugares que m\u00e1s he visitado. Una vez hice una ruta por la costa y me pareci\u00f3 todo tan bonito. Lo disfrut\u00e9 much\u00edsimo, me encant\u00f3 su gente y siempre que puedo vuelvo a Portugal. La capital, Lisboa, me parece una ciudad preciosa en la que no me importar\u00eda vivir alg\u00fan d\u00eda. Soy un enamorado de Portugal.<\/span><\/p>\n<\/li>\n<\/ol>\n<\/div>\n<div>\n<p dir=\"ltr\"><strong><span id=\"docs-internal-guid-03c0dda4-7fff-0d87-f5f0-a5c89902e773\">\u00bfQu\u00e9 no puede faltar en tu equipaje cuando viajas? <\/span><\/strong><\/p>\n<p dir=\"ltr\"><span>Un libro, o varios. Me gusta mucho leer.<\/span><\/p>\n<p dir=\"ltr\"><strong><span>\u00bfGastas alguna man\u00eda viajera?<\/span><\/strong><\/p>\n<p dir=\"ltr\"><span>No tengo ninguna, en especial. No s\u00e9 si lo es que me tengan que hacer la maleta porque soy un desastre, \u00a1un pat\u00e1n! [risas].<\/span><\/p>\n<p dir=\"ltr\"><strong><span>\u00bfEl memento m\u00e1s apreciado de cuantos tienes en casa?<\/span><\/strong><\/p>\n<p dir=\"ltr\"><span>Tengo toda la nevera llena de imanes de los lugares que visito para tener un recuerdo. Y luego, y esto es algo muy curioso porque no soy creyente, casi siempre compro santos de los lugares donde voy. Tengo esa fascinaci\u00f3n por las im\u00e1genes de v\u00edrgenes y de santos. <\/span><\/p>\n<p dir=\"ltr\"><strong><span>\u00bfUn plato grabado a fuego en el paladar?<\/span><\/strong><\/p>\n<p dir=\"ltr\"><span>De Cuba, casi todo lo que com\u00ed, pero en ning\u00fan lugar creo que se hace la ropa vieja como all\u00ed. \u00a1Me fascin\u00f3! Tambi\u00e9n te digo que soy muy b\u00e1sico con la comida, soy m\u00e1s de patatas fritas y huevos que de alg\u00fan manjar. <\/span><\/p>\n<blockquote>\n<p dir=\"ltr\"><span>De Madrid me enamora lo cosmopolita que es, la variedad de gente, el nivel cultural\u2026<\/span><\/p>\n<\/blockquote>\n<p dir=\"ltr\"><strong><span>\u00bfSue\u00f1as con retirarte, alg\u00fan d\u00eda, del mundanal ruido a alg\u00fan lugar concreto?<\/span><\/strong><\/p>\n<p dir=\"ltr\"><span>Yo hace ya unos meses que me traslad\u00e9 a El Escorial. Viv\u00ed muchos a\u00f1os en el barrio de Huertas, luego en la misma plaza de \u00d3pera, pero lleg\u00f3 un momento en que estaba saturado de gente, de ruido, de no poder pasear a mis perras o yo mismo tranquilamente. Tengo Madrid a tiro de piedra y bajo pr\u00e1cticamente casi todos los d\u00edas, pero necesitaba ese cambio que creo que te van dando la edad y la profesi\u00f3n. Son muchos a\u00f1os siendo conocido y, bueno, siempre que bajas a la calle pues est\u00e1s con la alarma puesta y con la sonrisa, aunque haya d\u00edas en que no te sale. As\u00ed que decid\u00ed probar a vivir fuera, a ver qu\u00e9 tal me sentaban la sierra, el campo\u2026 <\/span><\/p>\n<p dir=\"ltr\"><strong><span>\u00bfY qu\u00e9 tal te han sentado?<\/span><\/strong><\/p>\n<p dir=\"ltr\"><span>La verdad es que, de momento, estoy feliz aqu\u00ed. Tambi\u00e9n te digo que lo que me gustar\u00eda y, sin duda, alg\u00fan d\u00eda har\u00e9, es irme a vivir a un sitio con mar. No s\u00e9 si ser\u00e1 al sur o a alguno de esos pueblos de la Comunidad Valenciana que te he dicho. Es curioso, porque soy de una ciudad de inside, pero desde bien peque\u00f1o el mar me ha fascinado tanto en verano como en invierno. Me da una calidez y una paz\u2026 \u00a1Alg\u00fan d\u00eda!<\/span><\/p>\n<\/div>\n<aside class=\"add300x600 publi-interior-bot ad-inline ad-container-r2\"\/><\/div>\n\n<p><em> &#8221; Fuentes viajes.nationalgeographic.com.es &#8221; <\/em><\/p>\n","protected":false},"excerpt":{"rendered":"<p>Somos de rutas, no de rutinas. Descubre Viajes Nationwide Geographic SABER M\u00c1S Modelo 77 es m\u00e1s que una historia carcelaria. Es un ejemplo de solidaridad y lucha: la de los presos de la COPEL. \u00bfQu\u00e9 sab\u00edas de este colectivo antes de la pel\u00edcula? Pues la verdad es que poco. En aquella \u00e9poca yo period peque\u00f1o [&hellip;]<\/p>\n","protected":false},"author":4,"featured_media":392223,"comment_status":"open","ping_status":"closed","sticky":false,"template":"","format":"standard","meta":{"om_disable_all_campaigns":false,"jnews-multi-image_gallery":[],"jnews_single_post":[],"jnews_primary_category":[],"jnews_social_meta":[],"footnotes":""},"categories":[39],"tags":[47258,47257],"class_list":["post-392222","post","type-post","status-publish","format-standard","has-post-thumbnail","hentry","category-viajes","tag-cargado-desde-el-fichero-de-recursos","tag-keywords-por-defecto"],"_links":{"self":[{"href":"https:\/\/dimensionturistica.com\/es\/wp-json\/wp\/v2\/posts\/392222","targetHints":{"allow":["GET"]}}],"collection":[{"href":"https:\/\/dimensionturistica.com\/es\/wp-json\/wp\/v2\/posts"}],"about":[{"href":"https:\/\/dimensionturistica.com\/es\/wp-json\/wp\/v2\/types\/post"}],"author":[{"embeddable":true,"href":"https:\/\/dimensionturistica.com\/es\/wp-json\/wp\/v2\/users\/4"}],"replies":[{"embeddable":true,"href":"https:\/\/dimensionturistica.com\/es\/wp-json\/wp\/v2\/comments?post=392222"}],"version-history":[{"count":0,"href":"https:\/\/dimensionturistica.com\/es\/wp-json\/wp\/v2\/posts\/392222\/revisions"}],"wp:featuredmedia":[{"embeddable":true,"href":"https:\/\/dimensionturistica.com\/es\/wp-json\/wp\/v2\/media\/392223"}],"wp:attachment":[{"href":"https:\/\/dimensionturistica.com\/es\/wp-json\/wp\/v2\/media?parent=392222"}],"wp:term":[{"taxonomy":"category","embeddable":true,"href":"https:\/\/dimensionturistica.com\/es\/wp-json\/wp\/v2\/categories?post=392222"},{"taxonomy":"post_tag","embeddable":true,"href":"https:\/\/dimensionturistica.com\/es\/wp-json\/wp\/v2\/tags?post=392222"}],"curies":[{"name":"wp","href":"https:\/\/api.w.org\/{rel}","templated":true}]}}