{"id":392031,"date":"2022-09-23T00:36:44","date_gmt":"2022-09-23T00:36:44","guid":{"rendered":"https:\/\/dimensionturistica.com\/es\/?p=392031"},"modified":"2022-09-23T00:36:44","modified_gmt":"2022-09-23T00:36:44","slug":"volaris-inicia-operaciones-de-la-ruta-la-paz-aifa","status":"publish","type":"post","link":"https:\/\/dimensionturistica.com\/es\/volaris-inicia-operaciones-de-la-ruta-la-paz-aifa\/","title":{"rendered":"Volaris inicia operaciones de la ruta La Paz-AIFA"},"content":{"rendered":"<p>Volaris, la aerol\u00ednea de ultra bajo costo que opera en M\u00e9xico, Estados Unidos, Centro y<img decoding=\"async\" class=\"size-medium wp-image-392032 alignright\" src=\"https:\/\/dimensionturistica.com\/es\/wp-content\/uploads\/2022\/09\/LAPAZ-300x199.jpg\" alt=\"\" width=\"300\" height=\"199\" srcset=\"https:\/\/dimensionturistica.com\/es\/wp-content\/uploads\/2022\/09\/LAPAZ-300x199.jpg 300w, https:\/\/dimensionturistica.com\/es\/wp-content\/uploads\/2022\/09\/LAPAZ.jpg 474w\" sizes=\"(max-width: 300px) 100vw, 300px\" \/> Sudam\u00e9rica, inici\u00f3 operaciones de la nueva ruta desde el Aeropuerto Internacional Felipe \u00c1ngeles a La Paz.<br \/>\nDe acuerdo con la Secretar\u00eda de Turismo y Econom\u00eda de Baja California, 2022 ha sido un gran a\u00f1o para el turismo, ya que, en comparativa con las cifras previas a la pandemia, las estad\u00edsticas muestran un incremento del 120 por ciento, en la visita de pasajeros v\u00eda a\u00e9rea. De enero a julio de este a\u00f1o La Paz ha registrado m\u00e1s de 350 mil visitantes que arribaron al Aeropuerto Internacional de La Paz.<br \/>\n\u201cExpresamos nuestro agradecimiento a quienes hacen posible el crecimiento del turismo en el estado, gracias a su trabajo, esta nueva conexi\u00f3n diversifica y fortalece la conectividad a\u00e9rea de la entidad a nivel nacional\u201d coment\u00f3 Maribel Collins, secretaria de turismo y econom\u00eda del gobierno de Baja California Sur.<br \/>\nCon esta apertura, Volaris se consolida como la aerol\u00ednea que ofrece mayor n\u00famero de asientos y rutas desde La Paz, con ocho destinos nacionales: Culiac\u00e1n (CUL), Guadalajara (GDL), Ciudad de M\u00e9xico (MEX), Puerto Vallarta (PVR), Los Cabos (SDJ), Tijuana (TIJ), Toluca (TLC) y ahora, Ciudad de M\u00e9xico (AIFA).<br \/>\n\u201cEl inicio de operaciones de la ruta AIFA-La Paz representa un incremento en nuestra oferta de<img decoding=\"async\" class=\"alignnone size-medium wp-image-392033\" src=\"https:\/\/dimensionturistica.com\/es\/wp-content\/uploads\/2022\/09\/AIFA-300x200.jpg\" alt=\"\" width=\"300\" height=\"200\" srcset=\"https:\/\/dimensionturistica.com\/es\/wp-content\/uploads\/2022\/09\/AIFA-300x200.jpg 300w, https:\/\/dimensionturistica.com\/es\/wp-content\/uploads\/2022\/09\/AIFA-1024x683.jpg 1024w, https:\/\/dimensionturistica.com\/es\/wp-content\/uploads\/2022\/09\/AIFA-768x512.jpg 768w, https:\/\/dimensionturistica.com\/es\/wp-content\/uploads\/2022\/09\/AIFA-750x500.jpg 750w, https:\/\/dimensionturistica.com\/es\/wp-content\/uploads\/2022\/09\/AIFA-1140x760.jpg 1140w, https:\/\/dimensionturistica.com\/es\/wp-content\/uploads\/2022\/09\/AIFA.jpg 1500w\" sizes=\"(max-width: 300px) 100vw, 300px\" \/> rutas y asientos desde este aeropuerto, con 11 destinos nacionales. Adem\u00e1s, esta apertura nos permitir\u00e1 atender un mercado potencial de m\u00e1s de 400 mil pasajeros que arriban v\u00eda a\u00e9rea a este destino\u201d, se\u00f1al\u00f3 Omar Carrera, director comercial de Volaris.<br \/>\nEn a\u00f1os recientes, con el aumento notable de los visitantes a la ciudad de La Paz, se ha convertido en un destino tur\u00edstico de visita obligada para turistas nacionales. En 2021, la reactivaci\u00f3n de los eventos deportivos y culturales de renombre internacional como el Festival Internacional de Cine La Paz ha contribuido a la recuperaci\u00f3n tur\u00edstica de la entidad.<br \/>\nLos interesados en experimentar esta nueva ruta pueden hacerlo, en los siguientes itinerarios:<br \/>\nLa Paz\u2013AIFA<br \/>\nInicio de operaciones: viernes 16 de septiembre 2022<br \/>\nFrecuencia: martes, jueves y s\u00e1bado<br \/>\nSaliendo de AIFA a las 16:04 hrs., llegando a La Paz a las 17:15 hrs.<br \/>\nSaliendo de La Paz a las 17:57 hrs., llegando a AIFA a las 21:04 hrs.<\/p>\n","protected":false},"excerpt":{"rendered":"<p>Volaris, la aerol\u00ednea de ultra bajo costo que opera en M\u00e9xico, Estados Unidos, Centro y Sudam\u00e9rica, inici\u00f3 operaciones de la nueva ruta desde el Aeropuerto Internacional Felipe \u00c1ngeles a La Paz. De acuerdo con la Secretar\u00eda de Turismo y Econom\u00eda de Baja California, 2022 ha sido un gran a\u00f1o para el turismo, ya que, en [&hellip;]<\/p>\n","protected":false},"author":1,"featured_media":392034,"comment_status":"open","ping_status":"closed","sticky":false,"template":"","format":"standard","meta":{"om_disable_all_campaigns":false,"jnews-multi-image_gallery":[],"jnews_single_post":{"source_name":"","source_url":"","via_name":"","via_url":"","override_template":"0","override":[{"template":"1","single_blog_custom":"","parallax":"1","fullscreen":"1","layout":"right-sidebar","sidebar":"default-sidebar","second_sidebar":"default-sidebar","sticky_sidebar":"1","share_position":"top","share_float_style":"share-monocrhome","show_share_counter":"1","show_view_counter":"1","show_featured":"1","show_post_meta":"1","show_post_author":"1","show_post_author_image":"1","show_post_date":"1","post_date_format":"default","post_date_format_custom":"Y\/m\/d","show_post_category":"1","show_post_reading_time":"0","post_reading_time_wpm":"300","show_zoom_button":"0","zoom_button_out_step":"2","zoom_button_in_step":"3","show_post_tag":"1","show_prev_next_post":"1","show_popup_post":"1","number_popup_post":"1","show_author_box":"0","show_post_related":"0","show_inline_post_related":"0"}],"override_image_size":"0","image_override":[{"single_post_thumbnail_size":"crop-500","single_post_gallery_size":"crop-500"}],"trending_post":"0","trending_post_position":"meta","trending_post_label":"Trending","sponsored_post":"0","sponsored_post_label":"Sponsored by","sponsored_post_name":"","sponsored_post_url":"","sponsored_post_logo_enable":"0","sponsored_post_logo":"","sponsored_post_desc":"","disable_ad":"0"},"jnews_primary_category":{"id":""},"jnews_social_meta":{"fb_title":"","fb_description":"","fb_image":"","twitter_title":"","twitter_description":"","twitter_image":""},"footnotes":""},"categories":[39],"tags":[],"class_list":["post-392031","post","type-post","status-publish","format-standard","has-post-thumbnail","hentry","category-viajes"],"_links":{"self":[{"href":"https:\/\/dimensionturistica.com\/es\/wp-json\/wp\/v2\/posts\/392031","targetHints":{"allow":["GET"]}}],"collection":[{"href":"https:\/\/dimensionturistica.com\/es\/wp-json\/wp\/v2\/posts"}],"about":[{"href":"https:\/\/dimensionturistica.com\/es\/wp-json\/wp\/v2\/types\/post"}],"author":[{"embeddable":true,"href":"https:\/\/dimensionturistica.com\/es\/wp-json\/wp\/v2\/users\/1"}],"replies":[{"embeddable":true,"href":"https:\/\/dimensionturistica.com\/es\/wp-json\/wp\/v2\/comments?post=392031"}],"version-history":[{"count":0,"href":"https:\/\/dimensionturistica.com\/es\/wp-json\/wp\/v2\/posts\/392031\/revisions"}],"wp:featuredmedia":[{"embeddable":true,"href":"https:\/\/dimensionturistica.com\/es\/wp-json\/wp\/v2\/media\/392034"}],"wp:attachment":[{"href":"https:\/\/dimensionturistica.com\/es\/wp-json\/wp\/v2\/media?parent=392031"}],"wp:term":[{"taxonomy":"category","embeddable":true,"href":"https:\/\/dimensionturistica.com\/es\/wp-json\/wp\/v2\/categories?post=392031"},{"taxonomy":"post_tag","embeddable":true,"href":"https:\/\/dimensionturistica.com\/es\/wp-json\/wp\/v2\/tags?post=392031"}],"curies":[{"name":"wp","href":"https:\/\/api.w.org\/{rel}","templated":true}]}}