{"id":391623,"date":"2022-09-22T11:54:48","date_gmt":"2022-09-22T11:54:48","guid":{"rendered":"https:\/\/dimensionturistica.com\/es\/?p=391623"},"modified":"2022-09-22T11:54:49","modified_gmt":"2022-09-22T11:54:49","slug":"frank-rubio-primer-astronauta-de-origen-salvadoreno-en-viajar-al-espacio","status":"publish","type":"post","link":"https:\/\/dimensionturistica.com\/es\/frank-rubio-primer-astronauta-de-origen-salvadoreno-en-viajar-al-espacio\/","title":{"rendered":"Frank Rubio, primer astronauta de origen salvadore\u00f1o en viajar al espacio"},"content":{"rendered":"<p> <br \/>\n<\/p>\n<div>\n<p>El lanzamiento este mi\u00e9rcoles desde Kazajist\u00e1n la c\u00e1psula Soyuz se vivi\u00f3 de manera muy especial desde El Salvador. No es para menos, ya que en el inside de la c\u00e1psula estaba <strong>Frank Rubio<\/strong>, el primer astronauta de origen salvadore\u00f1o en viajar al espacio. <strong>Myrna Argueta<\/strong>, madre de Rubio, no pod\u00eda ni quer\u00eda ocultar su emoci\u00f3n<\/p>\n<p>&#8220;A m\u00ed me llena de mucho orgullo ser salvadore\u00f1a&#8221;, dec\u00eda Argueta, &#8220;y que mi hijo diga que se siente orgulloso de representar a El Salvador&#8221;.<\/p>\n<p>Rubio, m\u00e9dico y exparacaidista del Ej\u00e9rcito en Miami, es de nacionalidad estadounidense, si bien, de madre salvadore\u00f1a, se cri\u00f3 en este pa\u00eds, como bien explica \u00e9l mismo con un acento muy explicit:<\/p>\n<p>&#8220;Aunque nac\u00ed en Los \u00c1ngeles, pas\u00e9 mis primeros seis a\u00f1os en El Salvador&#8221;, explicaba Rubio. &#8220;Mis primeras memorias son de El Salvador, y por eso para m\u00ed es un gran orgullo representar al pueblo salvadore\u00f1o&#8221;.  <\/p>\n<p>La c\u00e1psula Soyuz se puso en \u00f3rbita desde Kazajist\u00e1n y se acerc\u00f3 a la Estaci\u00f3n Espacial Internacional apenas tres horas despu\u00e9s. Se acopl\u00f3 a las 17:07 GMT al m\u00f3dulo ruso Rassvet de la ISS en lo que la NASA calific\u00f3 de &#8220;vuelo perfecto&#8221;.<\/p>\n<p>Se trata de la primera misi\u00f3n espacial de Rubio desde que se convirti\u00f3 en astronauta en 2017. Durante cinco a\u00f1os se prepar\u00f3 para volar al espacio, centr\u00e1ndose en los \u00faltimos dos en esta misi\u00f3n en concreto. Para ello, ha volado en un avi\u00f3n supers\u00f3nico T-38 de forma common, entrenando tambi\u00e9n en m\u00e1quinas centr\u00edfugas rusas y estadounidenses.<\/p>\n<p>Rubio Estar\u00e1 en la estaci\u00f3n por espacio de al menos seis meses, junto a los rusos <strong>Sergey Prokopyev<\/strong> y <strong>Dmitri Petelin<\/strong>.  <\/p>\n<p>La operaci\u00f3n supone adem\u00e1s la reanudaci\u00f3n de los viajes compartidos entre Estados Unidos y Rusia, en medio de las m\u00e1s que deterioradas relaciones que ambos pa\u00edses tienen en tierra.<\/p>\n<\/div>\n\n<p><em> &#8221; Fuentes es.euronews.com &#8221; <\/em><\/p>\n","protected":false},"excerpt":{"rendered":"<p>El lanzamiento este mi\u00e9rcoles desde Kazajist\u00e1n la c\u00e1psula Soyuz se vivi\u00f3 de manera muy especial desde El Salvador. No es para menos, ya que en el inside de la c\u00e1psula estaba Frank Rubio, el primer astronauta de origen salvadore\u00f1o en viajar al espacio. Myrna Argueta, madre de Rubio, no pod\u00eda ni quer\u00eda ocultar su emoci\u00f3n [&hellip;]<\/p>\n","protected":false},"author":4,"featured_media":391624,"comment_status":"open","ping_status":"closed","sticky":false,"template":"","format":"standard","meta":{"om_disable_all_campaigns":false,"jnews-multi-image_gallery":[],"jnews_single_post":[],"jnews_primary_category":[],"jnews_social_meta":[],"footnotes":""},"categories":[39],"tags":[6193,2839,2333],"class_list":["post-391623","post","type-post","status-publish","format-standard","has-post-thumbnail","hentry","category-viajes","tag-el-salvador","tag-espacio","tag-nasa"],"_links":{"self":[{"href":"https:\/\/dimensionturistica.com\/es\/wp-json\/wp\/v2\/posts\/391623","targetHints":{"allow":["GET"]}}],"collection":[{"href":"https:\/\/dimensionturistica.com\/es\/wp-json\/wp\/v2\/posts"}],"about":[{"href":"https:\/\/dimensionturistica.com\/es\/wp-json\/wp\/v2\/types\/post"}],"author":[{"embeddable":true,"href":"https:\/\/dimensionturistica.com\/es\/wp-json\/wp\/v2\/users\/4"}],"replies":[{"embeddable":true,"href":"https:\/\/dimensionturistica.com\/es\/wp-json\/wp\/v2\/comments?post=391623"}],"version-history":[{"count":0,"href":"https:\/\/dimensionturistica.com\/es\/wp-json\/wp\/v2\/posts\/391623\/revisions"}],"wp:featuredmedia":[{"embeddable":true,"href":"https:\/\/dimensionturistica.com\/es\/wp-json\/wp\/v2\/media\/391624"}],"wp:attachment":[{"href":"https:\/\/dimensionturistica.com\/es\/wp-json\/wp\/v2\/media?parent=391623"}],"wp:term":[{"taxonomy":"category","embeddable":true,"href":"https:\/\/dimensionturistica.com\/es\/wp-json\/wp\/v2\/categories?post=391623"},{"taxonomy":"post_tag","embeddable":true,"href":"https:\/\/dimensionturistica.com\/es\/wp-json\/wp\/v2\/tags?post=391623"}],"curies":[{"name":"wp","href":"https:\/\/api.w.org\/{rel}","templated":true}]}}