{"id":391317,"date":"2022-09-22T00:08:30","date_gmt":"2022-09-22T00:08:30","guid":{"rendered":"https:\/\/dimensionturistica.com\/es\/?p=391317"},"modified":"2022-09-22T00:08:30","modified_gmt":"2022-09-22T00:08:30","slug":"destacan-ciudades-patrimonio-de-mexico-en-congreso-de-canada","status":"publish","type":"post","link":"https:\/\/dimensionturistica.com\/es\/destacan-ciudades-patrimonio-de-mexico-en-congreso-de-canada\/","title":{"rendered":"Destacan Ciudades Patrimonio de M\u00e9xico en Congreso de Canad\u00e1"},"content":{"rendered":"<p> <br \/>\n<\/p>\n<div>\n<p><strong>M\u00e9xico<\/strong>.- Durante el d\u00e9cimo sexto <strong>Congreso Mundial de la Organizaci\u00f3n de Ciudades del Patrimonio<\/strong> Mundial, se destacaron las <strong>Ciudades Patrimonio de M\u00e9xico, <\/strong>como parte de las<strong> 235 plazas de vocaci\u00f3n<\/strong> <a rel=\"nofollow noopener\" target=\"_blank\" href=\"https:\/\/www.debate.com.mx\/turismo-t697808\">tur\u00edstica c<\/a>on que cuenta el pa\u00eds.<\/p>\n<p>El Congreso se llev\u00f3 a cabo del<strong> 6 al 9 de septiembre <\/strong>en el Centro de Congresos de<strong> Quebec, Canad\u00e1<\/strong>, y su tema central fue<strong> \u201cMejorar la calidad de vida<\/strong> en las Ciudades del Patrimonio Mundial\u201d.\u00a0<\/p>\n<p>Durante estos d\u00edas, se realiz\u00f3 un evento privado en el que la comitiva de M\u00e9xico present\u00f3 a touroperadores y agentes de viajes canadienses los<strong> productos tur\u00edsticos<\/strong> que ofrecen las ciudades mexicanas inscritas en la lista de Patrimonio Mundial.<\/p>\n<p>En su oportunidad, el c\u00f3nsul normal de M\u00e9xico en<a rel=\"nofollow noopener\" target=\"_blank\" href=\"https:\/\/www.debate.com.mx\/seccion\/mundo\/\"> Montreal<\/a>,<strong> Alejandro Ives Estivill Castro, <\/strong>resalt\u00f3 el papel que juega el sello de \u201c<strong>Patrimonio Mundial&#8221;<\/strong> que poseen estas ciudades.<\/p>\n<p><strong>Te recomendamos leer:\u00a0<\/strong><\/p>\n<p>M\u00e9xico ha tenido una destacada participaci\u00f3n en las pasadas ediciones de los Congresos de la OCPM, siendo las m\u00e1s recientes en<strong> Cracovia, Polonia, y en Gyeongju, Corea.<\/strong><\/p>\n<p>Actualmente, <strong>260 ciudade<\/strong>s o Centros Hist\u00f3ricos alrededor del mundo se encuentran en la lista del <strong>Patrimonio Mundial<\/strong> dentro del rubro de<strong> \u201cBienes Culturales\u201d <\/strong>por su valor excepcional.\u00a0<\/p>\n<p><strong>El secretario de Turismo<\/strong> del Gobierno de M\u00e9xico, <strong>Miguel Torruco Marqu\u00e9<\/strong>s, destac\u00f3 que las Ciudades Patrimonio de M\u00e9xico forman parte de los 35 sitios catalogados por la <strong>UNESCO e<\/strong>n nuestro pa\u00eds, y que integran la oferta de la<strong>s 235 plazas de vocaci\u00f3n tur\u00edstica.\u00a0<\/strong><\/p>\n<p>Indic\u00f3 que Sectur trabaja en la diversificaci\u00f3n de la actividad tur\u00edstica con el prop\u00f3sito de que la derrama econ\u00f3mica permee hacia las comunidades y la poblaci\u00f3n de destinos como las<a rel=\"nofollow noopener\" target=\"_blank\" href=\"https:\/\/www.debate.com.mx\/pueblos-magicos-t699395\"> Ciudades Patrimonio.<\/a><\/p>\n<div class=\"ck-video-player\">\n <amp-iframe width=\"640\" height=\"360\" sandbox=\"allow-scripts allow-same-origin allow-presentation\" allowfullscreen=\"\" frameborder=\"0\" layout=\"responsive\" src=\"https:\/\/iframe.debate.com.mx\/ajax\/get_share_video.html?id=\/videos\/video-flash\/2022\/08\/31\/300284611_3444869969123730_8041080354776369234_n.mp4\"><br \/>\n  <amp-img src=\"https:\/\/www.debate.com.mx\/img\/2022\/08\/31\/tuax_profeco.jpg\" layout=\"fill\" placeholder=\"\"\/><br \/>\n <\/amp-iframe><figcaption>\n   Profeco te explica el cobro de TUA en la compra de un boleto de avi\u00f3n<br \/>\n <\/figcaption><\/div>\n<\/div>\n\n<p><em> &#8221; Fuentes www.debate.com.mx &#8221; <\/em><\/p>\n","protected":false},"excerpt":{"rendered":"<p>M\u00e9xico.- Durante el d\u00e9cimo sexto Congreso Mundial de la Organizaci\u00f3n de Ciudades del Patrimonio Mundial, se destacaron las Ciudades Patrimonio de M\u00e9xico, como parte de las 235 plazas de vocaci\u00f3n tur\u00edstica con que cuenta el pa\u00eds. El Congreso se llev\u00f3 a cabo del 6 al 9 de septiembre en el Centro de Congresos de Quebec, [&hellip;]<\/p>\n","protected":false},"author":4,"featured_media":391318,"comment_status":"open","ping_status":"closed","sticky":false,"template":"","format":"standard","meta":{"om_disable_all_campaigns":false,"jnews-multi-image_gallery":[],"jnews_single_post":[],"jnews_primary_category":[],"jnews_social_meta":[],"footnotes":""},"categories":[40],"tags":[72,19208,544],"class_list":["post-391317","post","type-post","status-publish","format-standard","has-post-thumbnail","hentry","category-industria","tag-canada","tag-patrimonio-de-la-humanidad","tag-turismo"],"_links":{"self":[{"href":"https:\/\/dimensionturistica.com\/es\/wp-json\/wp\/v2\/posts\/391317","targetHints":{"allow":["GET"]}}],"collection":[{"href":"https:\/\/dimensionturistica.com\/es\/wp-json\/wp\/v2\/posts"}],"about":[{"href":"https:\/\/dimensionturistica.com\/es\/wp-json\/wp\/v2\/types\/post"}],"author":[{"embeddable":true,"href":"https:\/\/dimensionturistica.com\/es\/wp-json\/wp\/v2\/users\/4"}],"replies":[{"embeddable":true,"href":"https:\/\/dimensionturistica.com\/es\/wp-json\/wp\/v2\/comments?post=391317"}],"version-history":[{"count":0,"href":"https:\/\/dimensionturistica.com\/es\/wp-json\/wp\/v2\/posts\/391317\/revisions"}],"wp:featuredmedia":[{"embeddable":true,"href":"https:\/\/dimensionturistica.com\/es\/wp-json\/wp\/v2\/media\/391318"}],"wp:attachment":[{"href":"https:\/\/dimensionturistica.com\/es\/wp-json\/wp\/v2\/media?parent=391317"}],"wp:term":[{"taxonomy":"category","embeddable":true,"href":"https:\/\/dimensionturistica.com\/es\/wp-json\/wp\/v2\/categories?post=391317"},{"taxonomy":"post_tag","embeddable":true,"href":"https:\/\/dimensionturistica.com\/es\/wp-json\/wp\/v2\/tags?post=391317"}],"curies":[{"name":"wp","href":"https:\/\/api.w.org\/{rel}","templated":true}]}}