{"id":391274,"date":"2022-09-21T22:38:51","date_gmt":"2022-09-21T22:38:51","guid":{"rendered":"https:\/\/dimensionturistica.com\/es\/?p=391274"},"modified":"2022-09-21T22:38:51","modified_gmt":"2022-09-21T22:38:51","slug":"catamarca-presentara-su-oferta-turistica-en-la-fit-2022","status":"publish","type":"post","link":"https:\/\/dimensionturistica.com\/es\/catamarca-presentara-su-oferta-turistica-en-la-fit-2022\/","title":{"rendered":"Catamarca presentar\u00e1 su oferta tur\u00edstica en la FIT 2022"},"content":{"rendered":"<p> <br \/>\n<\/p>\n<div>\n<div class=\"fecha-movil\">\n<p>\n<span class=\"dia\">mi\u00e9rcoles, 21 de septiembre de 2022<\/span><br \/>\n<span class=\"brand-circle\"\/><br \/>\n<span class=\"hora\">19:20<\/span>\n<\/p>\n<\/div>\n<p>El Ministerio de Turismo, Cultura y Deporte de la provincia, junto a 16 municipios e instituciones vinculadas al sector tur\u00edstico, participar\u00e1n en la Feria Internacional de Turismo de Am\u00e9rica Latina (FIT), que se realizar\u00e1 del 1 al 4 de octubre en el Predio de La Rural, en Buenos Aires.<br \/>Los municipios que presentar\u00e1n sus atractivos naturales y culturales ser\u00e1n de la Puna (Antofagasta de la Sierra), de la Regi\u00f3n Oeste (Aconquija, Andalgal\u00e1, Bel\u00e9n, La Puerta de San Jos\u00e9, San Fernando, Santa Mar\u00eda, San Jos\u00e9, Tinogasta, Fiambal\u00e1), Regi\u00f3n Centro y Capital (San Fernando del Valle de Catamarca, Valle Viejo, Las Juntas, Pacl\u00edn), y Regi\u00f3n Este (Ancasti, Los Altos). \u00a0<br \/>Tambi\u00e9n estar\u00e1n presentes las instituciones intermedias (AAVYTCA, AGTUR, FEHGRA, UTHGRA) y el sector privado de la provincia.<br \/>El espacio de Catamarca en el stand del Norte Argentino estar\u00e1 coordinado por el equipo de la Secretar\u00eda de Gesti\u00f3n Tur\u00edstica, con apoyo de estudiantes de carreras afines de los IES \u00a0(Andalgal\u00e1, Bel\u00e9n, Santa Mar\u00eda, Tinogasta y Capital), y recursos humanos del Plan de Becas \u201cCatamarca Incluye\u201d.<br \/>La Feria Internacional de Turismo de Am\u00e9rica Latina est\u00e1 posicionada a nivel internacional como uno de los eventos promocionales m\u00e1s importantes del sector tur\u00edstico. Convoca, por un lado, a los distintos sectores vinculados a la industria tur\u00edstica y, tambi\u00e9n, tiene dos d\u00edas destinados al gran p\u00fablico, donde cada destino ofrece su oferta de atractivos.<\/p>\n<\/div>\n<p><script>\n      window.fbAsyncInit = function() {\n        FB.init({\n          appId      : '{156514237751510}',\n          status     : true,\n\t\t  version:  'v2.7',\n          xfbml      : true\n        });\nFB.Event.subscribe('comment.create', function (response) {grabacom_compa(449657)});\t\nFB.Event.subscribe('comment.remove',  function (response) {grabacom_compa(449657)});\t\nFB.Event.subscribe('edge.create',  function (response) {grabacom_compa(449657)});\nFB.Event.subscribe('edge.remove',  function (response) {grabacom_compa(449657)});\n      };\n(function(d, s, id) {\n  var js, fjs = d.getElementsByTagName(s)[0];\n  if (d.getElementById(id)) return;\n  js = d.createElement(s); js.id = id;\n  js.src = \"\/\/connect.facebook.net\/es_LA\/sdk.js#xfbml=1&version=v2.7&appId=156514237751510\";\n  fjs.parentNode.insertBefore(js, fjs);\n}(document, 'script', 'facebook-jssdk'));\n    <\/script><br \/>\n<br \/><\/p>\n<p><em> &#8221; Fuentes www.elesquiu.com &#8221; <\/em><\/p>\n","protected":false},"excerpt":{"rendered":"<p>mi\u00e9rcoles, 21 de septiembre de 2022 19:20 El Ministerio de Turismo, Cultura y Deporte de la provincia, junto a 16 municipios e instituciones vinculadas al sector tur\u00edstico, participar\u00e1n en la Feria Internacional de Turismo de Am\u00e9rica Latina (FIT), que se realizar\u00e1 del 1 al 4 de octubre en el Predio de La Rural, en Buenos [&hellip;]<\/p>\n","protected":false},"author":4,"featured_media":391275,"comment_status":"open","ping_status":"closed","sticky":false,"template":"","format":"standard","meta":{"om_disable_all_campaigns":false,"jnews-multi-image_gallery":[],"jnews_single_post":[],"jnews_primary_category":[],"jnews_social_meta":[],"footnotes":""},"categories":[40],"tags":[557,2109],"class_list":["post-391274","post","type-post","status-publish","format-standard","has-post-thumbnail","hentry","category-industria","tag-buenos-aires","tag-catamarca"],"_links":{"self":[{"href":"https:\/\/dimensionturistica.com\/es\/wp-json\/wp\/v2\/posts\/391274","targetHints":{"allow":["GET"]}}],"collection":[{"href":"https:\/\/dimensionturistica.com\/es\/wp-json\/wp\/v2\/posts"}],"about":[{"href":"https:\/\/dimensionturistica.com\/es\/wp-json\/wp\/v2\/types\/post"}],"author":[{"embeddable":true,"href":"https:\/\/dimensionturistica.com\/es\/wp-json\/wp\/v2\/users\/4"}],"replies":[{"embeddable":true,"href":"https:\/\/dimensionturistica.com\/es\/wp-json\/wp\/v2\/comments?post=391274"}],"version-history":[{"count":0,"href":"https:\/\/dimensionturistica.com\/es\/wp-json\/wp\/v2\/posts\/391274\/revisions"}],"wp:featuredmedia":[{"embeddable":true,"href":"https:\/\/dimensionturistica.com\/es\/wp-json\/wp\/v2\/media\/391275"}],"wp:attachment":[{"href":"https:\/\/dimensionturistica.com\/es\/wp-json\/wp\/v2\/media?parent=391274"}],"wp:term":[{"taxonomy":"category","embeddable":true,"href":"https:\/\/dimensionturistica.com\/es\/wp-json\/wp\/v2\/categories?post=391274"},{"taxonomy":"post_tag","embeddable":true,"href":"https:\/\/dimensionturistica.com\/es\/wp-json\/wp\/v2\/tags?post=391274"}],"curies":[{"name":"wp","href":"https:\/\/api.w.org\/{rel}","templated":true}]}}