{"id":391155,"date":"2022-09-21T18:53:18","date_gmt":"2022-09-21T18:53:18","guid":{"rendered":"https:\/\/dimensionturistica.com\/es\/?p=391155"},"modified":"2022-09-21T18:53:19","modified_gmt":"2022-09-21T18:53:19","slug":"guia-de-los-destinos-y-fechas","status":"publish","type":"post","link":"https:\/\/dimensionturistica.com\/es\/guia-de-los-destinos-y-fechas\/","title":{"rendered":"gu\u00eda de los destinos y fechas"},"content":{"rendered":"<p> <br \/>\n<\/p>\n<div id=\"body001-1162339\">\n<p>Uno de los sue\u00f1os de la jubilaci\u00f3n es tener tiempo para viajar. Para facilitarlo, el IMSERSO organiza los conocidos viajes grupales que cuentan con precios especiales.<\/p>\n<p>Desde este jueves 22 de septiembre, ya est\u00e1n disponibles las reservas, de modo que los jubilados gallegos podr\u00e1n empezar a planificar sus viajes.<\/p>\n<p>Estos paquetes vacacionales se pueden consultar en muchas agencias de viajes o a trav\u00e9s de la propia p\u00e1gina internet del IMSERSO, as\u00ed como las dos comercializadoras oficiales.<\/p>\n<h2>Documentaci\u00f3n<\/h2>\n<p>Estos viajes se pueden adquirir tanto de forma presencial como telem\u00e1tica. Y lo b\u00e1sico es presentar el DNI para cualquiera de los dos tr\u00e1mites. Sin embargo, para hacerlo a trav\u00e9s de la p\u00e1gina internet es necesario contar con la clave que aparece en la carta de acreditaci\u00f3n que debe haber llegado por correo postal.<\/p>\n<h2>Destinos<\/h2>\n<p>Los destinos son variados, sobre todo, en funci\u00f3n del origen. Desde Galicia, se puede viajar a Andaluc\u00eda, Baleares, Canarias, Catalu\u00f1a, Comunidad Valenciana y Murcia. Pero, concretamente desde Ourense estos son los destinos a los que se puede llegar en autob\u00fas (seis d\u00edas por 272,71 euros):<\/p>\n<p><strong>6 de noviembre | Palencia.<\/strong><\/p>\n<p><strong>16 de enero | Jerez.<\/strong><\/p>\n<p><strong>26 de enero | Zamora.<\/strong><\/p>\n<p><strong>3 de febrero | Albolote (Granada).<\/strong><\/p>\n<p><strong>13 de febrero | Villagonzalo (Burgos).<\/strong><\/p>\n<p><strong>18 de febrero | Castelldefels.<\/strong><\/p>\n<p><strong>23 de febrero\u00a0| Valladolid.<\/strong><\/p>\n<p><strong>26 de febrero\u00a0| S. Marta De Tormes (Salamanca).<\/strong><\/p>\n<p><strong>10 de marzo\u00a0| Burgos.<\/strong><\/p>\n<p><strong>12 de marzo | Segovia.<\/strong><\/p>\n<p><strong>14 de marzo | Gij\u00f3n (Asturias).<\/strong><\/p>\n<p><strong>17 de marzo | Salou (Tarragona).<\/strong><\/p>\n<p><strong>19 de marzo | Suances (Cantabria).<\/strong><\/p>\n<p><strong>9 de abril |\u00a0Mogarraz (Salamanca).<\/strong><\/p>\n<p><strong>10 de abril |\u00a0Palencia.<\/strong><\/p>\n<p><strong>23 de abril |\u00a0Torrelavega (Cantabria).<\/strong><\/p>\n<p><strong>25 de abril |\u00a0Valladolid.<\/strong><\/p>\n<h2>Destinos sin transporte de 2022<\/h2>\n<p>Hay muchos otros destinos que no incluyen transporte pero que ofrecen cuatro d\u00edas de viaje por 115,98 euros:<\/p>\n<p><strong>Santander:<\/strong> 4, 7, 10, 13, 16, 19,22 y 25 de octubre<\/p>\n<p><strong>Valencia:<\/strong> 12, 15, 18, 21, 24 y 27 de octubre, 8, 11, 14, 17 y 20 de noviembre.<\/p>\n<p><strong>C\u00e1ceres:<\/strong> 16 y 23 de octubre, 1, 6, 13, 20, 23, 27 y 30 de noviembre, 11, 14 y 18 de diciembre.<\/p>\n<p><strong>Salamanca:<\/strong> 19, 25 y 28 de octubre.<\/p>\n<p><strong>Zaragoza:<\/strong> 21 de octubre, 4, 11, 18 y 25 de noviembre, 2, 9 y 16 de diciembre.<\/p>\n<p><strong>Burgos: <\/strong>23, 26 y 30 de octubre, 2, 6, 13, 16, 20 y 30 de noviembre, 2 y 4 de diciembre.<\/p>\n<p><strong>C\u00f3rdoba:<\/strong> 2, 6, 9, 13, 16, 20, 23, 27 y 30 de noviembre, 11 y 14 de diciembre.<\/p>\n<p><strong>Toledo: <\/strong>2, 13, 20, 23, 27 y 30 de noviembre.<\/p>\n<p><strong>Sevilla:<\/strong> 2, 6, 9, 20, 23 y 27 de noviembre.<\/p>\n<\/div>\n<p><script type=\"c4cd53b45dcd273059998413-text\/javascript\">\n  !function(f,b,e,v,n,t,s)\n  {if(f.fbq)return;n=f.fbq=function(){n.callMethod?\n  n.callMethod.apply(n,arguments):n.queue.push(arguments)};\n  if(!f._fbq)f._fbq=n;n.push=n;n.loaded=!0;n.version='2.0';\n  n.queue=[];t=b.createElement(e);t.async=!0;\n  t.src=v;s=b.getElementsByTagName(e)[0];\n  s.parentNode.insertBefore(t,s)}(window, document,'script',\n  'https:\/\/connect.facebook.net\/en_US\/fbevents.js');\n  fbq('init', '461694574688472');\n  fbq('track', 'PageView');\n<\/script><br \/>\n<br \/><\/p>\n<p><em> &#8221; Fuentes www.laregion.es &#8221; <\/em><\/p>\n","protected":false},"excerpt":{"rendered":"<p>Uno de los sue\u00f1os de la jubilaci\u00f3n es tener tiempo para viajar. Para facilitarlo, el IMSERSO organiza los conocidos viajes grupales que cuentan con precios especiales. Desde este jueves 22 de septiembre, ya est\u00e1n disponibles las reservas, de modo que los jubilados gallegos podr\u00e1n empezar a planificar sus viajes. Estos paquetes vacacionales se pueden consultar [&hellip;]<\/p>\n","protected":false},"author":4,"featured_media":391156,"comment_status":"open","ping_status":"closed","sticky":false,"template":"","format":"standard","meta":{"om_disable_all_campaigns":false,"jnews-multi-image_gallery":[],"jnews_single_post":[],"jnews_primary_category":[],"jnews_social_meta":[],"footnotes":""},"categories":[40],"tags":[813,545],"class_list":["post-391155","post","type-post","status-publish","format-standard","has-post-thumbnail","hentry","category-industria","tag-imserso","tag-viajes"],"_links":{"self":[{"href":"https:\/\/dimensionturistica.com\/es\/wp-json\/wp\/v2\/posts\/391155","targetHints":{"allow":["GET"]}}],"collection":[{"href":"https:\/\/dimensionturistica.com\/es\/wp-json\/wp\/v2\/posts"}],"about":[{"href":"https:\/\/dimensionturistica.com\/es\/wp-json\/wp\/v2\/types\/post"}],"author":[{"embeddable":true,"href":"https:\/\/dimensionturistica.com\/es\/wp-json\/wp\/v2\/users\/4"}],"replies":[{"embeddable":true,"href":"https:\/\/dimensionturistica.com\/es\/wp-json\/wp\/v2\/comments?post=391155"}],"version-history":[{"count":0,"href":"https:\/\/dimensionturistica.com\/es\/wp-json\/wp\/v2\/posts\/391155\/revisions"}],"wp:featuredmedia":[{"embeddable":true,"href":"https:\/\/dimensionturistica.com\/es\/wp-json\/wp\/v2\/media\/391156"}],"wp:attachment":[{"href":"https:\/\/dimensionturistica.com\/es\/wp-json\/wp\/v2\/media?parent=391155"}],"wp:term":[{"taxonomy":"category","embeddable":true,"href":"https:\/\/dimensionturistica.com\/es\/wp-json\/wp\/v2\/categories?post=391155"},{"taxonomy":"post_tag","embeddable":true,"href":"https:\/\/dimensionturistica.com\/es\/wp-json\/wp\/v2\/tags?post=391155"}],"curies":[{"name":"wp","href":"https:\/\/api.w.org\/{rel}","templated":true}]}}