{"id":391134,"date":"2022-09-21T19:49:07","date_gmt":"2022-09-21T19:49:07","guid":{"rendered":"https:\/\/dimensionturistica.com\/es\/?p=391134"},"modified":"2022-09-21T19:49:07","modified_gmt":"2022-09-21T19:49:07","slug":"grand-fiesta-americana-oaxaca-es-reconocido-internacionalmente-por-su-arquitectura-y-diseno","status":"publish","type":"post","link":"https:\/\/dimensionturistica.com\/es\/grand-fiesta-americana-oaxaca-es-reconocido-internacionalmente-por-su-arquitectura-y-diseno\/","title":{"rendered":"Grand Fiesta Americana Oaxaca es reconocido internacionalmente por su arquitectura y dise\u00f1o"},"content":{"rendered":"<p><img decoding=\"async\" class=\"size-medium wp-image-391135 alignright\" src=\"https:\/\/dimensionturistica.com\/es\/wp-content\/uploads\/2022\/09\/FA-OAXACA1-300x225.jpg\" alt=\"\" width=\"300\" height=\"225\" srcset=\"https:\/\/dimensionturistica.com\/es\/wp-content\/uploads\/2022\/09\/FA-OAXACA1-300x225.jpg 300w, https:\/\/dimensionturistica.com\/es\/wp-content\/uploads\/2022\/09\/FA-OAXACA1.jpg 450w\" sizes=\"(max-width: 300px) 100vw, 300px\" \/>En el evento de celebraci\u00f3n se cont\u00f3 con la presencia del Mtro. Francisco Mart\u00ednez Neri, Presidente Municipal de Oaxaca; Adriana Vargas Vez, Directora de Promoci\u00f3n tur\u00edstica del Estado de Oaxaca; Lic. Manuel Gal\u00e1n, Director de Operaciones de Posadas; Alfredo Enr\u00edquez Borobia, Director General de Porcelanosa M\u00e9xico.<br \/>\nCon la caracter\u00edstica y c\u00e1lida hospitalidad que distingue a la marca Grand Fiesta Americana, el hotel Grand Fiesta Americana Oaxaca fue reconocido internacionalmente por su arquitectura y dise\u00f1o de interiores al haber recibido el Porcelanosa International Project Award 2022 (PIPA), por sus siglas en ingl\u00e9s. <img decoding=\"async\" class=\"size-medium wp-image-391139 alignright\" src=\"https:\/\/dimensionturistica.com\/es\/wp-content\/uploads\/2022\/09\/FAOAXACA3-300x225.jpg\" alt=\"\" width=\"300\" height=\"225\" srcset=\"https:\/\/dimensionturistica.com\/es\/wp-content\/uploads\/2022\/09\/FAOAXACA3-300x225.jpg 300w, https:\/\/dimensionturistica.com\/es\/wp-content\/uploads\/2022\/09\/FAOAXACA3.jpg 450w\" sizes=\"(max-width: 300px) 100vw, 300px\" \/>En el 2020 el hotel abri\u00f3 sus puertas con el fin de convertirse en un \u00edcono en hospitalidad y para enaltecer a Oaxaca, en cada rinc\u00f3n se representan la cultura e historia oaxaque\u00f1a. Su arquitectura y dise\u00f1o, que reinterpretan la arquitectura tradicional de este destino, est\u00e1n inspirados en los pueblos, zonas arqueol\u00f3gicas y tradiciones zapotecas, entre otras.<br \/>\nLos espacios sublimes de Grand Fiesta Americana Oaxaca destacan por su arquitectura y dise\u00f1o de interiores, siendo reconocidos internacionalmente por el Porcelanosa International Project Award, ganando en la categor\u00eda de sector hotelero.<br \/>\n\u201cEstamos sumamente orgullosos de haber sido reconocidos internacionalmente por esta joya arquitect\u00f3nica. Este premio nos coloca como un referente internacional de la cultura mexicana,<img decoding=\"async\" class=\"size-medium wp-image-391142 alignright\" src=\"https:\/\/dimensionturistica.com\/es\/wp-content\/uploads\/2022\/09\/FAOAXACA7-300x197.jpg\" alt=\"\" width=\"300\" height=\"197\" srcset=\"https:\/\/dimensionturistica.com\/es\/wp-content\/uploads\/2022\/09\/FAOAXACA7-300x197.jpg 300w, https:\/\/dimensionturistica.com\/es\/wp-content\/uploads\/2022\/09\/FAOAXACA7.jpg 450w\" sizes=\"(max-width: 300px) 100vw, 300px\" \/> cada rinc\u00f3n de nuestro hotel representa la historia ancestral oaxaque\u00f1a. Aqu\u00ed nuestros hu\u00e9spedes encontrar\u00e1n una peque\u00f1a muestra de lo mucho que Oaxaca tiene por ofrecer.\u201d Coment\u00f3 Manuel Gal\u00e1n, Director de Operaciones de Posadas.<br \/>\nEl despacho de arquitectos Tres M\u00e1s Dos, dio vida a esta pieza arquitect\u00f3nica que coloca el talento mexicano en la mira internacional. En mayo de 2022, en la 1\u00aa edici\u00f3n de PIPA Awards, presentaron en Mil\u00e1n este proyecto ante un reconocido jurado, conformado por un grupo de notables arquitectos expertos en la materia.<img decoding=\"async\" class=\"size-medium wp-image-391148 alignright\" src=\"https:\/\/dimensionturistica.com\/es\/wp-content\/uploads\/2022\/09\/FAOAXACA12-300x169.jpg\" alt=\"\" width=\"300\" height=\"169\" srcset=\"https:\/\/dimensionturistica.com\/es\/wp-content\/uploads\/2022\/09\/FAOAXACA12-300x169.jpg 300w, https:\/\/dimensionturistica.com\/es\/wp-content\/uploads\/2022\/09\/FAOAXACA12.jpg 450w\" sizes=\"(max-width: 300px) 100vw, 300px\" \/><br \/>\n\u201cQuisimos desarrollar este hotel como un homenaje a Oaxaca, con el objetivo de enaltecer la riqueza cultural de este estado. Las construcciones prehisp\u00e1nicas, coloniales, las zonas arqueol\u00f3gicas y su vibrante artesan\u00eda, fueron fuente de inspiraci\u00f3n para lograr el dise\u00f1o arquitect\u00f3nico e interior del hotel. El d\u00eda de hoy nos enorgullece formar parte de un proyecto que representa la cultura de M\u00e9xico a nivel internacional.\u201d Coment\u00f3 Alejandra Serna Torres, Cofundadora y Directora Creativa del despacho Tres M\u00e1s Dos.<img decoding=\"async\" class=\"size-medium wp-image-391143 alignright\" src=\"https:\/\/dimensionturistica.com\/es\/wp-content\/uploads\/2022\/09\/FAOAXACA9-300x225.jpg\" alt=\"\" width=\"300\" height=\"225\" srcset=\"https:\/\/dimensionturistica.com\/es\/wp-content\/uploads\/2022\/09\/FAOAXACA9-300x225.jpg 300w, https:\/\/dimensionturistica.com\/es\/wp-content\/uploads\/2022\/09\/FAOAXACA9.jpg 450w\" sizes=\"(max-width: 300px) 100vw, 300px\" \/><br \/>\nLa celebraci\u00f3n cont\u00f3 con la presencia del Mtro. Francisco Mart\u00ednez Neri, Presidente Municipal de Oaxaca; Adriana Vargas Vez, Directora de Promoci\u00f3n Tur\u00edstica del Estado de Oaxaca; Lic. Manuel Gal\u00e1n, Director de Operaciones de Posadas y Alfredo Enr\u00edquez Borobia, Director General de Porcelanosa M\u00e9xico.<br \/>\nPorcelanosa Grupo, grupo espa\u00f1ol especializado en la fabricaci\u00f3n y comercializaci\u00f3n de materiales para obras, cre\u00f3 el concurso internacional de arquitectura Porcelanosa International Project Award (PIPA) con el claro objetivo de destacar la creatividad de arquitectos de todo el mundo.<img decoding=\"async\" class=\"size-medium wp-image-391145 alignleft\" src=\"https:\/\/dimensionturistica.com\/es\/wp-content\/uploads\/2022\/09\/FAOAXACA10-300x169.jpg\" alt=\"\" width=\"300\" height=\"169\" srcset=\"https:\/\/dimensionturistica.com\/es\/wp-content\/uploads\/2022\/09\/FAOAXACA10-300x169.jpg 300w, https:\/\/dimensionturistica.com\/es\/wp-content\/uploads\/2022\/09\/FAOAXACA10.jpg 450w\" sizes=\"(max-width: 300px) 100vw, 300px\" \/><br \/>\nEl Director General de Porcelanosa M\u00e9xico, Alfredo Enr\u00edquez Borobia destac\u00f3 que \u201cEl objetivo de estos premios es para promover y apoyar la creatividad de arquitectos de todo el mundo. Entre las cuatro categor\u00edas consideradas, recibimos un total de 123 proyectos, entre los cuales el hotel Grand Fiesta Americana Oaxaca destac\u00f3 como\u00a0ganador en la categor\u00eda de hoteler\u00eda.\u201d<img decoding=\"async\" class=\"size-medium wp-image-391141 alignright\" src=\"https:\/\/dimensionturistica.com\/es\/wp-content\/uploads\/2022\/09\/FAOAXACA6-300x240.jpg\" alt=\"\" width=\"300\" height=\"240\" srcset=\"https:\/\/dimensionturistica.com\/es\/wp-content\/uploads\/2022\/09\/FAOAXACA6-300x240.jpg 300w, https:\/\/dimensionturistica.com\/es\/wp-content\/uploads\/2022\/09\/FAOAXACA6.jpg 450w\" sizes=\"(max-width: 300px) 100vw, 300px\" \/><br \/>\nGrand Fiesta Americana Oaxaca se posiciona como un referente en la cultura oaxaque\u00f1a y mexicana a nivel internacional y este reconocimiento consolida la posici\u00f3n de M\u00e9xico como un destino indispensable, a trav\u00e9s del talento nacional y las culturas ancestrales que siguen vivas. El hotel, orgullosamente resalta en cada esquina el folklore, y las tradiciones entra\u00f1ables, llenas de significado y vibrantes colores, de esta ic\u00f3nica ciudad,<\/p>\n<p>&nbsp;<\/p>\n<p>declarada Patrimonio de la Humanidad por la Unesco desde 1987.<\/p>\n","protected":false},"excerpt":{"rendered":"<p>En el evento de celebraci\u00f3n se cont\u00f3 con la presencia del Mtro. Francisco Mart\u00ednez Neri, Presidente Municipal de Oaxaca; Adriana Vargas Vez, Directora de Promoci\u00f3n tur\u00edstica del Estado de Oaxaca; Lic. Manuel Gal\u00e1n, Director de Operaciones de Posadas; Alfredo Enr\u00edquez Borobia, Director General de Porcelanosa M\u00e9xico. Con la caracter\u00edstica y c\u00e1lida hospitalidad que distingue a [&hellip;]<\/p>\n","protected":false},"author":1,"featured_media":391138,"comment_status":"open","ping_status":"closed","sticky":false,"template":"","format":"standard","meta":{"om_disable_all_campaigns":false,"jnews-multi-image_gallery":[],"jnews_single_post":{"source_name":"","source_url":"","via_name":"","via_url":"","override_template":"0","override":[{"template":"1","single_blog_custom":"","parallax":"1","fullscreen":"1","layout":"right-sidebar","sidebar":"default-sidebar","second_sidebar":"default-sidebar","sticky_sidebar":"1","share_position":"top","share_float_style":"share-monocrhome","show_share_counter":"1","show_view_counter":"1","show_featured":"1","show_post_meta":"1","show_post_author":"1","show_post_author_image":"1","show_post_date":"1","post_date_format":"default","post_date_format_custom":"Y\/m\/d","show_post_category":"1","show_post_reading_time":"0","post_reading_time_wpm":"300","show_zoom_button":"0","zoom_button_out_step":"2","zoom_button_in_step":"3","show_post_tag":"1","show_prev_next_post":"1","show_popup_post":"1","number_popup_post":"1","show_author_box":"0","show_post_related":"0","show_inline_post_related":"0"}],"override_image_size":"0","image_override":[{"single_post_thumbnail_size":"crop-500","single_post_gallery_size":"crop-500"}],"trending_post":"0","trending_post_position":"meta","trending_post_label":"Trending","sponsored_post":"0","sponsored_post_label":"Sponsored by","sponsored_post_name":"","sponsored_post_url":"","sponsored_post_logo_enable":"0","sponsored_post_logo":"","sponsored_post_desc":"","disable_ad":"0"},"jnews_primary_category":{"id":""},"jnews_social_meta":{"fb_title":"","fb_description":"","fb_image":"","twitter_title":"","twitter_description":"","twitter_image":""},"footnotes":""},"categories":[39],"tags":[],"class_list":["post-391134","post","type-post","status-publish","format-standard","has-post-thumbnail","hentry","category-viajes"],"_links":{"self":[{"href":"https:\/\/dimensionturistica.com\/es\/wp-json\/wp\/v2\/posts\/391134","targetHints":{"allow":["GET"]}}],"collection":[{"href":"https:\/\/dimensionturistica.com\/es\/wp-json\/wp\/v2\/posts"}],"about":[{"href":"https:\/\/dimensionturistica.com\/es\/wp-json\/wp\/v2\/types\/post"}],"author":[{"embeddable":true,"href":"https:\/\/dimensionturistica.com\/es\/wp-json\/wp\/v2\/users\/1"}],"replies":[{"embeddable":true,"href":"https:\/\/dimensionturistica.com\/es\/wp-json\/wp\/v2\/comments?post=391134"}],"version-history":[{"count":0,"href":"https:\/\/dimensionturistica.com\/es\/wp-json\/wp\/v2\/posts\/391134\/revisions"}],"wp:featuredmedia":[{"embeddable":true,"href":"https:\/\/dimensionturistica.com\/es\/wp-json\/wp\/v2\/media\/391138"}],"wp:attachment":[{"href":"https:\/\/dimensionturistica.com\/es\/wp-json\/wp\/v2\/media?parent=391134"}],"wp:term":[{"taxonomy":"category","embeddable":true,"href":"https:\/\/dimensionturistica.com\/es\/wp-json\/wp\/v2\/categories?post=391134"},{"taxonomy":"post_tag","embeddable":true,"href":"https:\/\/dimensionturistica.com\/es\/wp-json\/wp\/v2\/tags?post=391134"}],"curies":[{"name":"wp","href":"https:\/\/api.w.org\/{rel}","templated":true}]}}