{"id":390695,"date":"2022-09-20T22:55:22","date_gmt":"2022-09-20T22:55:22","guid":{"rendered":"https:\/\/dimensionturistica.com\/es\/?p=390695"},"modified":"2022-09-20T22:55:22","modified_gmt":"2022-09-20T22:55:22","slug":"trujillo-realizan-actividades-para-reactivar-industria-turistica-sociedad","status":"publish","type":"post","link":"https:\/\/dimensionturistica.com\/es\/trujillo-realizan-actividades-para-reactivar-industria-turistica-sociedad\/","title":{"rendered":"Trujillo: realizan actividades para reactivar industria tur\u00edstica | Sociedad"},"content":{"rendered":"<p> <br \/>\n<\/p>\n<div>\n<section class=\"section-visibility\">\n<p class=\"\">El sector turismo en <a rel=\"nofollow noopener\" target=\"_blank\" href=\"https:\/\/larepublica.pe\/tag\/trujillo\/\">Trujillo<\/a> y otras ciudades del pa\u00eds ha sufrido una <b>gran disaster<\/b> por la pandemia del <a rel=\"nofollow noopener\" target=\"_blank\" href=\"https:\/\/larepublica.pe\/tag\/coronavirus\/\">coronavirus<\/a>, que impidi\u00f3 la llegada de <b>ciudadanos nacionales y extranjeros <\/b>a los conocidos destinos de visita. Ante ello, la Municipalidad Provincial de Trujillo (MPT) se ha comprometido a reactivar esta industria, sobre todo por la llegada del D\u00eda Mundial del Turismo, que se realiza cada 27 de setiembre.<\/p>\n<aside style=\"display:block;text-align:center;margin-bottom:10px\"\/>\n<p class=\"\">Justamente, la <b>Subgerencia de Turismo<\/b> ha preparado una serie de actividades de la mano de los sectores p\u00fablico, privado y acad\u00e9mico, las cuales se desarrollar\u00e1n del 19 al 29 de setiembre. La subgerenta del sector, Mar\u00eda Goicochea Corro, se\u00f1al\u00f3 a la prensa que el programa se llevar\u00e1 a cabo cumpliendo los protocolos de bioseguridad. \u201cEl programa tur\u00edstico fue elaborado en coordinaci\u00f3n entre entidades p\u00fablicas y privadas de turismo, ya que tiene el objetivo de reactivar este sector en nuestra ciudad de Trujillo, la cual fue fuertemente golpeada durante la pandemia\u201d, indic\u00f3 Goicochea.<\/p>\n<figure class=\"image-inside-body cls-mr\"><span class=\" lazy-load-image-background \" style=\"background-image:url(https:\/\/larepublica.pe\/resizer\/wHmkoycHW9ORl251WfIcQDtfLL4=\/384x216\/top\/smart\/cloudfront-us-east-1.images.arcpublishing.com\/gruporepublica\/Z3RO34J6QVGJVKXQUQCMRXJYCE.png);background-size:100% 100%;display:inline-block;width:538\"><span class=\"\" style=\"display:inline-block;width:538\"\/><\/span><figcaption>\n<p style=\"width:100%;color:#4d4d59;line-height:11.2px;font-size:11.2px;padding-top:4px;padding-bottom:4px;background-color:#eee\">Mar\u00eda Goicochea lament\u00f3 la ca\u00edda del flujo tur\u00edstico por el coronavirus. Foto: MPT<\/p>\n<\/figcaption><\/figure>\n<p class=\"\">La funcionaria explic\u00f3 que la comuna provincial busca replantear desaf\u00edos y estrategias de <b>reactivaci\u00f3n econ\u00f3mica en el sector<\/b>. En ese sentido, se han programado circuitos tur\u00edsticos, los metropolis excursions, la V Feria Artesanal Trujillo 2022, conversatorios y el lanzamiento del cat\u00e1logo digital de artesan\u00eda Manos Milenarias. De igual manera, lanzar\u00e1n el video promocional de turismo 2022, organizar\u00e1n el present de danzas por el D\u00eda Mundial del Turismo y habilitar\u00e1n una exposici\u00f3n fotogr\u00e1fica.<\/p>\n<aside style=\"display:block;text-align:center;margin-bottom:10px\"\/>\n<p class=\"\">\u201cTrujillo cuenta con el sello Safe Travels, que le permite a la ciudad ser catalogada como un destino seguro en el marco de la pandemia del coronavirus, as\u00ed como m\u00e1s de <b>100 empresas del rubro<\/b> que ya cuentan con este certificado, lo cual se constituye como un binomio perfecto con los atractivos tur\u00edsticos que la provincia puede ofrecer\u201d, coment\u00f3 Mar\u00eda Goicochea.<\/p>\n<\/section>\n<\/div>\n\n<p><em> &#8221; Fuentes larepublica.pe &#8221; <\/em><\/p>\n","protected":false},"excerpt":{"rendered":"<p>El sector turismo en Trujillo y otras ciudades del pa\u00eds ha sufrido una gran disaster por la pandemia del coronavirus, que impidi\u00f3 la llegada de ciudadanos nacionales y extranjeros a los conocidos destinos de visita. Ante ello, la Municipalidad Provincial de Trujillo (MPT) se ha comprometido a reactivar esta industria, sobre todo por la llegada [&hellip;]<\/p>\n","protected":false},"author":4,"featured_media":390696,"comment_status":"open","ping_status":"closed","sticky":false,"template":"","format":"standard","meta":{"om_disable_all_campaigns":false,"jnews-multi-image_gallery":[],"jnews_single_post":[],"jnews_primary_category":[],"jnews_social_meta":[],"footnotes":""},"categories":[40],"tags":[53753,626,53752,544],"class_list":["post-390695","post","type-post","status-publish","format-standard","has-post-thumbnail","hentry","category-industria","tag-la-libertad-noticias","tag-pandemia","tag-trujillo-noticias","tag-turismo"],"_links":{"self":[{"href":"https:\/\/dimensionturistica.com\/es\/wp-json\/wp\/v2\/posts\/390695","targetHints":{"allow":["GET"]}}],"collection":[{"href":"https:\/\/dimensionturistica.com\/es\/wp-json\/wp\/v2\/posts"}],"about":[{"href":"https:\/\/dimensionturistica.com\/es\/wp-json\/wp\/v2\/types\/post"}],"author":[{"embeddable":true,"href":"https:\/\/dimensionturistica.com\/es\/wp-json\/wp\/v2\/users\/4"}],"replies":[{"embeddable":true,"href":"https:\/\/dimensionturistica.com\/es\/wp-json\/wp\/v2\/comments?post=390695"}],"version-history":[{"count":0,"href":"https:\/\/dimensionturistica.com\/es\/wp-json\/wp\/v2\/posts\/390695\/revisions"}],"wp:featuredmedia":[{"embeddable":true,"href":"https:\/\/dimensionturistica.com\/es\/wp-json\/wp\/v2\/media\/390696"}],"wp:attachment":[{"href":"https:\/\/dimensionturistica.com\/es\/wp-json\/wp\/v2\/media?parent=390695"}],"wp:term":[{"taxonomy":"category","embeddable":true,"href":"https:\/\/dimensionturistica.com\/es\/wp-json\/wp\/v2\/categories?post=390695"},{"taxonomy":"post_tag","embeddable":true,"href":"https:\/\/dimensionturistica.com\/es\/wp-json\/wp\/v2\/tags?post=390695"}],"curies":[{"name":"wp","href":"https:\/\/api.w.org\/{rel}","templated":true}]}}