{"id":390659,"date":"2022-09-20T21:44:09","date_gmt":"2022-09-20T21:44:09","guid":{"rendered":"https:\/\/dimensionturistica.com\/es\/?p=390659"},"modified":"2022-09-20T21:44:09","modified_gmt":"2022-09-20T21:44:09","slug":"monterrey-festeja-sus-426-anos-de-su-fundacion","status":"publish","type":"post","link":"https:\/\/dimensionturistica.com\/es\/monterrey-festeja-sus-426-anos-de-su-fundacion\/","title":{"rendered":"Monterrey festeja sus 426 a\u00f1os de su fundaci\u00f3n"},"content":{"rendered":"<p>Capital del estado de Nuevo Le\u00f3n y sede de importantes eventos nacionales e internacionales, as\u00ed como<img decoding=\"async\" class=\"size-medium wp-image-390663 alignright\" src=\"https:\/\/dimensionturistica.com\/es\/wp-content\/uploads\/2022\/09\/Monterrey1-300x167.jpg\" alt=\"\" width=\"300\" height=\"167\" srcset=\"https:\/\/dimensionturistica.com\/es\/wp-content\/uploads\/2022\/09\/Monterrey1-300x167.jpg 300w, https:\/\/dimensionturistica.com\/es\/wp-content\/uploads\/2022\/09\/Monterrey1-1024x571.jpg 1024w, https:\/\/dimensionturistica.com\/es\/wp-content\/uploads\/2022\/09\/Monterrey1-768x428.jpg 768w, https:\/\/dimensionturistica.com\/es\/wp-content\/uploads\/2022\/09\/Monterrey1-750x418.jpg 750w, https:\/\/dimensionturistica.com\/es\/wp-content\/uploads\/2022\/09\/Monterrey1-1140x636.jpg 1140w, https:\/\/dimensionturistica.com\/es\/wp-content\/uploads\/2022\/09\/Monterrey1.jpg 1375w\" sizes=\"(max-width: 300px) 100vw, 300px\" \/> poseedora de una incre\u00edble oferta de actividades de esparcimiento y de negocios, la ciudad de Monterrey cumple hoy 426 a\u00f1os desde su fundaci\u00f3n en 1596.<br \/>\nEl historiador H\u00e9ctor Jaime Trevi\u00f1o, ha explicado que son tres las fundaciones de las cuales se tiene registro. La primera en 1577 por Alberto del Canto que denomin\u00f3 la regi\u00f3n como Villa de Santa Luc\u00eda; la segunda en 1582 por Luis de Carvajal, quien deseaba establecer un camino de Tampico a Zacatecas, fundando Nuevo Reino de Le\u00f3n, aunque a\u00f1os m\u00e1s tarde fue perseguido y encarcelado, dejando el asentamiento libre; fue entonces cuando procedente de Saltillo, en 1596 Diego de Montemayor acompa\u00f1ado de 12 familias, lleg\u00f3 a la regi\u00f3n, y a los pies del ojo de agua de Santa Luc\u00eda, fund\u00f3 la ciudad de Nuestra Se\u00f1ora de Monterrey.<br \/>\nAlberto del Canto fue quien descubri\u00f3 los nacimientos de diversos ojos de agua, a los que denomin\u00f3 de Santa Luc\u00eda y fue en este mismo lugar donde a\u00f1os m\u00e1s tarde se fundar\u00edan los primeros asentamientos de la ciudad, estos fueron donde est\u00e1 actualmente la Iglesia Sagrado Coraz\u00f3n de Jes\u00fas, el Palacio de Gobierno y el peri\u00f3dico El Norte.<br \/>\nCapital Industrial y sede de los mejores eventos, as\u00ed como de una gastronom\u00eda envidiable, la ciudad de<img decoding=\"async\" class=\"size-medium wp-image-390664 alignright\" src=\"https:\/\/dimensionturistica.com\/es\/wp-content\/uploads\/2022\/09\/Monterrey3-300x194.jpg\" alt=\"\" width=\"300\" height=\"194\" srcset=\"https:\/\/dimensionturistica.com\/es\/wp-content\/uploads\/2022\/09\/Monterrey3-300x194.jpg 300w, https:\/\/dimensionturistica.com\/es\/wp-content\/uploads\/2022\/09\/Monterrey3-1024x662.jpg 1024w, https:\/\/dimensionturistica.com\/es\/wp-content\/uploads\/2022\/09\/Monterrey3-768x496.jpg 768w, https:\/\/dimensionturistica.com\/es\/wp-content\/uploads\/2022\/09\/Monterrey3-750x485.jpg 750w, https:\/\/dimensionturistica.com\/es\/wp-content\/uploads\/2022\/09\/Monterrey3-1140x737.jpg 1140w, https:\/\/dimensionturistica.com\/es\/wp-content\/uploads\/2022\/09\/Monterrey3.jpg 1362w\" sizes=\"(max-width: 300px) 100vw, 300px\" \/> Monterrey se levanta con fuerza a ra\u00edz del establecimiento de las grandes industrias en 1890 y con la Cervecer\u00eda en 1900. M\u00e1s tarde la Fundidora y la Vidriera tambi\u00e9n sumaron mucho al crecimiento de la ciudad.<br \/>\nUn segundo auge de la ciudad surgi\u00f3 en la d\u00e9cada de los 40s, con la fundaci\u00f3n del Tecnol\u00f3gico de Monterrey con don Eugenio Garza Sada. En estos tiempos ya hab\u00edan construido la calzada Uni\u00f3n, que son Madero y Pino Su\u00e1rez, de ah\u00ed, la ciudad comenz\u00f3 a vivir el desarrollo de varias colonias y de barrios destacados.<br \/>\nCon fama de ser cuna de gente trabajadora y talentosa, Monterrey tambi\u00e9n es famosa por sus monta\u00f1as y la basta naturaleza que le rodea. Cabe destacar que es sede de eventos internacionales de renombre en entretenimiento, cultura y negocios, adem\u00e1s de que es la econom\u00eda m\u00e1s grande de Latinoam\u00e9rica con conexiones a 49 destinos nacionales e internacionales.<br \/>\nEs as\u00ed como Monterrey cumple 426 a\u00f1os, y a trav\u00e9s de la Secretar\u00eda de Turismo del Estado, se invita a todas y todos a descubrir la magia y la calidez de esta ciudad, la m\u00e1s importante del norte de M\u00e9xico y una de las m\u00e1s importantes de M\u00e9xico.<\/p>\n","protected":false},"excerpt":{"rendered":"<p>Capital del estado de Nuevo Le\u00f3n y sede de importantes eventos nacionales e internacionales, as\u00ed como poseedora de una incre\u00edble oferta de actividades de esparcimiento y de negocios, la ciudad de Monterrey cumple hoy 426 a\u00f1os desde su fundaci\u00f3n en 1596. El historiador H\u00e9ctor Jaime Trevi\u00f1o, ha explicado que son tres las fundaciones de las [&hellip;]<\/p>\n","protected":false},"author":1,"featured_media":390665,"comment_status":"open","ping_status":"closed","sticky":false,"template":"","format":"standard","meta":{"om_disable_all_campaigns":false,"jnews-multi-image_gallery":[],"jnews_single_post":{"source_name":"","source_url":"","via_name":"","via_url":"","override_template":"0","override":[{"template":"1","single_blog_custom":"","parallax":"1","fullscreen":"1","layout":"right-sidebar","sidebar":"default-sidebar","second_sidebar":"default-sidebar","sticky_sidebar":"1","share_position":"top","share_float_style":"share-monocrhome","show_share_counter":"1","show_view_counter":"1","show_featured":"1","show_post_meta":"1","show_post_author":"1","show_post_author_image":"1","show_post_date":"1","post_date_format":"default","post_date_format_custom":"Y\/m\/d","show_post_category":"1","show_post_reading_time":"0","post_reading_time_wpm":"300","show_zoom_button":"0","zoom_button_out_step":"2","zoom_button_in_step":"3","show_post_tag":"1","show_prev_next_post":"1","show_popup_post":"1","number_popup_post":"1","show_author_box":"0","show_post_related":"0","show_inline_post_related":"0"}],"override_image_size":"0","image_override":[{"single_post_thumbnail_size":"crop-500","single_post_gallery_size":"crop-500"}],"trending_post":"0","trending_post_position":"meta","trending_post_label":"Trending","sponsored_post":"0","sponsored_post_label":"Sponsored by","sponsored_post_name":"","sponsored_post_url":"","sponsored_post_logo_enable":"0","sponsored_post_logo":"","sponsored_post_desc":"","disable_ad":"0"},"jnews_primary_category":{"id":""},"jnews_social_meta":{"fb_title":"","fb_description":"","fb_image":"","twitter_title":"","twitter_description":"","twitter_image":""},"footnotes":""},"categories":[39],"tags":[],"class_list":["post-390659","post","type-post","status-publish","format-standard","has-post-thumbnail","hentry","category-viajes"],"_links":{"self":[{"href":"https:\/\/dimensionturistica.com\/es\/wp-json\/wp\/v2\/posts\/390659","targetHints":{"allow":["GET"]}}],"collection":[{"href":"https:\/\/dimensionturistica.com\/es\/wp-json\/wp\/v2\/posts"}],"about":[{"href":"https:\/\/dimensionturistica.com\/es\/wp-json\/wp\/v2\/types\/post"}],"author":[{"embeddable":true,"href":"https:\/\/dimensionturistica.com\/es\/wp-json\/wp\/v2\/users\/1"}],"replies":[{"embeddable":true,"href":"https:\/\/dimensionturistica.com\/es\/wp-json\/wp\/v2\/comments?post=390659"}],"version-history":[{"count":0,"href":"https:\/\/dimensionturistica.com\/es\/wp-json\/wp\/v2\/posts\/390659\/revisions"}],"wp:featuredmedia":[{"embeddable":true,"href":"https:\/\/dimensionturistica.com\/es\/wp-json\/wp\/v2\/media\/390665"}],"wp:attachment":[{"href":"https:\/\/dimensionturistica.com\/es\/wp-json\/wp\/v2\/media?parent=390659"}],"wp:term":[{"taxonomy":"category","embeddable":true,"href":"https:\/\/dimensionturistica.com\/es\/wp-json\/wp\/v2\/categories?post=390659"},{"taxonomy":"post_tag","embeddable":true,"href":"https:\/\/dimensionturistica.com\/es\/wp-json\/wp\/v2\/tags?post=390659"}],"curies":[{"name":"wp","href":"https:\/\/api.w.org\/{rel}","templated":true}]}}