{"id":390627,"date":"2022-09-20T21:28:07","date_gmt":"2022-09-20T21:28:07","guid":{"rendered":"https:\/\/dimensionturistica.com\/es\/?p=390627"},"modified":"2022-09-20T21:32:02","modified_gmt":"2022-09-20T21:32:02","slug":"llega-al-museo-cabanas-la-exposicion-de-siqueiros-en-el-marco-del-centenario-del-muralista-mexicano","status":"publish","type":"post","link":"https:\/\/dimensionturistica.com\/es\/llega-al-museo-cabanas-la-exposicion-de-siqueiros-en-el-marco-del-centenario-del-muralista-mexicano\/","title":{"rendered":"Llega al Museo Caba\u00f1as la Exposici\u00f3n de Siqueiros en el marco del Centenario del muralista mexicano"},"content":{"rendered":"<p>Como parte del programa del Centenario del Muralismo Mexicano, el Museo Caba\u00f1as, en colaboraci\u00f3n con el<img decoding=\"async\" class=\"size-medium wp-image-390648 alignright\" src=\"https:\/\/dimensionturistica.com\/es\/wp-content\/uploads\/2022\/09\/ALFARO9-300x185.jpg\" alt=\"\" width=\"300\" height=\"185\" srcset=\"https:\/\/dimensionturistica.com\/es\/wp-content\/uploads\/2022\/09\/ALFARO9-300x185.jpg 300w, https:\/\/dimensionturistica.com\/es\/wp-content\/uploads\/2022\/09\/ALFARO9.jpg 450w\" sizes=\"(max-width: 300px) 100vw, 300px\" \/> Instituto Nacional de Bellas Artes y Literatura, la Sala de Arte P\u00fablico en la Ciudad de M\u00e9xico, y La Tallera, abre las puertas de la exposici\u00f3n David Alfaro Siqueiros. La construcci\u00f3n de lo p\u00fablico, que tiene como objetivo central mostrar c\u00f3mo los procedimientos constructivos o geom\u00e9tricos fueron para este artista mexicano la piedra angular para la consolidaci\u00f3n de una propuesta pict\u00f3rica cimentada en la funci\u00f3n p\u00fablica del arte, as\u00ed como en el compromiso con la transformaci\u00f3n social subsecuente a la Revoluci\u00f3n de 1910.<br \/>\nLa narrativa visual de la exposici\u00f3n busca conjugar secuencias en las que las formas geom\u00e9tricas pasen de las figuras hacia efectos \u00f3pticos de poliangularidad; en ellos, los \u00e1ngulos y los v\u00e9rtices del espacio arquitect\u00f3nico<img decoding=\"async\" class=\"size-medium wp-image-390646 alignright\" src=\"https:\/\/dimensionturistica.com\/es\/wp-content\/uploads\/2022\/09\/ALFARO7-300x200.jpg\" alt=\"\" width=\"300\" height=\"200\" srcset=\"https:\/\/dimensionturistica.com\/es\/wp-content\/uploads\/2022\/09\/ALFARO7-300x200.jpg 300w, https:\/\/dimensionturistica.com\/es\/wp-content\/uploads\/2022\/09\/ALFARO7.jpg 450w\" sizes=\"(max-width: 300px) 100vw, 300px\" \/> desaparecen, mientras que muros, techo y piso convergen en una sola unidad. Estos efectos se pueden apreciar en los bocetos, documentos y fotomurales, as\u00ed como en las pinturas de caballete y esculto pinturas que integran la muestra.<br \/>\nEsta exposici\u00f3n, que fue previamente presentada en el Complejo Cultural de Los Pinos en la Ciudad de M\u00e9xico a finales de 2021, se integra por 34 obras (pinturas de caballete, escultopinturas, bocetos y maqueta); 73 piezas (fotograf\u00edas, documentos y material hemerogr\u00e1fico) y un material de audio. Curada por Willy Kautz, M\u00f3nica Montes y Joel P\u00e9rez, la muestra toma como punto de partida el Retrato del sastre W. Kennedy (ca. 1919), dibujo realizado en Par\u00eds por Siqueiros, quien lo incluy\u00f3 en el primer y \u00fanico n\u00famero de la revista Vida Americana (1921), editada por \u00e9l y Joan Salvat-Papasseit, poeta catal\u00e1n. En esta pieza<img decoding=\"async\" class=\"size-medium wp-image-390647 alignright\" src=\"https:\/\/dimensionturistica.com\/es\/wp-content\/uploads\/2022\/09\/ALFARO8-300x156.jpg\" alt=\"\" width=\"300\" height=\"156\" srcset=\"https:\/\/dimensionturistica.com\/es\/wp-content\/uploads\/2022\/09\/ALFARO8-300x156.jpg 300w, https:\/\/dimensionturistica.com\/es\/wp-content\/uploads\/2022\/09\/ALFARO8.jpg 450w\" sizes=\"(max-width: 300px) 100vw, 300px\" \/> se aprecia el inicio de una trayectoria art\u00edstica en la que la geometr\u00eda sirvi\u00f3 de ingenier\u00eda \u00f3ptica a Siqueiros para crear una propuesta vanguardista marcada por el esp\u00edritu constructivo, a trav\u00e9s del cual llev\u00f3 formas geom\u00e9tricas hacia la construcci\u00f3n de espacios p\u00fablicos transitables.<br \/>\nLas pinturas de caballete y los estudios que forman la exposici\u00f3n denotan el empleo que Siqueiros hizo de la geometr\u00eda en la construcci\u00f3n de arte p\u00fablico y de obras murales al servicio del pueblo, en las cuales las configuraciones espaciales fueron dotadas de dinamismo y estuvieron orientadas a estimular la movilizaci\u00f3n y la transformaci\u00f3n social.<br \/>\nDavid Alfaro Siqueiros (Chihuahua 1896-Morelos 1974) fue un pintor y activista pol\u00edtico, miembro de la Escuela<img decoding=\"async\" class=\" wp-image-390641 alignright\" src=\"https:\/\/dimensionturistica.com\/es\/wp-content\/uploads\/2022\/09\/ALFARO5-300x99.jpg\" alt=\"\" width=\"385\" height=\"127\" srcset=\"https:\/\/dimensionturistica.com\/es\/wp-content\/uploads\/2022\/09\/ALFARO5-300x99.jpg 300w, https:\/\/dimensionturistica.com\/es\/wp-content\/uploads\/2022\/09\/ALFARO5.jpg 474w\" sizes=\"(max-width: 385px) 100vw, 385px\" \/> Mexicana de Pintura al lado de Diego Rivera y Jos\u00e9 Clemente Orozco. Abog\u00f3 por un arte p\u00fablico al servicio del pueblo a trav\u00e9s de la pintura mural, y con el patrocinio gubernamental realiz\u00f3 obras murales en diversos edificios p\u00fablicos. Su gusto por experimentar lo llev\u00f3 a usar materiales pl\u00e1sticos modernos para su \u00e9poca, as\u00ed como al estudio de la qu\u00edmica de los pigmentos. Sus intereses sociales lo motivaron a la formaci\u00f3n de diversas organizaciones de artistas, tanto nacional como internacionalmente, promoviendo siempre el trabajo colectivo.<br \/>\nEn el \u00e1mbito de la pol\u00edtica luch\u00f3 en la Revoluci\u00f3n Mexicana y en la Guerra Civil Espa\u00f1ola; fue miembro del<img decoding=\"async\" class=\"size-medium wp-image-390639 alignright\" src=\"https:\/\/dimensionturistica.com\/es\/wp-content\/uploads\/2022\/09\/ALFARO3-300x169.jpg\" alt=\"\" width=\"300\" height=\"169\" srcset=\"https:\/\/dimensionturistica.com\/es\/wp-content\/uploads\/2022\/09\/ALFARO3-300x169.jpg 300w, https:\/\/dimensionturistica.com\/es\/wp-content\/uploads\/2022\/09\/ALFARO3.jpg 450w\" sizes=\"(max-width: 300px) 100vw, 300px\" \/> Partido Comunista Mexicano y promotor de diversas agrupaciones sindicales. Su activismo lo llev\u00f3 a la c\u00e1rcel y hasta al exilio. Expres\u00f3 con vehemencia sus ideas, tanto art\u00edsticas como pol\u00edticas, a trav\u00e9s de conferencias y art\u00edculos; de esa inquietud se deriva su actividad como editor y creador de publicaciones.<br \/>\nSus aportaciones en el arte lo hicieron merecedor de distinciones y reconocimientos en M\u00e9xico y en el extranjero. Cre\u00f3 v\u00ednculos con protagonistas de la pol\u00edtica, el arte, la literatura y la ciencia de su tiempo. Al final de su vida, por medio de un testamento p\u00fablico, dej\u00f3 al pueblo de M\u00e9xico un legado integrado por una colecci\u00f3n de obras de caballete, gr\u00e1fica, dibujos, estudios y proyectos murales, su archivo personal y biblioteca, as\u00ed como la Sala de Arte P\u00fablico en la Ciudad de M\u00e9xico, y su taller en Cuernavaca, Morelos, hoy conocido como La Tallera. Ambas instancias forman parte actualmente de la Red de Museos del INBAL desde 1988, e integran el Proyecto<\/p>\n<p><img decoding=\"async\" class=\"size-medium wp-image-390638 alignright\" src=\"https:\/\/dimensionturistica.com\/es\/wp-content\/uploads\/2022\/09\/ALFARO1-300x225.jpg\" alt=\"\" width=\"300\" height=\"225\" srcset=\"https:\/\/dimensionturistica.com\/es\/wp-content\/uploads\/2022\/09\/ALFARO1-300x225.jpg 300w, https:\/\/dimensionturistica.com\/es\/wp-content\/uploads\/2022\/09\/ALFARO1.jpg 450w\" sizes=\"(max-width: 300px) 100vw, 300px\" \/><\/p>\n<p>Siqueiros, que recientemente present\u00f3 Distancia cr\u00edtica, un programa de curadur\u00eda digital mediante el cual realiza y publica investigaciones, adem\u00e1s de compartir materiales digitalizados que integran el fondo documental del Centro de Investigaci\u00f3n y Documentaci\u00f3n Siqueiros (CIDS), la fuente hist\u00f3rica m\u00e1s completa sobre la vida y obra del pintor mexicano.<br \/>\nLos curadores<br \/>\nWilly Kautz (S\u00e3o Paulo, 1975) es historiador de arte por la Universidad de las Am\u00e9ricas de Puebla y maestro por la Universidad Aut\u00f3noma de Barcelona. En 2001 inici\u00f3 su carrera como curador. En el Museo Tamayo fue curador en jefe del Museo Tamayo, jefe de artes visuales y curador de La Casa del Lago, y curador y coordinador de Casa Vecina. Actualmente estudia un doctorado en filosof\u00eda y est\u00e9tica del arte contempor\u00e1neo en la Universidad Aut\u00f3noma de Barcelona (UAB).<br \/>\nJoel P\u00e9rez (CDMX, 1976) estudi\u00f3 Sociolog\u00eda en la Facultad de Ciencias Pol\u00edticas y Sociales de la Universidad Nacional Aut\u00f3noma de M\u00e9xico. Interesado en el arte y la moda, se ha desarrollado en el \u00e1mbito cultural entre la investigaci\u00f3n y eventualmente la curadur\u00eda. Es especialista en la obra pl\u00e1stica de David Alfaro Siqueiros y su conservaci\u00f3n, con 20 a\u00f1os experiencia en el tema, ha participado con investigaci\u00f3n en m\u00faltiples exposiciones sobre los aspectos relacionados a Siqueiros. Investigador por catorce a\u00f1os y responsable de la catalogaci\u00f3n de gran parte de la colecci\u00f3n de obra de arte de SAPS-LT (la Sala de Arte P\u00fablico en la Ciudad de M\u00e9xico, La<img decoding=\"async\" class=\"size-medium wp-image-390639 alignright\" src=\"https:\/\/dimensionturistica.com\/es\/wp-content\/uploads\/2022\/09\/ALFARO3-300x169.jpg\" alt=\"\" width=\"300\" height=\"169\" srcset=\"https:\/\/dimensionturistica.com\/es\/wp-content\/uploads\/2022\/09\/ALFARO3-300x169.jpg 300w, https:\/\/dimensionturistica.com\/es\/wp-content\/uploads\/2022\/09\/ALFARO3.jpg 450w\" sizes=\"(max-width: 300px) 100vw, 300px\" \/> Tallera).<br \/>\nPor su parte, M\u00f3nica Montes Flores es responsable del Centro de Investigaci\u00f3n y Documentaci\u00f3n Siqueiros desde hace m\u00e1s de dos d\u00e9cadas. Con estudios en ciencias de la comunicaci\u00f3n y periodismo por la Facultad de Ciencias Pol\u00edticas y Sociales de la Universidad Nacional Aut\u00f3noma de M\u00e9xico, investiga desde 1996 el Archivo Personal de Siqueiros. Ha colaborado en diversas investigaciones, publicaciones y exposiciones sobre el artista y su obra, entre las que destacan la muestra Sigue la huella de Siqueiros en el extranjero (exposici\u00f3n virtual), Objetos, SAPS, historia gr\u00e1fica; cocuradora de la muestra La Tallera f\u00e1brica en movimiento, y La Tallera proyecto de andamiaje p\u00fablico, entre otras. Ha coordinado los procesos de digitalizaci\u00f3n de los acervos: documental, fotogr\u00e1fico, hemerogr\u00e1fico, bibliogr\u00e1fico, de audio y video, adem\u00e1s de llevar a cabo las tareas registro, conservaci\u00f3n, catalogaci\u00f3n e investigaci\u00f3n del Fondo David Alfaro Siqueiros<\/p>\n","protected":false},"excerpt":{"rendered":"<p>Como parte del programa del Centenario del Muralismo Mexicano, el Museo Caba\u00f1as, en colaboraci\u00f3n con el Instituto Nacional de Bellas Artes y Literatura, la Sala de Arte P\u00fablico en la Ciudad de M\u00e9xico, y La Tallera, abre las puertas de la exposici\u00f3n David Alfaro Siqueiros. La construcci\u00f3n de lo p\u00fablico, que tiene como objetivo central [&hellip;]<\/p>\n","protected":false},"author":1,"featured_media":390642,"comment_status":"open","ping_status":"closed","sticky":false,"template":"","format":"standard","meta":{"om_disable_all_campaigns":false,"jnews-multi-image_gallery":[],"jnews_single_post":{"source_name":"","source_url":"","via_name":"","via_url":"","override_template":"0","override":[{"template":"1","single_blog_custom":"","parallax":"1","fullscreen":"1","layout":"right-sidebar","sidebar":"default-sidebar","second_sidebar":"default-sidebar","sticky_sidebar":"1","share_position":"top","share_float_style":"share-monocrhome","show_share_counter":"1","show_view_counter":"1","show_featured":"1","show_post_meta":"1","show_post_author":"1","show_post_author_image":"1","show_post_date":"1","post_date_format":"default","post_date_format_custom":"Y\/m\/d","show_post_category":"1","show_post_reading_time":"0","post_reading_time_wpm":"300","show_zoom_button":"0","zoom_button_out_step":"2","zoom_button_in_step":"3","show_post_tag":"1","show_prev_next_post":"1","show_popup_post":"1","number_popup_post":"1","show_author_box":"0","show_post_related":"0","show_inline_post_related":"0"}],"override_image_size":"0","image_override":[{"single_post_thumbnail_size":"crop-500","single_post_gallery_size":"crop-500"}],"trending_post":"0","trending_post_position":"meta","trending_post_label":"Trending","sponsored_post":"0","sponsored_post_label":"Sponsored by","sponsored_post_name":"","sponsored_post_url":"","sponsored_post_logo_enable":"0","sponsored_post_logo":"","sponsored_post_desc":"","disable_ad":"0"},"jnews_primary_category":{"id":""},"jnews_social_meta":{"fb_title":"","fb_description":"","fb_image":"","twitter_title":"","twitter_description":"","twitter_image":""},"footnotes":""},"categories":[39],"tags":[],"class_list":["post-390627","post","type-post","status-publish","format-standard","has-post-thumbnail","hentry","category-viajes"],"_links":{"self":[{"href":"https:\/\/dimensionturistica.com\/es\/wp-json\/wp\/v2\/posts\/390627","targetHints":{"allow":["GET"]}}],"collection":[{"href":"https:\/\/dimensionturistica.com\/es\/wp-json\/wp\/v2\/posts"}],"about":[{"href":"https:\/\/dimensionturistica.com\/es\/wp-json\/wp\/v2\/types\/post"}],"author":[{"embeddable":true,"href":"https:\/\/dimensionturistica.com\/es\/wp-json\/wp\/v2\/users\/1"}],"replies":[{"embeddable":true,"href":"https:\/\/dimensionturistica.com\/es\/wp-json\/wp\/v2\/comments?post=390627"}],"version-history":[{"count":0,"href":"https:\/\/dimensionturistica.com\/es\/wp-json\/wp\/v2\/posts\/390627\/revisions"}],"wp:featuredmedia":[{"embeddable":true,"href":"https:\/\/dimensionturistica.com\/es\/wp-json\/wp\/v2\/media\/390642"}],"wp:attachment":[{"href":"https:\/\/dimensionturistica.com\/es\/wp-json\/wp\/v2\/media?parent=390627"}],"wp:term":[{"taxonomy":"category","embeddable":true,"href":"https:\/\/dimensionturistica.com\/es\/wp-json\/wp\/v2\/categories?post=390627"},{"taxonomy":"post_tag","embeddable":true,"href":"https:\/\/dimensionturistica.com\/es\/wp-json\/wp\/v2\/tags?post=390627"}],"curies":[{"name":"wp","href":"https:\/\/api.w.org\/{rel}","templated":true}]}}