{"id":390552,"date":"2022-09-20T20:08:14","date_gmt":"2022-09-20T20:08:14","guid":{"rendered":"https:\/\/dimensionturistica.com\/es\/?p=390552"},"modified":"2022-09-20T20:08:14","modified_gmt":"2022-09-20T20:08:14","slug":"angeles-verdes-ponen-en-marcha-operativo-especial-ante-la-llegada-de-las-tormentas-lester-y-madeline","status":"publish","type":"post","link":"https:\/\/dimensionturistica.com\/es\/angeles-verdes-ponen-en-marcha-operativo-especial-ante-la-llegada-de-las-tormentas-lester-y-madeline\/","title":{"rendered":"\u00c1ngeles Verdes ponen en marcha operativo especial ante la llegada de las tormentas Lester y Madeline"},"content":{"rendered":"<p><img decoding=\"async\" class=\"size-medium wp-image-390585 alignright\" src=\"https:\/\/dimensionturistica.com\/es\/wp-content\/uploads\/2022\/09\/Angeles-Verdes-2-300x225.jpeg\" alt=\"\" width=\"300\" height=\"225\" srcset=\"https:\/\/dimensionturistica.com\/es\/wp-content\/uploads\/2022\/09\/Angeles-Verdes-2-300x225.jpeg 300w, https:\/\/dimensionturistica.com\/es\/wp-content\/uploads\/2022\/09\/Angeles-Verdes-2-1024x768.jpeg 1024w, https:\/\/dimensionturistica.com\/es\/wp-content\/uploads\/2022\/09\/Angeles-Verdes-2-768x576.jpeg 768w, https:\/\/dimensionturistica.com\/es\/wp-content\/uploads\/2022\/09\/Angeles-Verdes-2-1536x1152.jpeg 1536w, https:\/\/dimensionturistica.com\/es\/wp-content\/uploads\/2022\/09\/Angeles-Verdes-2-750x563.jpeg 750w, https:\/\/dimensionturistica.com\/es\/wp-content\/uploads\/2022\/09\/Angeles-Verdes-2-1140x855.jpeg 1140w, https:\/\/dimensionturistica.com\/es\/wp-content\/uploads\/2022\/09\/Angeles-Verdes-2.jpeg 1600w\" sizes=\"(max-width: 300px) 100vw, 300px\" \/> La Direcci\u00f3n General de Servicios al Turista \u00c1ngeles Verdes de la Secretar\u00eda de Turismo (Sectur) implement\u00f3 un operativo especial derivado de la llegada de las tormentas tropicales Lester y Madeline, que se desarrollan en la costa del Pac\u00edfico mexicano.<br \/>\nComo parte de las acciones emprendidas por los \u00c1ngeles Verdes, desde las primeras horas de la ma\u00f1ana del s\u00e1bado 17 de septiembre se desplegaron estrat\u00e9gicamente 10 unidades en los estados de Oaxaca, Guerrero, Michoac\u00e1n, Jalisco y Colima, en los tramos detectados con mayor probabilidad de presentar <img decoding=\"async\" class=\"size-medium wp-image-390583 alignleft\" src=\"https:\/\/dimensionturistica.com\/es\/wp-content\/uploads\/2022\/09\/Angeles-Verdes-4-300x225.jpeg\" alt=\"\" width=\"300\" height=\"225\" srcset=\"https:\/\/dimensionturistica.com\/es\/wp-content\/uploads\/2022\/09\/Angeles-Verdes-4-300x225.jpeg 300w, https:\/\/dimensionturistica.com\/es\/wp-content\/uploads\/2022\/09\/Angeles-Verdes-4-768x576.jpeg 768w, https:\/\/dimensionturistica.com\/es\/wp-content\/uploads\/2022\/09\/Angeles-Verdes-4-750x563.jpeg 750w, https:\/\/dimensionturistica.com\/es\/wp-content\/uploads\/2022\/09\/Angeles-Verdes-4.jpeg 960w\" sizes=\"(max-width: 300px) 100vw, 300px\" \/>incidencias como deslaves, crecidas de arroyos o alguna situaci\u00f3n que pudiera presentarse por las lluvias torrenciales provocadas por el fen\u00f3meno natural Lester.<br \/>\nLa cobertura carretera \u00c1ngeles Verdes se situ\u00f3 en las rutas Tehuantepec-Mat\u00edas Romero y Circuito Tehuantepec-Salina Cruz-Ixtepec-La Venta-Juchit\u00e1n, en Oaxaca; Acapulco-Aeropuerto-Barra Vieja y Acapulco-Chilpancingo, en Guerrero; Morelia-Caseta Parind\u00edcuaro y Morelia-Uruapan, en Michoac\u00e1n; Guadalajara-Ixtl\u00e1n del R\u00edo y<img decoding=\"async\" class=\"size-medium wp-image-390581 alignright\" src=\"https:\/\/dimensionturistica.com\/es\/wp-content\/uploads\/2022\/09\/Angeles-Verdes-6-225x300.jpeg\" alt=\"\" width=\"225\" height=\"300\" srcset=\"https:\/\/dimensionturistica.com\/es\/wp-content\/uploads\/2022\/09\/Angeles-Verdes-6-225x300.jpeg 225w, https:\/\/dimensionturistica.com\/es\/wp-content\/uploads\/2022\/09\/Angeles-Verdes-6-768x1024.jpeg 768w, https:\/\/dimensionturistica.com\/es\/wp-content\/uploads\/2022\/09\/Angeles-Verdes-6-1152x1536.jpeg 1152w, https:\/\/dimensionturistica.com\/es\/wp-content\/uploads\/2022\/09\/Angeles-Verdes-6-750x1000.jpeg 750w, https:\/\/dimensionturistica.com\/es\/wp-content\/uploads\/2022\/09\/Angeles-Verdes-6-1140x1520.jpeg 1140w, https:\/\/dimensionturistica.com\/es\/wp-content\/uploads\/2022\/09\/Angeles-Verdes-6.jpeg 1200w\" sizes=\"(max-width: 225px) 100vw, 225px\" \/>\u00a0Guadalajara-Ameca, en Jalisco; y en Colima las rutas Colima-Tecom\u00e1n y Manzanillo-Tecom\u00e1n.<br \/>\nLos elementos activos en campo mantienen comunicaci\u00f3n constante con el Centro de Geointeligencia \u201cAlfonso Garc\u00eda Gonz\u00e1lez\u201d, en donde se informa al respecto de cualquier eventualidad extraordinaria como lo son accidentes, tr\u00e1nsito lento, reparaciones y mantenimientos en los tramos carreteros en los que tienen presencia.<br \/>\nLos reportes realizados por las unidades de \u00c1ngeles Verdes fueron principalmente en los estados de Oaxaca y Guerreo, la mayor\u00eda por la tarde del s\u00e1bado. De acuerdo con los elementos en campo, se presentaron deslaves importantes que provocaron cortes y cierres a la circulaci\u00f3n, como el tramo Pluma Hidalgo-Huatulco que fue cerrado por un deslave.<br \/>\nLas lluvias torrenciales en estos estados provocaron tambi\u00e9n inundaciones en sitios tur\u00edsticos como Zihuatanejo y crecidas en las playas, por lo que \u00c1ngeles Verdes sostuvo comunicaci\u00f3n constante con Protecci\u00f3n Civil de Guerrero y Oaxaca principalmente, para actuar y brindar el apoyo necesario a turistas y poblaci\u00f3n en general.<br \/>\nPor otra parte, en los estados de Baja California Sur, Sinaloa, Nayarit, Colima y Jalisco se iniciaron las acciones preventivas por la llegada de la tormenta tropical Madeline, la cual se desarroll\u00f3 el d\u00eda domingo 18 de septiembre, y mantiene una trayectoria en direcci\u00f3n al estado de Baja California Sur, con pron\u00f3stico de impacto<img decoding=\"async\" class=\"size-medium wp-image-390582 alignright\" src=\"https:\/\/dimensionturistica.com\/es\/wp-content\/uploads\/2022\/09\/Angeles-Verdes-5-225x300.jpeg\" alt=\"\" width=\"225\" height=\"300\" srcset=\"https:\/\/dimensionturistica.com\/es\/wp-content\/uploads\/2022\/09\/Angeles-Verdes-5-225x300.jpeg 225w, https:\/\/dimensionturistica.com\/es\/wp-content\/uploads\/2022\/09\/Angeles-Verdes-5-768x1024.jpeg 768w, https:\/\/dimensionturistica.com\/es\/wp-content\/uploads\/2022\/09\/Angeles-Verdes-5-1152x1536.jpeg 1152w, https:\/\/dimensionturistica.com\/es\/wp-content\/uploads\/2022\/09\/Angeles-Verdes-5-750x1000.jpeg 750w, https:\/\/dimensionturistica.com\/es\/wp-content\/uploads\/2022\/09\/Angeles-Verdes-5-1140x1520.jpeg 1140w, https:\/\/dimensionturistica.com\/es\/wp-content\/uploads\/2022\/09\/Angeles-Verdes-5.jpeg 1200w\" sizes=\"(max-width: 225px) 100vw, 225px\" \/> el d\u00eda martes 20.<br \/>\nEl secretario de Turismo del Gobierno de M\u00e9xico, Miguel Torruco Marqu\u00e9s, reiter\u00f3 las recomendaciones emitidas por la Direcci\u00f3n General de Servicios al Turista \u00c1ngeles Verdes, como son: Verificar las condiciones mec\u00e1nicas del veh\u00edculo, la llanta de refacci\u00f3n y los limpiaparabrisas, antes de iniciar un viaje por carretera, as\u00ed como revisar las condiciones meteorol\u00f3gicas de origen y destino.<br \/>\nTambi\u00e9n sugiere, a los viajeros que transitar\u00e1n por las carreteras del pa\u00eds, mantenerse informados de la trayectoria de los fen\u00f3menos naturales, planear la ruta y conocer las condiciones climatol\u00f3gicas del trayecto.<br \/>\nTorruco Marqu\u00e9s destac\u00f3 la importancia de tener siempre a la mano los n\u00fameros de emergencia, como el 078 de \u00c1ngeles Verdes de la Secretar\u00eda de Turismo, y descargar la aplicaci\u00f3n de \u00c1ngeles Verdes antes de iniciar su viaje por carretera, y refrend\u00f3 el reconocimiento a esta instituci\u00f3n que brinda auxilio y asistencia en m\u00e1s de 37 mil kil\u00f3metros de carreteras del pa\u00eds, y especialmente en las zonas afectadas por fen\u00f3menos meteorol\u00f3gicos de esta temporada, en estrecha coordinaci\u00f3n con las autoridades de los tres \u00f3rdenes de gobierno.<\/p>\n","protected":false},"excerpt":{"rendered":"<p>La Direcci\u00f3n General de Servicios al Turista \u00c1ngeles Verdes de la Secretar\u00eda de Turismo (Sectur) implement\u00f3 un operativo especial derivado de la llegada de las tormentas tropicales Lester y Madeline, que se desarrollan en la costa del Pac\u00edfico mexicano. Como parte de las acciones emprendidas por los \u00c1ngeles Verdes, desde las primeras horas de la [&hellip;]<\/p>\n","protected":false},"author":1,"featured_media":390584,"comment_status":"open","ping_status":"closed","sticky":false,"template":"","format":"standard","meta":{"om_disable_all_campaigns":false,"jnews-multi-image_gallery":[],"jnews_single_post":{"source_name":"","source_url":"","via_name":"","via_url":"","override_template":"0","override":[{"template":"1","single_blog_custom":"","parallax":"1","fullscreen":"1","layout":"right-sidebar","sidebar":"default-sidebar","second_sidebar":"default-sidebar","sticky_sidebar":"1","share_position":"top","share_float_style":"share-monocrhome","show_share_counter":"1","show_view_counter":"1","show_featured":"1","show_post_meta":"1","show_post_author":"1","show_post_author_image":"1","show_post_date":"1","post_date_format":"default","post_date_format_custom":"Y\/m\/d","show_post_category":"1","show_post_reading_time":"0","post_reading_time_wpm":"300","show_zoom_button":"0","zoom_button_out_step":"2","zoom_button_in_step":"3","show_post_tag":"1","show_prev_next_post":"1","show_popup_post":"1","number_popup_post":"1","show_author_box":"0","show_post_related":"0","show_inline_post_related":"0"}],"override_image_size":"0","image_override":[{"single_post_thumbnail_size":"crop-500","single_post_gallery_size":"crop-500"}],"trending_post":"0","trending_post_position":"meta","trending_post_label":"Trending","sponsored_post":"0","sponsored_post_label":"Sponsored by","sponsored_post_name":"","sponsored_post_url":"","sponsored_post_logo_enable":"0","sponsored_post_logo":"","sponsored_post_desc":"","disable_ad":"0"},"jnews_primary_category":{"id":""},"jnews_social_meta":{"fb_title":"","fb_description":"","fb_image":"","twitter_title":"","twitter_description":"","twitter_image":""},"footnotes":""},"categories":[39],"tags":[],"class_list":["post-390552","post","type-post","status-publish","format-standard","has-post-thumbnail","hentry","category-viajes"],"_links":{"self":[{"href":"https:\/\/dimensionturistica.com\/es\/wp-json\/wp\/v2\/posts\/390552","targetHints":{"allow":["GET"]}}],"collection":[{"href":"https:\/\/dimensionturistica.com\/es\/wp-json\/wp\/v2\/posts"}],"about":[{"href":"https:\/\/dimensionturistica.com\/es\/wp-json\/wp\/v2\/types\/post"}],"author":[{"embeddable":true,"href":"https:\/\/dimensionturistica.com\/es\/wp-json\/wp\/v2\/users\/1"}],"replies":[{"embeddable":true,"href":"https:\/\/dimensionturistica.com\/es\/wp-json\/wp\/v2\/comments?post=390552"}],"version-history":[{"count":0,"href":"https:\/\/dimensionturistica.com\/es\/wp-json\/wp\/v2\/posts\/390552\/revisions"}],"wp:featuredmedia":[{"embeddable":true,"href":"https:\/\/dimensionturistica.com\/es\/wp-json\/wp\/v2\/media\/390584"}],"wp:attachment":[{"href":"https:\/\/dimensionturistica.com\/es\/wp-json\/wp\/v2\/media?parent=390552"}],"wp:term":[{"taxonomy":"category","embeddable":true,"href":"https:\/\/dimensionturistica.com\/es\/wp-json\/wp\/v2\/categories?post=390552"},{"taxonomy":"post_tag","embeddable":true,"href":"https:\/\/dimensionturistica.com\/es\/wp-json\/wp\/v2\/tags?post=390552"}],"curies":[{"name":"wp","href":"https:\/\/api.w.org\/{rel}","templated":true}]}}