{"id":390540,"date":"2022-09-20T18:40:19","date_gmt":"2022-09-20T18:40:19","guid":{"rendered":"https:\/\/dimensionturistica.com\/es\/?p=390540"},"modified":"2022-09-20T18:40:19","modified_gmt":"2022-09-20T18:40:19","slug":"demandan-las-organizaciones-sociales-un-plan-emergente-de-atencion-a-viviendas-de-alto-riesgo","status":"publish","type":"post","link":"https:\/\/dimensionturistica.com\/es\/demandan-las-organizaciones-sociales-un-plan-emergente-de-atencion-a-viviendas-de-alto-riesgo\/","title":{"rendered":"Demandan las Organizaciones Sociales un plan emergente de atenci\u00f3n a viviendas de alto riesgo"},"content":{"rendered":"<p>Organizaciones Sociales integrantes del Movimiento Urbano Popular de la Ciudad de M\u00e9xico, se pronunciaron a favor de la Instrumentaci\u00f3n y aplicaci\u00f3n de un plan emergente de atenci\u00f3n a las viviendas catalogadas de alto riesgo; incremento al presupuesto anual para la construcci\u00f3n de vivienda nueva y atenci\u00f3n y desahogo de la agenda de predios para expropiaci\u00f3n.<br \/>\nEn rueda de prensa, a 37 a\u00f1os de distancia del 19 de septiembre de 1985 en el que un terremoto de gran magnitud sacudi\u00f3 la capital del pa\u00eds y dej\u00f3 grandes da\u00f1os y p\u00e9rdidas humanas, dieron a conocer el riesgo latente en el que por d\u00e9cadas han venido habitando cientos de familias capitalinas que viven en zonas consideradas de alto riesgo, por lo que se pronunciaron a favor de un plan emergente de atenci\u00f3n a estas.<img decoding=\"async\" class=\"size-medium wp-image-390544 alignright\" src=\"https:\/\/dimensionturistica.com\/es\/wp-content\/uploads\/2022\/09\/seguridad2-300x225.jpg\" alt=\"\" width=\"300\" height=\"225\" srcset=\"https:\/\/dimensionturistica.com\/es\/wp-content\/uploads\/2022\/09\/seguridad2-300x225.jpg 300w, https:\/\/dimensionturistica.com\/es\/wp-content\/uploads\/2022\/09\/seguridad2.jpg 450w\" sizes=\"(max-width: 300px) 100vw, 300px\" \/><br \/>\nRepresentantes del Frente Democr\u00e1tico Popular, Asamblea de Barrios de la Cd de Mex 4T, CCAT-UCAI alternativas urbanas, Grupo Zempoala Independiente, Uni\u00f3n de Colonos Democracia y Justicia Social AC, UNOS-IF Comit\u00e9 de Defensa Popular Del Valle de M\u00e9xico y Grupo Cedros, dieron a conocer que:<br \/>\n\u201cEn pleno siglo XXII, a 37 a\u00f1os de distancia de aquel 19 de septiembre de 1985 en el que un terremoto de gran magnitud, sacudi\u00f3 la Capital de M\u00e9xico, cobrando miles de vidas y da\u00f1os materiales incalculables, afectaciones que a\u00fan son visibles ante la opacidad de los gobiernos para atender una necesidad fundamental como lo es el derecho a una vivienda digna y adecuada; derecho consagrado en el art\u00edculo 4\u00ba de nuestra Constituci\u00f3n Pol\u00edtica de los Estados Unidos Mexicanos, y que se encuentra prevista en el art\u00edculo 9\u00ba Apartado E de la Constituci\u00f3n de la Ciudad de M\u00e9xico, donde el Estado deber\u00e1 garantizar que este derecho re\u00fana condiciones de accesibilidad, asequibilidad, habitabilidad, adaptaci\u00f3n cultural, tama\u00f1o suficiente, segura y con todos los servicios.<br \/>\nSeg\u00fan informaci\u00f3n proporcionada en el a\u00f1o 2020 por el INEGI, en la Ciudad de M\u00e9xico existe un d\u00e9ficit de 56.8% de la poblaci\u00f3n que no cuenta con acceso a una vivienda, mientras que un 37.8% acude a un pr\u00e9stamo informal o recursos propios, y s\u00f3lo un 12.2% podr\u00eda solicitar un cr\u00e9dito a una instituci\u00f3n privada. Ahora bien, la vivienda en la Ciudad de M\u00e9xico es considerada como peque\u00f1a (huevitos) cuyo promedio se encuentra sobre los 56 m2, mientras que el Instituto de vivienda de la Ciudad de M\u00e9xico (INVI) s\u00f3lo financia 48 m2 a\u00fan por debajo del promedio general.<br \/>\nEn este orden de ideas cerca del 44.2% de las viviendas construidas presenta alg\u00fan tipo de deformaciones, filtraciones o agrietamientos, el 40.8% son filtraciones o cuarteaduras, el 16.2% grietas y fracturas, da\u00f1os que adem\u00e1s de comprometer la salud de quienes en ellas habitan, atentan de manera directa contra su vida.<br \/>\nEs por ello por lo que, en el marco de la conmemoraci\u00f3n de esta fat\u00eddica fecha, las Organizaciones Sociales que convergemos en el Movimiento Urbano Popular de la Ciudad de M\u00e9xico, buscamos hacer visible el riesgo<img decoding=\"async\" class=\"size-medium wp-image-390545 alignright\" src=\"https:\/\/dimensionturistica.com\/es\/wp-content\/uploads\/2022\/09\/seguridad1-300x225.jpg\" alt=\"\" width=\"300\" height=\"225\" srcset=\"https:\/\/dimensionturistica.com\/es\/wp-content\/uploads\/2022\/09\/seguridad1-300x225.jpg 300w, https:\/\/dimensionturistica.com\/es\/wp-content\/uploads\/2022\/09\/seguridad1.jpg 450w\" sizes=\"(max-width: 300px) 100vw, 300px\" \/> latente en el que por d\u00e9cadas han venido habitando cientos de familias capitalinas y la imperativa necesidad de incrementar los presupuestos anuales para financiamiento de vivienda nueva, por los que nos pronunciamos de manera energ\u00e9tica para:<br \/>\n\u2022 Instrumentaci\u00f3n y aplicaci\u00f3n de un plan emergente de atenci\u00f3n a las viviendas catalogadas de alto riesgo.<br \/>\n\u2022 Incremento al presupuesto anual para la construcci\u00f3n de vivienda nueva<br \/>\n\u2022 Atenci\u00f3n y desahogo de la agenda de Predios para expropiaci\u00f3n.\u201d<br \/>\nEstuvieron presentes: Octavio Reyna Meneses, Antonio Paniagua, Esther Flores, Margarita Navarrete, Teresita Sol\u00eds Sagrador, Diana Judith Barrios, Viky Hern\u00e1ndez y Andrea Garc\u00eda.<\/p>\n<p>&nbsp;<\/p>\n","protected":false},"excerpt":{"rendered":"<p>Organizaciones Sociales integrantes del Movimiento Urbano Popular de la Ciudad de M\u00e9xico, se pronunciaron a favor de la Instrumentaci\u00f3n y aplicaci\u00f3n de un plan emergente de atenci\u00f3n a las viviendas catalogadas de alto riesgo; incremento al presupuesto anual para la construcci\u00f3n de vivienda nueva y atenci\u00f3n y desahogo de la agenda de predios para expropiaci\u00f3n. [&hellip;]<\/p>\n","protected":false},"author":1,"featured_media":390546,"comment_status":"open","ping_status":"closed","sticky":false,"template":"","format":"standard","meta":{"om_disable_all_campaigns":false,"jnews-multi-image_gallery":[],"jnews_single_post":{"source_name":"","source_url":"","via_name":"","via_url":"","override_template":"0","override":[{"template":"1","single_blog_custom":"","parallax":"1","fullscreen":"1","layout":"right-sidebar","sidebar":"default-sidebar","second_sidebar":"default-sidebar","sticky_sidebar":"1","share_position":"top","share_float_style":"share-monocrhome","show_share_counter":"1","show_view_counter":"1","show_featured":"1","show_post_meta":"1","show_post_author":"1","show_post_author_image":"1","show_post_date":"1","post_date_format":"default","post_date_format_custom":"Y\/m\/d","show_post_category":"1","show_post_reading_time":"0","post_reading_time_wpm":"300","show_zoom_button":"0","zoom_button_out_step":"2","zoom_button_in_step":"3","show_post_tag":"1","show_prev_next_post":"1","show_popup_post":"1","number_popup_post":"1","show_author_box":"0","show_post_related":"0","show_inline_post_related":"0"}],"override_image_size":"0","image_override":[{"single_post_thumbnail_size":"crop-500","single_post_gallery_size":"crop-500"}],"trending_post":"0","trending_post_position":"meta","trending_post_label":"Trending","sponsored_post":"0","sponsored_post_label":"Sponsored by","sponsored_post_name":"","sponsored_post_url":"","sponsored_post_logo_enable":"0","sponsored_post_logo":"","sponsored_post_desc":"","disable_ad":"0"},"jnews_primary_category":{"id":""},"jnews_social_meta":{"fb_title":"","fb_description":"","fb_image":"","twitter_title":"","twitter_description":"","twitter_image":""},"footnotes":""},"categories":[40],"tags":[],"class_list":["post-390540","post","type-post","status-publish","format-standard","has-post-thumbnail","hentry","category-industria"],"_links":{"self":[{"href":"https:\/\/dimensionturistica.com\/es\/wp-json\/wp\/v2\/posts\/390540","targetHints":{"allow":["GET"]}}],"collection":[{"href":"https:\/\/dimensionturistica.com\/es\/wp-json\/wp\/v2\/posts"}],"about":[{"href":"https:\/\/dimensionturistica.com\/es\/wp-json\/wp\/v2\/types\/post"}],"author":[{"embeddable":true,"href":"https:\/\/dimensionturistica.com\/es\/wp-json\/wp\/v2\/users\/1"}],"replies":[{"embeddable":true,"href":"https:\/\/dimensionturistica.com\/es\/wp-json\/wp\/v2\/comments?post=390540"}],"version-history":[{"count":0,"href":"https:\/\/dimensionturistica.com\/es\/wp-json\/wp\/v2\/posts\/390540\/revisions"}],"wp:featuredmedia":[{"embeddable":true,"href":"https:\/\/dimensionturistica.com\/es\/wp-json\/wp\/v2\/media\/390546"}],"wp:attachment":[{"href":"https:\/\/dimensionturistica.com\/es\/wp-json\/wp\/v2\/media?parent=390540"}],"wp:term":[{"taxonomy":"category","embeddable":true,"href":"https:\/\/dimensionturistica.com\/es\/wp-json\/wp\/v2\/categories?post=390540"},{"taxonomy":"post_tag","embeddable":true,"href":"https:\/\/dimensionturistica.com\/es\/wp-json\/wp\/v2\/tags?post=390540"}],"curies":[{"name":"wp","href":"https:\/\/api.w.org\/{rel}","templated":true}]}}