{"id":390433,"date":"2022-09-20T16:50:06","date_gmt":"2022-09-20T16:50:06","guid":{"rendered":"https:\/\/dimensionturistica.com\/es\/?p=390433"},"modified":"2022-09-20T16:50:06","modified_gmt":"2022-09-20T16:50:06","slug":"la-brasilena-manu-buffara-nombrada-mejor-cocinera-de-latinoamerica","status":"publish","type":"post","link":"https:\/\/dimensionturistica.com\/es\/la-brasilena-manu-buffara-nombrada-mejor-cocinera-de-latinoamerica\/","title":{"rendered":"La brasile\u00f1a Manu Buffara, nombrada mejor cocinera de Latinoam\u00e9rica"},"content":{"rendered":"<p> <br \/>\n<\/p>\n<div>\n<p data-gtm-element-container=\"modulo-texto-link\" class=\"paragraph\">De periodista a chef activista. Es la curiosa trayectoria de\u00a0Manoella \u2018Manu\u2019 Buffara, quien acaba de ser nombrada mejor cocinera de Latinoam\u00e9rica por The World&#8217;s 50 Greatest Eating places, el influyente rating que cada a\u00f1o designa los mejores restaurantes del mundo.\u00a0<\/p>\n<p data-gtm-element-container=\"modulo-texto-link\" class=\"paragraph\">Procedente de una familia granjera de or\u00edgenes libaneses e italianos, Buffara naci\u00f3 en Maring\u00e1 (Paran\u00e1, Brasil) hace 37 a\u00f1os y ha sido reconocida por la labor que est\u00e1 llevando a cabo en su restaurante Manu, abierto desde 2011 en Curitiba (al sur del pa\u00eds), con el que pronto acapar\u00f3 la atenci\u00f3n mundial tras recibir en 2018 el premio &#8216;On The Watch&#8217; de 50 Greatest.\u00a0<\/p>\n<p><span class=\"content-ad-module  hidden-ad\"><\/p>\n<p><span class=\"content-ad visible-xs roba-container  hidden-ad\"><span class=\"ad-unit roba\"><\/p>\n<p>                <\/span><\/span><span class=\"content-ad visible-md irr-container  hidden-ad\"><span class=\"ad-unit irr\"><\/p>\n<p>                <\/span><\/span><span class=\"content-html\"><span class=\"intext-md hidden-xs hidden-md\" w-constraint=\"\"\/><\/span><\/span><span class=\"content-subtitle \"><\/p>\n<h2 class=\"subtitle\">Defensora de la cocina social<\/h2>\n<p><\/span><\/p>\n<p data-gtm-element-container=\"modulo-texto-link\" class=\"paragraph\">El estilo de cocina de Buffara, que se form\u00f3 en los fogones de <a target=\"_blank\" href=\"https:\/\/www.lavanguardia.com\/comer\/al-dia\/20220704\/8385413\/mejor-restaurante-mundo-noma-perdidas-economicas.html\" rel=\"noopener\">Noma <\/a>(en Copenhague) bajo el mando de Ren\u00e9 Redzepi tras abandonar el periodismo, defiende el concepto <i>farm to desk<\/i> (de la granja a la mesa) de una manera diferente a lo routine: ella lo hace a trav\u00e9s de huertos sociales que ha impulsado en diferentes zonas de Curitiba para tener un impacto tambi\u00e9n en la comunidad, ya que una de las m\u00e1ximas de esta cocinera es tratar de cambiar la vida de quienes le rodean.\u00a0<\/p>\n<p data-gtm-element-container=\"modulo-texto-link\" class=\"paragraph\">Adem\u00e1s, su trabajo est\u00e1 centrado en descubrir al comensal la biodiversidad brasile\u00f1a, por lo que Buffara casi siempre emplea ingredientes nativos para sus recetas, procedentes de diferentes regiones del pa\u00eds, desde la Amazon\u00eda hasta la mata Atl\u00e1ntica.\u00a0<\/p>\n<figure class=\"composite-image image-container \" data-gtm-element-container=\"button-gallery\"><picture><source media=\"(min-width: 638px)\" data-srcset=\"https:\/\/www.lavanguardia.com\/files\/content_image_desktop_filter\/uploads\/2022\/09\/20\/6329e823bc9d3.jpeg\"><source media=\"(min-width: 480px)\" data-srcset=\"https:\/\/www.lavanguardia.com\/files\/content_image_intermediate_filter\/uploads\/2022\/09\/20\/6329e823bc9d3.jpeg\"><img decoding=\"async\" data-full-src=\"https:\/\/www.lavanguardia.com\/uploads\/2022\/09\/20\/6329e823bc9d3.jpeg\" alt=\"La sala del restaurante Manu en Curitiba (Brasil)\" src=\"https:\/\/www.lavanguardia.com\/files\/content_image_mobile_filter\/uploads\/2022\/09\/20\/6329e823bc9d3.jpeg\" class=\"lazy\"\/><\/source><\/source><\/picture><figcaption class=\"figure-caption\">\n<p class=\"caption-title \">La sala del restaurante Manu en Curitiba, Brasil\u00a0<\/p>\n<p>                    <span class=\"caption-author \">CLV<\/span><\/p>\n<\/figcaption><\/figure>\n<p data-gtm-element-container=\"modulo-texto-link\" class=\"paragraph\">En 2020, la chef tambi\u00e9n cre\u00f3 el Instituto Manu Buffara para organizar mejor sus iniciativas sociales y recaudar m\u00e1s fondos. El instituto ahora act\u00faa como un paraguas para cuatro proyectos diferentes, incluyendo <i>Mulheres do Bem<\/i>\u00a0(Buenas Mujeres), una pink de cooks, periodistas y productoras de alimentos dedicadas a cocinar alimentos saludables para las personas sin hogar de la ciudad, y <i>Alimenta Curitiba<\/i>, un evento anual que distribuye alimentos y ayuda con la educaci\u00f3n y la inclusi\u00f3n social en las \u00e1reas m\u00e1s desfavorecidas de la ciudad.<\/p>\n<p><span class=\"content-ad-module  hidden-ad\"><\/p>\n<p><span class=\"content-ad visible-xs irr-container  hidden-ad\"><span class=\"ad-unit irr\"><\/p>\n<p>                <\/span><\/span><span class=\"content-html\"><span class=\"intext-xs hidden-xs hidden-md\" w-constraint=\"\"\/><\/span><\/span><\/p>\n<p data-gtm-element-container=\"modulo-texto-link\" class=\"paragraph\">&#8220;Que se reconozca no solo mi comida, sino tambi\u00e9n mi filosof\u00eda es un honor que me enorgullece compartir con mi familia y todo el equipo de Manu. Esto es solo el comienzo para nosotros y pretendemos utilizar esta plataforma, y el poder de las voces femeninas, para elevar a Curitiba al escenario mundial y mostrar de primera mano c\u00f3mo el compromiso de la comunidad en torno a los alimentos puede conducir a una mejor calidad de vida para todos&#8221;, ha explicado Buffara tras conocer que el galard\u00f3n iba a parar a sus manos.\u00a0<\/p>\n<p><span class=\"content-related content-border content-related-default \" data-gtm-element-container=\"modulo-noticias-relacionadas\"><\/p>\n<p>    <span class=\"module-details\"><br \/>\n        <span class=\"module-supra-title\"><\/p>\n<p>        <span>Lee tambi\u00e9n<\/span><\/span><\/p>\n<p>    <span class=\"module-author \">Yaiza Saiz<\/span><\/span><\/p>\n<figure class=\"image-container\"><picture><source media=\"(min-width: 480px)\" data-srcset=\"https:\/\/www.lavanguardia.com\/files\/image_80_83\/uploads\/2022\/05\/17\/62837ff51ac10.jpeg\"><img decoding=\"async\" data-full-src=\"https:\/\/www.lavanguardia.com\/uploads\/2022\/05\/17\/62837ff51ac10.jpeg\" alt=\"La cocinera Leo Espinosa\" src=\"https:\/\/www.lavanguardia.com\/files\/image_104_108\/uploads\/2022\/05\/17\/62837ff51ac10.jpeg\" class=\"lazy\"\/><\/source><\/picture><\/figure>\n<p><\/span><\/p>\n<p data-gtm-element-container=\"modulo-texto-link\" class=\"paragraph\">El pr\u00f3ximo 15 de noviembre The World&#8217;s 50 Greatest Eating places desvelar\u00e1 cu\u00e1les son los 50 mejores establecimientos de Latinoam\u00e9rica en un gala que se celebrar\u00e1 en M\u00e9rida (M\u00e9xico).\u00a0<\/p>\n<p><span class=\"content-ad-module  hidden-ad\"><\/p>\n<p><span class=\"content-ad visible-xs roba-container  hidden-ad\"><span class=\"ad-unit roba\"><\/p>\n<p>                <\/span><\/span><\/span>\n<\/div>\n<p><script type=\"script\/gg\">\n  gg.didomi.doWhenConsent(!window.didomiBypass, 'c:facebooka-frU9M5JY', function () {\n  !function(f,b,e,v,n,t,s)\n  {if(f.fbq)return;n=f.fbq=function()\n  {n.callMethod? n.callMethod.apply(n,arguments):n.queue.push(arguments)};\n  if(!f._fbq)f._fbq=n;n.push=n;n.loaded=!0;n.version='2.0';\n  n.queue=[];t=b.createElement(e);t.async=!0;\n  t.src=v;s=b.getElementsByTagName(e)[0];\n  s.parentNode.insertBefore(t,s)}(window, document,'script',\n  'https:\/\/connect.facebook.net\/en_US\/fbevents.js');\n  fbq('init', '316167066837274');\n  fbq('track', 'PageView');\n  });\n<\/script><br \/>\n<br \/><\/p>\n<p><em> \u2018 The preceding article may include information circulated by third parties \u2019 <\/em><\/p>\n<p><em> \u2018 Some details of this article were extracted from the following source www.lavanguardia.com \u2019 <\/em><\/p>\n","protected":false},"excerpt":{"rendered":"<p>De periodista a chef activista. Es la curiosa trayectoria de\u00a0Manoella \u2018Manu\u2019 Buffara, quien acaba de ser nombrada mejor cocinera de Latinoam\u00e9rica por The World&#8217;s 50 Greatest Eating places, el influyente rating que cada a\u00f1o designa los mejores restaurantes del mundo.\u00a0 Procedente de una familia granjera de or\u00edgenes libaneses e italianos, Buffara naci\u00f3 en Maring\u00e1 (Paran\u00e1, [&hellip;]<\/p>\n","protected":false},"author":2,"featured_media":390434,"comment_status":"open","ping_status":"closed","sticky":false,"template":"","format":"standard","meta":{"om_disable_all_campaigns":false,"jnews-multi-image_gallery":[],"jnews_single_post":[],"jnews_primary_category":[],"jnews_social_meta":[],"footnotes":""},"categories":[43],"tags":[],"class_list":["post-390433","post","type-post","status-publish","format-standard","has-post-thumbnail","hentry","category-gourmet"],"_links":{"self":[{"href":"https:\/\/dimensionturistica.com\/es\/wp-json\/wp\/v2\/posts\/390433","targetHints":{"allow":["GET"]}}],"collection":[{"href":"https:\/\/dimensionturistica.com\/es\/wp-json\/wp\/v2\/posts"}],"about":[{"href":"https:\/\/dimensionturistica.com\/es\/wp-json\/wp\/v2\/types\/post"}],"author":[{"embeddable":true,"href":"https:\/\/dimensionturistica.com\/es\/wp-json\/wp\/v2\/users\/2"}],"replies":[{"embeddable":true,"href":"https:\/\/dimensionturistica.com\/es\/wp-json\/wp\/v2\/comments?post=390433"}],"version-history":[{"count":0,"href":"https:\/\/dimensionturistica.com\/es\/wp-json\/wp\/v2\/posts\/390433\/revisions"}],"wp:featuredmedia":[{"embeddable":true,"href":"https:\/\/dimensionturistica.com\/es\/wp-json\/wp\/v2\/media\/390434"}],"wp:attachment":[{"href":"https:\/\/dimensionturistica.com\/es\/wp-json\/wp\/v2\/media?parent=390433"}],"wp:term":[{"taxonomy":"category","embeddable":true,"href":"https:\/\/dimensionturistica.com\/es\/wp-json\/wp\/v2\/categories?post=390433"},{"taxonomy":"post_tag","embeddable":true,"href":"https:\/\/dimensionturistica.com\/es\/wp-json\/wp\/v2\/tags?post=390433"}],"curies":[{"name":"wp","href":"https:\/\/api.w.org\/{rel}","templated":true}]}}