{"id":390419,"date":"2022-09-20T16:49:17","date_gmt":"2022-09-20T16:49:17","guid":{"rendered":"https:\/\/dimensionturistica.com\/es\/?p=390419"},"modified":"2022-09-20T16:49:17","modified_gmt":"2022-09-20T16:49:17","slug":"fovissste-y-stunam-inauguran-feria-de-la-vivienda-se-lleva-a-cabo-del-19-al-23-de-septiembre-en-las-instalaciones-de-las-comisiones-mixtas-del-stunam-ciudad-universitaria","status":"publish","type":"post","link":"https:\/\/dimensionturistica.com\/es\/fovissste-y-stunam-inauguran-feria-de-la-vivienda-se-lleva-a-cabo-del-19-al-23-de-septiembre-en-las-instalaciones-de-las-comisiones-mixtas-del-stunam-ciudad-universitaria\/","title":{"rendered":"Fovissste y STUNAM inauguran Feria de la Vivienda Se lleva a cabo del 19 al 23 de septiembre en las instalaciones de las Comisiones Mixtas del STUNAM, Ciudad Universitaria"},"content":{"rendered":"<p><img decoding=\"async\" class=\"size-medium wp-image-390425 alignright\" src=\"https:\/\/dimensionturistica.com\/es\/wp-content\/uploads\/2022\/09\/FERIA-DE-LA-VIVIENDA-FOVISSSTE-STUNAM_DM-2-300x200.jpg\" alt=\"\" width=\"300\" height=\"200\" srcset=\"https:\/\/dimensionturistica.com\/es\/wp-content\/uploads\/2022\/09\/FERIA-DE-LA-VIVIENDA-FOVISSSTE-STUNAM_DM-2-300x200.jpg 300w, https:\/\/dimensionturistica.com\/es\/wp-content\/uploads\/2022\/09\/FERIA-DE-LA-VIVIENDA-FOVISSSTE-STUNAM_DM-2-1024x683.jpg 1024w, https:\/\/dimensionturistica.com\/es\/wp-content\/uploads\/2022\/09\/FERIA-DE-LA-VIVIENDA-FOVISSSTE-STUNAM_DM-2-768x512.jpg 768w, https:\/\/dimensionturistica.com\/es\/wp-content\/uploads\/2022\/09\/FERIA-DE-LA-VIVIENDA-FOVISSSTE-STUNAM_DM-2-1536x1024.jpg 1536w, https:\/\/dimensionturistica.com\/es\/wp-content\/uploads\/2022\/09\/FERIA-DE-LA-VIVIENDA-FOVISSSTE-STUNAM_DM-2-2048x1365.jpg 2048w, https:\/\/dimensionturistica.com\/es\/wp-content\/uploads\/2022\/09\/FERIA-DE-LA-VIVIENDA-FOVISSSTE-STUNAM_DM-2-750x500.jpg 750w, https:\/\/dimensionturistica.com\/es\/wp-content\/uploads\/2022\/09\/FERIA-DE-LA-VIVIENDA-FOVISSSTE-STUNAM_DM-2-1140x760.jpg 1140w\" sizes=\"(max-width: 300px) 100vw, 300px\" \/>A partir de hoy y hasta el viernes 23 de septiembre las personas afiliadas al Sindicato de Trabajadores de la Universidad Nacional Aut\u00f3noma de M\u00e9xico (STUNAM), acreditados y derechohabientes en general podr\u00e1n acudir a la Feria de la Vivienda que el Fondo de la Vivienda del Instituto de Seguridad y Servicios Sociales de los Trabajadores el Estados (Fovissste) lleva a cabo en las instalaciones de las Comisiones Mixtas del gremio en Ciudad Universitaria.<br \/>\nLos asistentes a la feria recibir\u00e1n asesor\u00eda personalizada para la originaci\u00f3n de su cr\u00e9dito en los diversos esquemas para la compra de vivienda nueva y usada, y tambi\u00e9n ase sor\u00eda para quienes ya cuentan con un pr\u00e9stamo hipotecario del Fovissste.<br \/>\nAl encabezar el acto inaugural, el vocal ejecutivo, C\u00e9sar Buenrostro Moreno, destac\u00f3 la necesidad de colocar a los trabajadores, derechohabientes y acreditados, al centro de las operaciones del Fovissste. Por ello, desde hace casi nueve meses se trabaja en la modificaci\u00f3n y actualizaci\u00f3n de los servicios crediticios que dio como<img decoding=\"async\" class=\"size-medium wp-image-390424 alignright\" src=\"https:\/\/dimensionturistica.com\/es\/wp-content\/uploads\/2022\/09\/FERIA-DE-LA-VIVIENDA-FOVISSSTE-STUNAM_DM-1-300x200.jpg\" alt=\"\" width=\"300\" height=\"200\" srcset=\"https:\/\/dimensionturistica.com\/es\/wp-content\/uploads\/2022\/09\/FERIA-DE-LA-VIVIENDA-FOVISSSTE-STUNAM_DM-1-300x200.jpg 300w, https:\/\/dimensionturistica.com\/es\/wp-content\/uploads\/2022\/09\/FERIA-DE-LA-VIVIENDA-FOVISSSTE-STUNAM_DM-1-1024x683.jpg 1024w, https:\/\/dimensionturistica.com\/es\/wp-content\/uploads\/2022\/09\/FERIA-DE-LA-VIVIENDA-FOVISSSTE-STUNAM_DM-1-768x512.jpg 768w, https:\/\/dimensionturistica.com\/es\/wp-content\/uploads\/2022\/09\/FERIA-DE-LA-VIVIENDA-FOVISSSTE-STUNAM_DM-1-1536x1024.jpg 1536w, https:\/\/dimensionturistica.com\/es\/wp-content\/uploads\/2022\/09\/FERIA-DE-LA-VIVIENDA-FOVISSSTE-STUNAM_DM-1-2048x1365.jpg 2048w, https:\/\/dimensionturistica.com\/es\/wp-content\/uploads\/2022\/09\/FERIA-DE-LA-VIVIENDA-FOVISSSTE-STUNAM_DM-1-750x500.jpg 750w, https:\/\/dimensionturistica.com\/es\/wp-content\/uploads\/2022\/09\/FERIA-DE-LA-VIVIENDA-FOVISSSTE-STUNAM_DM-1-1140x760.jpg 1140w\" sizes=\"(max-width: 300px) 100vw, 300px\" \/> resultado uno de los logros m\u00e1s importantes para el pr\u00f3ximo a\u00f1o, que ser\u00e1 la puesta en marcha de la inscripci\u00f3n continua y otras acciones que beneficiar\u00e1n a las personas acreditadas.<br \/>\n\u201cHoy estamos aqu\u00ed con ustedes, principalmente, para ofrecer opciones crediticias, pero tambi\u00e9n est\u00e1 con nosotros nuestra \u00e1rea de finanzas, de la Subdirecci\u00f3n de Atenci\u00f3n a Acreditados, de la Subdirecci\u00f3n Jur\u00eddica, para que se puedan acercar a nuestro m\u00f3dulo y ah\u00ed van a encontrar las diferentes \u00e1reas que los pueden atender, apoyar o aclarar alguna<br \/>\nduda.\u201d<br \/>\nAcompa\u00f1ado por el secretario general del STUNAM, Carlos Hugo Morales Morales, el vocal ejecutivo de Fovissste detall\u00f3 que durante las pr\u00f3ximas semanas iniciar\u00e1 un programa piloto para la liberaci\u00f3n de cinco mil<img decoding=\"async\" class=\"size-medium wp-image-390428 alignright\" src=\"https:\/\/dimensionturistica.com\/es\/wp-content\/uploads\/2022\/09\/FERIA-DE-LA-VIVIENDA-FOVISSSTE-STUNAM_DM-4-300x200.jpg\" alt=\"\" width=\"300\" height=\"200\" srcset=\"https:\/\/dimensionturistica.com\/es\/wp-content\/uploads\/2022\/09\/FERIA-DE-LA-VIVIENDA-FOVISSSTE-STUNAM_DM-4-300x200.jpg 300w, https:\/\/dimensionturistica.com\/es\/wp-content\/uploads\/2022\/09\/FERIA-DE-LA-VIVIENDA-FOVISSSTE-STUNAM_DM-4-1024x683.jpg 1024w, https:\/\/dimensionturistica.com\/es\/wp-content\/uploads\/2022\/09\/FERIA-DE-LA-VIVIENDA-FOVISSSTE-STUNAM_DM-4-768x512.jpg 768w, https:\/\/dimensionturistica.com\/es\/wp-content\/uploads\/2022\/09\/FERIA-DE-LA-VIVIENDA-FOVISSSTE-STUNAM_DM-4-1536x1024.jpg 1536w, https:\/\/dimensionturistica.com\/es\/wp-content\/uploads\/2022\/09\/FERIA-DE-LA-VIVIENDA-FOVISSSTE-STUNAM_DM-4-2048x1365.jpg 2048w, https:\/\/dimensionturistica.com\/es\/wp-content\/uploads\/2022\/09\/FERIA-DE-LA-VIVIENDA-FOVISSSTE-STUNAM_DM-4-750x500.jpg 750w, https:\/\/dimensionturistica.com\/es\/wp-content\/uploads\/2022\/09\/FERIA-DE-LA-VIVIENDA-FOVISSSTE-STUNAM_DM-4-1140x760.jpg 1140w\" sizes=\"(max-width: 300px) 100vw, 300px\" \/> cr\u00e9ditos en pesos, 10 mil en un siguiente bloque y cinco mil m\u00e1s para 2024, y se prev\u00e9 la reestructura de cr\u00e9ditos otorgados en UMA a pesos<br \/>\n\u201cde acuerdo con la capacidad de pago real de cada trabajador\u201d.<br \/>\nLa secretaria de Fomento a la Vivienda del STUNAM, Mary Carmen Larralde Hurtado, resalt\u00f3 la importancia de tener un hogar y de que existan dependencias como Fovissste que coadyuvan con los trabajadores a cumplir con esta meta, \u201cy que <img decoding=\"async\" class=\"size-medium wp-image-390427 alignleft\" src=\"https:\/\/dimensionturistica.com\/es\/wp-content\/uploads\/2022\/09\/FERIA-DE-LA-VIVIENDA-FOVISSSTE-STUNAM_DM-6-300x200.jpg\" alt=\"\" width=\"300\" height=\"200\" srcset=\"https:\/\/dimensionturistica.com\/es\/wp-content\/uploads\/2022\/09\/FERIA-DE-LA-VIVIENDA-FOVISSSTE-STUNAM_DM-6-300x200.jpg 300w, https:\/\/dimensionturistica.com\/es\/wp-content\/uploads\/2022\/09\/FERIA-DE-LA-VIVIENDA-FOVISSSTE-STUNAM_DM-6-1024x683.jpg 1024w, https:\/\/dimensionturistica.com\/es\/wp-content\/uploads\/2022\/09\/FERIA-DE-LA-VIVIENDA-FOVISSSTE-STUNAM_DM-6-768x512.jpg 768w, https:\/\/dimensionturistica.com\/es\/wp-content\/uploads\/2022\/09\/FERIA-DE-LA-VIVIENDA-FOVISSSTE-STUNAM_DM-6-1536x1024.jpg 1536w, https:\/\/dimensionturistica.com\/es\/wp-content\/uploads\/2022\/09\/FERIA-DE-LA-VIVIENDA-FOVISSSTE-STUNAM_DM-6-2048x1365.jpg 2048w, https:\/\/dimensionturistica.com\/es\/wp-content\/uploads\/2022\/09\/FERIA-DE-LA-VIVIENDA-FOVISSSTE-STUNAM_DM-6-750x500.jpg 750w, https:\/\/dimensionturistica.com\/es\/wp-content\/uploads\/2022\/09\/FERIA-DE-LA-VIVIENDA-FOVISSSTE-STUNAM_DM-6-1140x760.jpg 1140w\" sizes=\"(max-width: 300px) 100vw, 300px\" \/>la compra de un inmueble no sea un camino sinuoso, sino que sea la adquisici\u00f3n de una vivienda, el sue\u00f1o de la casa propia que termina materializ\u00e1ndose\u201d.<br \/>\nDurante la semana de actividades estar\u00e1n presentes varios desarrolladores certificados, as\u00ed como el M\u00f3dulo de Atenci\u00f3n Integral del Fovissste para brindar informaci\u00f3n respecto a estados de cuenta, liquidaci\u00f3n y otros tr\u00e1mites, tanto para quienes ya ejercen un cr\u00e9dito como para quienes planean iniciarlo.<br \/>\nPara m\u00e1s informaci\u00f3n, los derechohabientes pueden llamar al 800 368 4783, ingresar a la p\u00e1gina gob.mx\/fovissste o seguir las redes sociales de Facebook: FovisssteMX, Twitter: @FOVISSSTEmx, Instagram: FovisssteMX, y Youtube: FOVISSSTE.<\/p>\n","protected":false},"excerpt":{"rendered":"<p>A partir de hoy y hasta el viernes 23 de septiembre las personas afiliadas al Sindicato de Trabajadores de la Universidad Nacional Aut\u00f3noma de M\u00e9xico (STUNAM), acreditados y derechohabientes en general podr\u00e1n acudir a la Feria de la Vivienda que el Fondo de la Vivienda del Instituto de Seguridad y Servicios Sociales de los Trabajadores [&hellip;]<\/p>\n","protected":false},"author":1,"featured_media":390426,"comment_status":"open","ping_status":"closed","sticky":false,"template":"","format":"standard","meta":{"om_disable_all_campaigns":false,"jnews-multi-image_gallery":[],"jnews_single_post":{"source_name":"","source_url":"","via_name":"","via_url":"","override_template":"0","override":[{"template":"1","single_blog_custom":"","parallax":"1","fullscreen":"1","layout":"right-sidebar","sidebar":"default-sidebar","second_sidebar":"default-sidebar","sticky_sidebar":"1","share_position":"top","share_float_style":"share-monocrhome","show_share_counter":"1","show_view_counter":"1","show_featured":"1","show_post_meta":"1","show_post_author":"1","show_post_author_image":"1","show_post_date":"1","post_date_format":"default","post_date_format_custom":"Y\/m\/d","show_post_category":"1","show_post_reading_time":"0","post_reading_time_wpm":"300","show_zoom_button":"0","zoom_button_out_step":"2","zoom_button_in_step":"3","show_post_tag":"1","show_prev_next_post":"1","show_popup_post":"1","number_popup_post":"1","show_author_box":"0","show_post_related":"0","show_inline_post_related":"0"}],"override_image_size":"0","image_override":[{"single_post_thumbnail_size":"crop-500","single_post_gallery_size":"crop-500"}],"trending_post":"0","trending_post_position":"meta","trending_post_label":"Trending","sponsored_post":"0","sponsored_post_label":"Sponsored by","sponsored_post_name":"","sponsored_post_url":"","sponsored_post_logo_enable":"0","sponsored_post_logo":"","sponsored_post_desc":"","disable_ad":"0"},"jnews_primary_category":{"id":""},"jnews_social_meta":{"fb_title":"","fb_description":"","fb_image":"","twitter_title":"","twitter_description":"","twitter_image":""},"footnotes":""},"categories":[40],"tags":[],"class_list":["post-390419","post","type-post","status-publish","format-standard","has-post-thumbnail","hentry","category-industria"],"_links":{"self":[{"href":"https:\/\/dimensionturistica.com\/es\/wp-json\/wp\/v2\/posts\/390419","targetHints":{"allow":["GET"]}}],"collection":[{"href":"https:\/\/dimensionturistica.com\/es\/wp-json\/wp\/v2\/posts"}],"about":[{"href":"https:\/\/dimensionturistica.com\/es\/wp-json\/wp\/v2\/types\/post"}],"author":[{"embeddable":true,"href":"https:\/\/dimensionturistica.com\/es\/wp-json\/wp\/v2\/users\/1"}],"replies":[{"embeddable":true,"href":"https:\/\/dimensionturistica.com\/es\/wp-json\/wp\/v2\/comments?post=390419"}],"version-history":[{"count":0,"href":"https:\/\/dimensionturistica.com\/es\/wp-json\/wp\/v2\/posts\/390419\/revisions"}],"wp:featuredmedia":[{"embeddable":true,"href":"https:\/\/dimensionturistica.com\/es\/wp-json\/wp\/v2\/media\/390426"}],"wp:attachment":[{"href":"https:\/\/dimensionturistica.com\/es\/wp-json\/wp\/v2\/media?parent=390419"}],"wp:term":[{"taxonomy":"category","embeddable":true,"href":"https:\/\/dimensionturistica.com\/es\/wp-json\/wp\/v2\/categories?post=390419"},{"taxonomy":"post_tag","embeddable":true,"href":"https:\/\/dimensionturistica.com\/es\/wp-json\/wp\/v2\/tags?post=390419"}],"curies":[{"name":"wp","href":"https:\/\/api.w.org\/{rel}","templated":true}]}}