{"id":390407,"date":"2022-09-20T16:17:41","date_gmt":"2022-09-20T16:17:41","guid":{"rendered":"https:\/\/dimensionturistica.com\/es\/?p=390407"},"modified":"2022-09-20T16:17:42","modified_gmt":"2022-09-20T16:17:42","slug":"gala-de-entrega-en-bilbao-el-19-de-junio","status":"publish","type":"post","link":"https:\/\/dimensionturistica.com\/es\/gala-de-entrega-en-bilbao-el-19-de-junio\/","title":{"rendered":"Gala de entrega en Bilbao el 19 de junio"},"content":{"rendered":"<p> <br \/>\n<\/p>\n<div id=\"\">\n<header>\n<p class=\"iniciativa\">Sociedad<\/p>\n<p class=\"antetitulo\">World&#8217;s 50 Finest Eating places<\/p>\n<p class=\"autor\">AGENCIAS | REDACCI\u00d3N<\/p>\n<div class=\"texto_data\">\n            <time class=\"texto_data__act modified\" datestime=\"2018-03-21T20:55:57+01:00\"><br \/>\n            <span class=\"texto_data__info\">\u00daltima actualizaci\u00f3n:<\/span><br \/>\n                            <span class=\"texto_data__fecha\">21\/03\/2018<\/span><br \/>\n                        <span class=\"texto_data__hora\">20:55<abbr title=\"Coordinated Universal Time\"> (UTC+1)<\/abbr><\/span><br \/>\n        <\/time>\n    <\/div>\n<p class=\"entradilla\">Los \u00d3scar del mundo de la alta gastronom\u00eda se entregar\u00e1n en el Palacio Euskalduna. El programa de eventos ser\u00e1 de cinco d\u00edas, del 16 al 20 de junio.<\/p>\n<div id=\"player_ocultar_5478988\">\n<div class=\"video_noticia_2_col rs_preserve\">\n<p>        <span ocultar=\"bai\" class=\"duracion_video\">1:40<\/span><\/p>\n<div id=\"imgPlayer1663221362\" class=\"imgPlayerVue\" data-id=\"1663221362\" data-width=\"610\" data-height=\"342\" data-autostart=\"\" data-fecha_aux=\"\" data-key_modulo=\"video_noticia_2_col\" data-ocultarsocial=\"1\" data-estado=\"\" data-expandible=\"\" data-prefunc=\"\" data-postfunc=\"\">\n                                    <img decoding=\"async\" loading=\"lazy\" class=\"thumb\" src=\"https:\/\/images11.eitb.eus\/multimedia\/images\/2018\/03\/21\/2265129\/20180321221205_gala-gastronomia_foto610x342.jpg\" alt=\"\" title=\"\"\/><br \/>\n                                <img decoding=\"async\" loading=\"lazy\" style=\"position: absolute;top: 0;left: 0\" class=\"play t2col\" src=\"https:\/\/images14.eitb.eus\/multimedia\/recursos\/generales\/play_gris_grupohome.png\"\/>\n        <\/div><\/div>\n<\/div>\n<\/header>\n<p>\n        Euskaraz irakurri: <a target=\"_blank\" href=\"https:\/\/www.eitb.eus\/eu\/albisteak\/gizartea\/osoa\/5478702\/bilbok-ekainaren-19an-hartuko-du-munduko-50-jatetxe-onenak-iragartzeko-gala\/\" rel=\"noopener\">Bilbok ekainaren 19an hartuko du munduko 50 jatetxe onenak iragartzeko gala<\/a>\n    <\/p>\n<p>La gala de entrega de los premios <a target=\"_blank\" href=\"https:\/\/www.theworlds50best.com\/\" rel=\"noopener\"><strong>The World&#8217;s 50 Best Restaurants<\/strong><\/a>, que reconoce anualmente a los 50 mejores restaurantes del mundo, se celebrar\u00e1 el 19 de junio en <strong>Bilbao<\/strong>.<\/p>\n<p>As\u00ed lo ha dado a conocer hoy en un comunicado la Diputaci\u00f3n de Bizkaia, instituci\u00f3n que colabora con la organizaci\u00f3n de este evento gastron\u00f3mico que re\u00fane cada a\u00f1o en una ciudad del mundo a los mejores restauradores y cocineros del planeta.<\/p>\n<p>La organizaci\u00f3n de estos premios, considerados el equivalente a los \u00d3scar en el mundo de la alta gastronom\u00eda, ha adelantado tambi\u00e9n que e<strong>l evento tendr\u00e1 cinco d\u00edas de duraci\u00f3n, del 16 al 20 de junio<\/strong>, en los que participar\u00e1n cooks, restauradores, sumilleres, medios de comunicaci\u00f3n y l\u00edderes de opini\u00f3n del \u00e1mbito de la gastronom\u00eda mundial.<\/p>\n<p>El acto central, la gala en la que se anuncia la lista de los 50 mejores restaurantes del mundo, se celebrar\u00e1 el 19 de junio en el Palacio Euskalduna e <strong>incluir\u00e1 una recepci\u00f3n con alfombra roja y una fiesta de celebraci\u00f3n<\/strong> posterior a la entrega de premios en el campo de f\u00fatbol de San Mam\u00e9s.<\/p>\n<p>La ceremonia ser\u00e1 el colof\u00f3n de un programa oficial de eventos que comenzar\u00e1 el 17 de junio en el Basque Culinary Heart de Donostia-San Sebasti\u00e1n, lugar escogido para celebrar los &#8220;<strong>#50BestTalks<\/strong>&#8220;, una serie de conferencias sobre novedades y tendencias culinarias que contar\u00e1 con la participaci\u00f3n de algunos de los m\u00e1s destacados cocineros del panorama internacional.<\/p>\n<blockquote class=\"twitter-tweet\" data-lang=\"es\">\n<p lang=\"en\" dir=\"ltr\">Save the date: the 2018 version of The World\u2019s 50 Finest Eating places will likely be revealed at a ceremony in Bilbao, Spain, on Tuesday nineteenth June, with a collection of gastronomic occasions to have a good time. <a target=\"_blank\" href=\"https:\/\/twitter.com\/hashtag\/Worlds50Best?src=hash&amp;ref_src=twsrc%5Etfw\" rel=\"noopener\">#Worlds50Best<\/a> <a target=\"_blank\" href=\"https:\/\/twitter.com\/bilbaoturismo?ref_src=twsrc%5Etfw\" rel=\"noopener\">@BilbaoTurismo<\/a> <a target=\"_blank\" href=\"https:\/\/twitter.com\/Bizkaia?ref_src=twsrc%5Etfw\" rel=\"noopener\">@Bizkaia<\/a> <a target=\"_blank\" href=\"https:\/\/t.co\/qk7t5qjiyv\" rel=\"noopener\">https:\/\/t.co\/qk7t5qjiyv<\/a> <a target=\"_blank\" href=\"https:\/\/t.co\/fRUGwnYN95\" rel=\"noopener\">pic.twitter.com\/fRUGwnYN95<\/a><\/p>\n<p>\u2014 The World&#8217;s 50 Finest (@TheWorlds50Best) <a target=\"_blank\" href=\"https:\/\/twitter.com\/TheWorlds50Best\/status\/976459190221885441?ref_src=twsrc%5Etfw\" rel=\"noopener\">21 de marzo de 2018<\/a><\/p><\/blockquote>\n<p>El 18 de junio, los asistentes al evento se trasladar\u00e1n al Museo Guggenheim Bilbao con un acto especialmente dise\u00f1ado para esta edici\u00f3n que conjugar\u00e1 arte y gastronom\u00eda.<\/p>\n<p>Ese mismo d\u00eda, por la noche, tendr\u00e1 lugar &#8220;The Chef&#8217;s Feast&#8221;, la reuni\u00f3n privada anual de los mejores cocineros del mundo en una cena que este a\u00f1o les juntar\u00e1 en el tradicional asador vizca\u00edno Etxebarri, de V\u00edctor Arguinzoniz, ubicado en el rural e id\u00edlico valle de Atxondo, y que en 2017 logr\u00f3 el sexto puesto en dicha lista.<\/p>\n<p>William Drew, editor del grupo editorial brit\u00e1nico que elabora la lista, ha destacado en un comunicado difundido por la instituci\u00f3n foral vizca\u00edna, que en 2018 los premios vuelvan a Europa y lo hagan a Bilbao, considerado, &#8220;uno de los grandes destinos gastron\u00f3micos del mundo&#8221;.<\/p>\n<p>Por su parte, el diputado basic de Bizkaia, Unai Rementeria, por su parte, ha garantizado que esta edici\u00f3n ser\u00e1 &#8220;\u00fanica e inolvidable&#8221;. &#8220;Garantizamos a todos los visitantes que van a sentirse como en casa entre nosotros. Somos un territorio peque\u00f1o en el que adem\u00e1s de placer, la gastronom\u00eda es cultura&#8221;, ha aseverado.<\/p>\n<\/div>\n<p><script async src=\"\/\/platform.twitter.com\/widgets.js\" charset=\"utf-8\"><\/script><script>(function(d, s, id) {\nvar js, fjs = d.getElementsByTagName(s)[0];\nif (d.getElementById(id)) return;\njs = d.createElement(s); js.id = id;\njs.src = \"\/\/connect.facebook.net\/es_ES\/sdk.js#xfbml=1&version=v2.8\";\nfjs.parentNode.insertBefore(js, fjs);\n}(document, 'script', 'facebook-jssdk'));\n<\/script><br \/>\n<br \/><\/p>\n<p><em> \u2018 The preceding article may include information circulated by third parties \u2019 <\/em><\/p>\n<p><em> \u2018 Some details of this article were extracted from the following source www.eitb.eus \u2019 <\/em><\/p>\n","protected":false},"excerpt":{"rendered":"<p>Sociedad World&#8217;s 50 Finest Eating places AGENCIAS | REDACCI\u00d3N \u00daltima actualizaci\u00f3n: 21\/03\/2018 20:55 (UTC+1) Los \u00d3scar del mundo de la alta gastronom\u00eda se entregar\u00e1n en el Palacio Euskalduna. El programa de eventos ser\u00e1 de cinco d\u00edas, del 16 al 20 de junio. 1:40 Euskaraz irakurri: Bilbok ekainaren 19an hartuko du munduko 50 jatetxe onenak iragartzeko [&hellip;]<\/p>\n","protected":false},"author":2,"featured_media":390408,"comment_status":"open","ping_status":"closed","sticky":false,"template":"","format":"standard","meta":{"om_disable_all_campaigns":false,"jnews-multi-image_gallery":[],"jnews_single_post":[],"jnews_primary_category":[],"jnews_social_meta":[],"footnotes":""},"categories":[43],"tags":[],"class_list":["post-390407","post","type-post","status-publish","format-standard","has-post-thumbnail","hentry","category-gourmet"],"_links":{"self":[{"href":"https:\/\/dimensionturistica.com\/es\/wp-json\/wp\/v2\/posts\/390407","targetHints":{"allow":["GET"]}}],"collection":[{"href":"https:\/\/dimensionturistica.com\/es\/wp-json\/wp\/v2\/posts"}],"about":[{"href":"https:\/\/dimensionturistica.com\/es\/wp-json\/wp\/v2\/types\/post"}],"author":[{"embeddable":true,"href":"https:\/\/dimensionturistica.com\/es\/wp-json\/wp\/v2\/users\/2"}],"replies":[{"embeddable":true,"href":"https:\/\/dimensionturistica.com\/es\/wp-json\/wp\/v2\/comments?post=390407"}],"version-history":[{"count":0,"href":"https:\/\/dimensionturistica.com\/es\/wp-json\/wp\/v2\/posts\/390407\/revisions"}],"wp:featuredmedia":[{"embeddable":true,"href":"https:\/\/dimensionturistica.com\/es\/wp-json\/wp\/v2\/media\/390408"}],"wp:attachment":[{"href":"https:\/\/dimensionturistica.com\/es\/wp-json\/wp\/v2\/media?parent=390407"}],"wp:term":[{"taxonomy":"category","embeddable":true,"href":"https:\/\/dimensionturistica.com\/es\/wp-json\/wp\/v2\/categories?post=390407"},{"taxonomy":"post_tag","embeddable":true,"href":"https:\/\/dimensionturistica.com\/es\/wp-json\/wp\/v2\/tags?post=390407"}],"curies":[{"name":"wp","href":"https:\/\/api.w.org\/{rel}","templated":true}]}}