{"id":390303,"date":"2022-09-20T13:10:47","date_gmt":"2022-09-20T13:10:47","guid":{"rendered":"https:\/\/dimensionturistica.com\/es\/?p=390303"},"modified":"2022-09-20T13:10:47","modified_gmt":"2022-09-20T13:10:47","slug":"dia-sin-coches-cuando-es-un-dia-de-viajes-gratis-en-metro-y-emt-en-valencia","status":"publish","type":"post","link":"https:\/\/dimensionturistica.com\/es\/dia-sin-coches-cuando-es-un-dia-de-viajes-gratis-en-metro-y-emt-en-valencia\/","title":{"rendered":"D\u00eda sin coches: cu\u00e1ndo es | Un d\u00eda de viajes gratis en metro y EMT en Valencia"},"content":{"rendered":"<p> <br \/>\n<\/p>\n<div>\n<article class=\"voc-article voc-article--detail voc-article--detail--base voc-article--photo-bottom\"><!-- IMAGE --><\/p>\n<div class=\"voc-img-container  \"><picture>\n<div class=\"voc-horizontal voc-img-icon-link\"><img decoding=\"async\" src=\"https:\/\/static.lasprovincias.es\/www\/multimedia\/202209\/20\/media\/cortadas\/coches-klyE-U180115183235U0B-624x385@Las%20Provincias.JPG\" title=\"\" alt=\"Autobuses de la EMT en Valencia. \/IV\u00c1N ARLANDIS\" onload=\"performance.mark('fmp');\"\/><noscript><img decoding=\"async\" src=\"https:\/\/static.lasprovincias.es\/www\/multimedia\/202209\/20\/media\/cortadas\/coches-klyE-U180115183235U0B-624x385@Las%20Provincias.JPG\" alt=\"Autobuses de la EMT en Valencia. \"\/><\/noscript><\/div>\n<\/picture>\n<p class=\"figure-caption\"><span class=\"voc-photo-caption\">Autobuses de la EMT en Valencia.  \/ <\/span><span class=\"voc-photo-author\">IV\u00c1N ARLANDIS<\/span><\/p>\n<\/div>\n<p><!-- INFO CONTAINER --><\/p>\n<p><h2 class=\"voc-sub-title\">El jueves 22 de septiembre se celebra el D\u00eda Europeo Sin Coches<\/h2>\n<\/p>\n<\/article>\n<\/div>\n<div data-voc-share-selection=\"\"><!-- AUTHOR --><\/p>\n<div class=\"voc-author-timesocial \"><!-- AUTHOR --><\/p>\n<div class=\"voc-author-timesocial__signature\"><!-- INFO AUTHOR --><\/p>\n<div class=\"voc-author-timesocial__info\">\n<div class=\"voc-author-info\"><author><a rel=\"nofollow noopener\" target=\"_blank\" title=\"REDACCI\u00d3N\" class=\"voc-author\">REDACCI\u00d3N <\/a><span class=\"voc-special\">VALENCIA <\/span><\/author><time datetime=\"2022-09-20T09:40:35Z\"><br \/>\n                                                                    Martes, 20 septiembre 2022, 11:40<br \/>\n                                    <\/time><\/div>\n<\/div>\n<\/div>\n<\/div>\n<p><!-- COMPONENTS --><\/p>\n<p class=\"voc-paragraph\">El pr\u00f3ximo<br \/>\n<strong>22 de septiembre<\/strong> y con motivo del<br \/>\n<strong>D\u00eda Europeo sin Coche<\/strong> Metrovalencia y EMTValencia ofrecer\u00e1n<br \/>\n<strong>servicio gratuito<\/strong>. De esta manera, el jueves las personas usuarias podr\u00e1n desplazarse gratuitamente en todos los autobuses de la Empresa Municipal de Transportes (<br \/>\n<strong>EMT<\/strong>) desde las 03:00h. de la madrugada del d\u00eda 22 hasta las 03:00h de la madrugada del d\u00eda 23.\n<\/p>\n<p class=\"voc-paragraph\">En el caso de Ferrocarrils de la Generalitat Valenciana (FGV), el jueves 22 de septiembre,<br \/>\n<strong>Metrovalencia<\/strong> prestar\u00e1 servicio gratuito de transporte durante todo el d\u00eda, coincidiendo con el D\u00eda Europeo Sin Coche.\n<\/p>\n<p class=\"voc-paragraph\">Para facilitar el acceso a las estaciones subterr\u00e1neas, los pasos de las l\u00edneas de validaci\u00f3n (flaps) estar\u00e1n abiertos. Las m\u00e1quinas validadores quedar\u00e1n fuera de servicio, mientras que las m\u00e1quinas de venta autom\u00e1tica estar\u00e1n activas e indicar\u00e1n la gratuidad del servicio.<br \/>\n<strong>Los viajeros podr\u00e1n adquirir todos los t\u00edtulos, excepto sencillo, e ida y vuelta<\/strong>.\n<\/p>\n<p><!-- TOPICS --><!-- TENDENCIAS --><\/div>\n\n<p><em> &#8221; Fuentes www.lasprovincias.es &#8221; <\/em><\/p>\n","protected":false},"excerpt":{"rendered":"<p>Autobuses de la EMT en Valencia. \/ IV\u00c1N ARLANDIS El jueves 22 de septiembre se celebra el D\u00eda Europeo Sin Coches REDACCI\u00d3N VALENCIA Martes, 20 septiembre 2022, 11:40 El pr\u00f3ximo 22 de septiembre y con motivo del D\u00eda Europeo sin Coche Metrovalencia y EMTValencia ofrecer\u00e1n servicio gratuito. De esta manera, el jueves las personas usuarias [&hellip;]<\/p>\n","protected":false},"author":4,"featured_media":390304,"comment_status":"open","ping_status":"closed","sticky":false,"template":"","format":"standard","meta":{"om_disable_all_campaigns":false,"jnews-multi-image_gallery":[],"jnews_single_post":[],"jnews_primary_category":[],"jnews_social_meta":[],"footnotes":""},"categories":[39],"tags":[1886,7907,2769,545],"class_list":["post-390303","post","type-post","status-publish","format-standard","has-post-thumbnail","hentry","category-viajes","tag-gratis","tag-metro","tag-valencia","tag-viajes"],"_links":{"self":[{"href":"https:\/\/dimensionturistica.com\/es\/wp-json\/wp\/v2\/posts\/390303","targetHints":{"allow":["GET"]}}],"collection":[{"href":"https:\/\/dimensionturistica.com\/es\/wp-json\/wp\/v2\/posts"}],"about":[{"href":"https:\/\/dimensionturistica.com\/es\/wp-json\/wp\/v2\/types\/post"}],"author":[{"embeddable":true,"href":"https:\/\/dimensionturistica.com\/es\/wp-json\/wp\/v2\/users\/4"}],"replies":[{"embeddable":true,"href":"https:\/\/dimensionturistica.com\/es\/wp-json\/wp\/v2\/comments?post=390303"}],"version-history":[{"count":0,"href":"https:\/\/dimensionturistica.com\/es\/wp-json\/wp\/v2\/posts\/390303\/revisions"}],"wp:featuredmedia":[{"embeddable":true,"href":"https:\/\/dimensionturistica.com\/es\/wp-json\/wp\/v2\/media\/390304"}],"wp:attachment":[{"href":"https:\/\/dimensionturistica.com\/es\/wp-json\/wp\/v2\/media?parent=390303"}],"wp:term":[{"taxonomy":"category","embeddable":true,"href":"https:\/\/dimensionturistica.com\/es\/wp-json\/wp\/v2\/categories?post=390303"},{"taxonomy":"post_tag","embeddable":true,"href":"https:\/\/dimensionturistica.com\/es\/wp-json\/wp\/v2\/tags?post=390303"}],"curies":[{"name":"wp","href":"https:\/\/api.w.org\/{rel}","templated":true}]}}