{"id":390279,"date":"2022-09-20T11:53:12","date_gmt":"2022-09-20T11:53:12","guid":{"rendered":"https:\/\/dimensionturistica.com\/es\/?p=390279"},"modified":"2022-09-20T11:53:12","modified_gmt":"2022-09-20T11:53:12","slug":"el-hotel-arrecife-gran-hotel-spa-se-convierte-en-uno-de-los-destinos-emblematicos-de-la-isla-de-lanzarote","status":"publish","type":"post","link":"https:\/\/dimensionturistica.com\/es\/el-hotel-arrecife-gran-hotel-spa-se-convierte-en-uno-de-los-destinos-emblematicos-de-la-isla-de-lanzarote\/","title":{"rendered":"El Hotel Arrecife Gran Hotel &#038; Spa se convierte en uno de los destinos emblem\u00e1ticos de la isla de Lanzarote"},"content":{"rendered":"<p> <br \/>\n<\/p>\n<div>\n<p class=\"p_1\">Lanzarote se ha convertido en la isla por excelencia para seguir disfrutando del verano fuera de temporada.<\/p>\n<p class=\"p_2\">El <b><a rel=\"nofollow noopener\" target=\"_blank\" href=\"https:\/\/www.aghotelspa.com\/\">Arrecife Gran Hotel &amp; Spa <\/a><\/b>es uno de los hoteles m\u00e1s emblem\u00e1ticos en el que el verano no tiene fin. Una experiencia con servicios y actividades que lo convierten en un destino imprescindible. Cuenta con Suites de dise\u00f1o con vistas a toda la isla, y su privilegiada ubicaci\u00f3n y alta gastronom\u00eda se a\u00fanan para crear el escenario perfecto del que ya han disfrutado celebridades como Mario Casas, Marta Lozano o Teresa Andr\u00e9s, entre otros.<\/p>\n<p class=\"p_3\">Adem\u00e1s se integra en las actividades m\u00e1s populares de la isla para conocer su esencia de primera mano. Descubrir las mejores playas navegando en velero. Padel Surf o una excursi\u00f3n en Kayak para disfrutar del entorno m\u00e1s pure y tranquilo.<\/p>\n<p class=\"p_4\">Tambi\u00e9n, hay excursiones como un paseo en camello por el Timanfaya, una copa de vino en los Jameos del Agua, o rodear la playa del Papagayo con un barco privado.<\/p>\n<p class=\"p_5\">La visita a Lanzarote se puede completar con sus tres restaurantes y su la experiencia Wellness. Desconexi\u00f3n asegurada entre sus aguas termales del Spa y la amplia variedad de tratamientos vinculados a la relajaci\u00f3n, la belleza y al bienestar corporal.<\/p>\n<p class=\"p_6\">Dise\u00f1a tu experiencia a medida con El Arrecife Gran Lodge &amp; Spa.<\/p>\n<\/p><\/div>\n\n<p><em> &#8221; Fuentes www.maspalomasahora.com &#8221; <\/em><\/p>\n","protected":false},"excerpt":{"rendered":"<p>Lanzarote se ha convertido en la isla por excelencia para seguir disfrutando del verano fuera de temporada. El Arrecife Gran Hotel &amp; Spa es uno de los hoteles m\u00e1s emblem\u00e1ticos en el que el verano no tiene fin. Una experiencia con servicios y actividades que lo convierten en un destino imprescindible. Cuenta con Suites de [&hellip;]<\/p>\n","protected":false},"author":4,"featured_media":390280,"comment_status":"open","ping_status":"closed","sticky":false,"template":"","format":"standard","meta":{"om_disable_all_campaigns":false,"jnews-multi-image_gallery":[],"jnews_single_post":[],"jnews_primary_category":[],"jnews_social_meta":[],"footnotes":""},"categories":[39],"tags":[11968],"class_list":["post-390279","post","type-post","status-publish","format-standard","has-post-thumbnail","hentry","category-viajes","tag-lanzarote"],"_links":{"self":[{"href":"https:\/\/dimensionturistica.com\/es\/wp-json\/wp\/v2\/posts\/390279","targetHints":{"allow":["GET"]}}],"collection":[{"href":"https:\/\/dimensionturistica.com\/es\/wp-json\/wp\/v2\/posts"}],"about":[{"href":"https:\/\/dimensionturistica.com\/es\/wp-json\/wp\/v2\/types\/post"}],"author":[{"embeddable":true,"href":"https:\/\/dimensionturistica.com\/es\/wp-json\/wp\/v2\/users\/4"}],"replies":[{"embeddable":true,"href":"https:\/\/dimensionturistica.com\/es\/wp-json\/wp\/v2\/comments?post=390279"}],"version-history":[{"count":0,"href":"https:\/\/dimensionturistica.com\/es\/wp-json\/wp\/v2\/posts\/390279\/revisions"}],"wp:featuredmedia":[{"embeddable":true,"href":"https:\/\/dimensionturistica.com\/es\/wp-json\/wp\/v2\/media\/390280"}],"wp:attachment":[{"href":"https:\/\/dimensionturistica.com\/es\/wp-json\/wp\/v2\/media?parent=390279"}],"wp:term":[{"taxonomy":"category","embeddable":true,"href":"https:\/\/dimensionturistica.com\/es\/wp-json\/wp\/v2\/categories?post=390279"},{"taxonomy":"post_tag","embeddable":true,"href":"https:\/\/dimensionturistica.com\/es\/wp-json\/wp\/v2\/tags?post=390279"}],"curies":[{"name":"wp","href":"https:\/\/api.w.org\/{rel}","templated":true}]}}